{"id":3216,"date":"2021-01-07T13:52:51","date_gmt":"2021-01-07T13:52:51","guid":{"rendered":"http:\/\/esreviral.com\/?p=3216"},"modified":"2021-01-07T13:52:51","modified_gmt":"2021-01-07T13:52:51","slug":"mataron-a-un-policia-cuando-esperaba-el-colectivo-para-ir-a-trabajar","status":"publish","type":"post","link":"https:\/\/esreviral.com\/?p=3216","title":{"rendered":"Mataron a un polic\u00eda cuando esperaba el colectivo para ir a trabajar (+VIDEO)"},"content":{"rendered":"\n<p><strong><em>CIS.-<\/em><\/strong> Dos tiros: uno en el cuello y otro en el abdomen, fueron los que recibi\u00f3 <strong>Marino Nicol\u00e1s Romero,<\/strong> de 27 a\u00f1os de edad, quien fue asesinado en <strong>\u00a0en el cruce de las calles Oliveri y Da Vinci<\/strong>, Laferrere, la madrugada de este jueves cuando esperaba el colectivo que lo trasladar\u00eda hasta su trabajo y fue abordado por dos delincuentes quienes quisieron robarlo y lo ultimaron. <\/p>\n\n\n\n<figure class=\"wp-block-embed-twitter wp-block-embed is-type-rich is-provider-twitter\"><div class=\"wp-block-embed__wrapper\">\n<blockquote class=\"twitter-tweet\" data-width=\"500\" data-dnt=\"true\"><p lang=\"es\" dir=\"ltr\"><a href=\"https:\/\/twitter.com\/hashtag\/7ene?src=hash&amp;ref_src=twsrc%5Etfw\">#7ene<\/a> As\u00ed fue c\u00f3mo asesinaron a un polic\u00eda en Laferrere. Se trata del primer funcionario ultimado en el a\u00f1o. En 2020 hubo 22 polic\u00edas asesinados <a href=\"https:\/\/t.co\/SUzuSFmUpW\">pic.twitter.com\/SUzuSFmUpW<\/a><\/p>&mdash; ES RE VIRAL (@esreviral) <a href=\"https:\/\/twitter.com\/esreviral\/status\/1347183633476558855?ref_src=twsrc%5Etfw\">January 7, 2021<\/a><\/blockquote><script async src=\"https:\/\/platform.twitter.com\/widgets.js\" charset=\"utf-8\"><\/script>\n<\/div><\/figure>\n\n\n\n<p>En la escena del crimen se contabilizaron 14 vainas, una de ellas impact\u00f3 a uno de los delincuentes puesto que el funcionario, respondi\u00f3 con su arma reglamentaria y logr\u00f3 ultimar a uno de ellos, el otro se dio a la fuga.<\/p>\n\n\n\n<p>Seg\u00fan testigos versiones oficiales, el polic\u00eda de la ciudad, que estaba vestido con el uniforme para ir a la Villa 31 a su puesto de trabajo, fue abordado por los dos sujetos, quienes le pidieron \u00ablo que cargaba en la cintura\u00bb; era su arma reglamentaria, cuando se percataron, inici\u00f3 el tiroteo.<\/p>\n\n\n\n<figure class=\"wp-block-pullquote\"><blockquote><p><strong><span style=\"background-color:#9a1b22\" class=\"td_text_highlight_marker\">22 <\/span><\/strong><\/p><cite> Polic\u00edas fueron asesinados en 2020 en Argentina<\/cite><\/blockquote><\/figure>\n\n\n\n<p><\/p>\n\n\n\n<p>Romero, quien deja un hijo hu\u00e9rfano, de cuatro a\u00f1os de edad, qued\u00f3 herido al momento del suceso y fue trasladado al hospital Evita, donde falleci\u00f3 minutos despu\u00e9s de su ingreso. El antisocial, muri\u00f3 en el lugar. <\/p>\n\n\n\n<figure class=\"wp-block-image size-large\"><img decoding=\"async\" src=\"https:\/\/pbs.twimg.com\/media\/ErIHQlLXcAUFOYD?format=jpg&amp;name=large\" alt=\"\"\/><\/figure>\n\n\n\n<p>Se trata del primer asesinato a un funcionario policial en lo que va de a\u00f1o, luego de que en 2020 hubo 22 homicidios a polic\u00edas ultimados, incluso hace unas semanas, en la misma localidad de Laferrere, asesinaron a <a rel=\"noreferrer noopener\" href=\"https:\/\/tn.com.ar\/policiales\/2020\/12\/04\/tres-detenidos-por-el-crimen-del-policia-bonaerense-en-laferrere\/\" target=\"_blank\">al efectivo de la Unidad de Polic\u00eda de Prevenci\u00f3n Local (UPPL) de San Justo&nbsp;<\/a>Carlos Alberto Andino, frente a su casa<\/p>\n\n\n\n<figure class=\"wp-block-pullquote\"><blockquote><p><strong><span style=\"background-color:#9a1b22\" class=\"td_text_highlight_marker\">23<\/span><\/strong><\/p><cite>Funcionarios policiales ultimados en 2019 en todo el pa\u00eds<\/cite><\/blockquote><\/figure>\n\n\n\n<figure class=\"wp-block-image size-large\"><img decoding=\"async\" src=\"http:\/\/esreviral.com\/wp-content\/uploads\/2021\/01\/poli2.jpeg\" alt=\"\" class=\"wp-image-3217\"\/><\/figure>\n","protected":false},"excerpt":{"rendered":"<p>Dos tiros recibi\u00f3 el primer polic\u00eda ultimado en el a\u00f1o. En la escena del crimen tambi\u00e9n falleci\u00f3 uno de los delincuentes, el otro se dio a la fuga<\/p>\n","protected":false},"author":2,"featured_media":3218,"comment_status":"open","ping_status":"open","sticky":false,"template":"","format":"standard","meta":{"jnews-multi-image_gallery":[],"jnews_single_post":[],"jnews_primary_category":[],"jnews_social_meta":[],"jnews_review":[],"enable_review":"","type":"","name":"","summary":"","brand":"","sku":"","good":[],"bad":[],"score_override":"","override_value":"","rating":[],"price":[],"jnews_override_counter":[],"jnews_post_split":[],"footnotes":""},"categories":[64],"tags":[282,481,45,78],"class_list":["post-3216","post","type-post","status-publish","format-standard","has-post-thumbnail","hentry","category-sucesos","tag-homicidio","tag-laferrere","tag-noticias","tag-policia"],"amp_enabled":true,"_links":{"self":[{"href":"https:\/\/esreviral.com\/index.php?rest_route=\/wp\/v2\/posts\/3216"}],"collection":[{"href":"https:\/\/esreviral.com\/index.php?rest_route=\/wp\/v2\/posts"}],"about":[{"href":"https:\/\/esreviral.com\/index.php?rest_route=\/wp\/v2\/types\/post"}],"author":[{"embeddable":true,"href":"https:\/\/esreviral.com\/index.php?rest_route=\/wp\/v2\/users\/2"}],"replies":[{"embeddable":true,"href":"https:\/\/esreviral.com\/index.php?rest_route=%2Fwp%2Fv2%2Fcomments&post=3216"}],"version-history":[{"count":0,"href":"https:\/\/esreviral.com\/index.php?rest_route=\/wp\/v2\/posts\/3216\/revisions"}],"wp:featuredmedia":[{"embeddable":true,"href":"https:\/\/esreviral.com\/index.php?rest_route=\/"}],"wp:attachment":[{"href":"https:\/\/esreviral.com\/index.php?rest_route=%2Fwp%2Fv2%2Fmedia&parent=3216"}],"wp:term":[{"taxonomy":"category","embeddable":true,"href":"https:\/\/esreviral.com\/index.php?rest_route=%2Fwp%2Fv2%2Fcategories&post=3216"},{"taxonomy":"post_tag","embeddable":true,"href":"https:\/\/esreviral.com\/index.php?rest_route=%2Fwp%2Fv2%2Ftags&post=3216"}],"curies":[{"name":"wp","href":"https:\/\/api.w.org\/{rel}","templated":true}]}}