{"id":32150,"date":"2023-02-28T16:47:59","date_gmt":"2023-02-28T21:47:59","guid":{"rendered":"https:\/\/esreviral.com\/?p=32150"},"modified":"2023-02-28T16:47:59","modified_gmt":"2023-02-28T21:47:59","slug":"a-partir-del-1ero-de-marzo-una-estacion-del-subte-permanecera-cerrada-mira-cual-sera","status":"publish","type":"post","link":"https:\/\/esreviral.com\/?p=32150","title":{"rendered":"A partir del 1ero de marzo una estaci\u00f3n del subte permanecer\u00e1 cerrada, mira cu\u00e1l ser\u00e1"},"content":{"rendered":"\n<p>A trav\u00e9s de las redes sociales, la empresas de subterr\u00e1neo de Buenos Aires, informaron que desde este mi\u00e9rcoles, primero de marzo, la estaci\u00f3n San Mart\u00edn del la l\u00ednea C permanecer\u00e1 cerrada para mejoras.<\/p>\n\n\n\n<p><strong>\u00abComo parte del Plan Integral de Renovaci\u00f3n de Estaciones, vamos a estar realizando trabajos para mejorar la circulaci\u00f3n y la infraestructura existente, para que viajes con mayor seguridad y comodidad\u00bb<\/strong>, en el comunicado no indicaron hasta cu\u00e1ndo ser\u00eda. <\/p>\n\n\n\n<p>\u00abEst\u00e1 bien que cierren y que avisen pero obviamente que nos afecta a quienes usamos diariamente esta estaci\u00f3n, ahora tendremos que ir hasta Retiro\u00bb, coment\u00f3 una usuaria. <\/p>\n\n\n\n<p>\u00abMientras sea para el mejor servicio de nosotros mismos es bien\u00bb, dijo Hern\u00e1n, un joven usuario del sistema de transporte que fue consultado. <\/p>\n\n\n\n<figure class=\"wp-block-embed is-type-rich is-provider-twitter wp-block-embed-twitter\"><div class=\"wp-block-embed__wrapper\">\n<blockquote class=\"twitter-tweet\" data-width=\"500\" data-dnt=\"true\"><p lang=\"es\" dir=\"ltr\">\ud83d\udd35\ud83d\udea7 \u00a1Ma\u00f1ana empiezan las obras en la estaci\u00f3n Gral. San Mart\u00edn de la <a href=\"https:\/\/twitter.com\/hashtag\/L%C3%ADneaC?src=hash&amp;ref_src=twsrc%5Etfw\">#L\u00edneaC<\/a>!<br><br>Como parte del Plan Integral de Renovaci\u00f3n de Estaciones, vamos a estar realizando trabajos para mejorar la circulaci\u00f3n y la infraestructura existente, para que viajes con mayor seguridad y comodidad. <a href=\"https:\/\/t.co\/LQJXuK9EXE\">pic.twitter.com\/LQJXuK9EXE<\/a><\/p>&mdash; BA Subte (@basubte) <a href=\"https:\/\/twitter.com\/basubte\/status\/1630660266206670848?ref_src=twsrc%5Etfw\">February 28, 2023<\/a><\/blockquote><script async src=\"https:\/\/platform.twitter.com\/widgets.js\" charset=\"utf-8\"><\/script>\n<\/div><\/figure>\n","protected":false},"excerpt":{"rendered":"<p>A trav\u00e9s de las redes sociales, la empresas de subterr\u00e1neo de Buenos Aires, informaron que desde este mi\u00e9rcoles, primero de marzo, la estaci\u00f3n San Mart\u00edn del la l\u00ednea C permanecer\u00e1 cerrada para mejoras. \u00abComo parte del Plan Integral de Renovaci\u00f3n de Estaciones, vamos a estar realizando trabajos para mejorar la circulaci\u00f3n y la infraestructura existente, [&hellip;]<\/p>\n","protected":false},"author":2,"featured_media":32033,"comment_status":"open","ping_status":"closed","sticky":false,"template":"","format":"standard","meta":{"jnews-multi-image_gallery":[],"jnews_single_post":{"subtitle":"","format":"standard","video":"","gallery":"","source_name":"","source_url":"","via_name":"","via_url":"","override_template":"0","override":[{"template":"4","single_blog_custom":"","parallax":"1","fullscreen":"1","layout":"right-sidebar","sidebar":"default-sidebar","second_sidebar":"default-sidebar","sticky_sidebar":"1","share_position":"top","share_float_style":"share-monocrhome","show_share_counter":"1","show_view_counter":"1","show_featured":"1","show_post_meta":"1","show_post_author":"1","show_post_author_image":"1","show_post_date":"1","post_date_format":"default","post_date_format_custom":"Y\/m\/d","show_post_category":"1","show_post_reading_time":"1","post_reading_time_wpm":"300","show_zoom_button":"1","zoom_button_out_step":"2","zoom_button_in_step":"3","show_post_tag":"1","show_prev_next_post":"1","show_popup_post":"1","number_popup_post":"1","show_author_box":"1","show_post_related":"1","show_inline_post_related":"0"}],"override_image_size":"0","image_override":[{"single_post_thumbnail_size":"crop-500","single_post_gallery_size":"crop-500"}],"trending_post":"0","trending_post_position":"meta","trending_post_label":"Trending","sponsored_post":"0","sponsored_post_label":"Sponsored by","sponsored_post_name":"","sponsored_post_url":"","sponsored_post_logo_enable":"0","sponsored_post_logo":"","sponsored_post_desc":"","disable_ad":"0"},"jnews_primary_category":{"id":"","hide":""},"jnews_social_meta":{"fb_title":"","fb_description":"","fb_image":"","twitter_title":"","twitter_description":"","twitter_image":""},"jnews_review":[],"enable_review":"0","type":"percentage","name":"","summary":"","brand":"","sku":"","good":[{"good_text":""}],"bad":[{"bad_text":""}],"score_override":"","override_value":"","rating":[{"rating_text":"","rating_number":"10"}],"price":[{"shop":"","price":"","link":"","icon":""}],"jnews_override_counter":{"override_view_counter":"0","view_counter_number":"0","override_share_counter":"0","share_counter_number":"0","override_like_counter":"0","like_counter_number":"0","override_dislike_counter":"0","dislike_counter_number":"0"},"jnews_post_split":{"enable_post_split":"0","post_split":[{"template":"1","tag":"h2","numbering":"asc","mode":"normal","first":"0","enable_toc":"0","toc_type":"normal"}]},"footnotes":""},"categories":[58],"tags":[7548,3482,290],"class_list":["post-32150","post","type-post","status-publish","format-standard","has-post-thumbnail","hentry","category-argentina","tag-linea-c-2","tag-san-martin","tag-subte"],"amp_enabled":true,"_links":{"self":[{"href":"https:\/\/esreviral.com\/index.php?rest_route=\/wp\/v2\/posts\/32150"}],"collection":[{"href":"https:\/\/esreviral.com\/index.php?rest_route=\/wp\/v2\/posts"}],"about":[{"href":"https:\/\/esreviral.com\/index.php?rest_route=\/wp\/v2\/types\/post"}],"author":[{"embeddable":true,"href":"https:\/\/esreviral.com\/index.php?rest_route=\/wp\/v2\/users\/2"}],"replies":[{"embeddable":true,"href":"https:\/\/esreviral.com\/index.php?rest_route=%2Fwp%2Fv2%2Fcomments&post=32150"}],"version-history":[{"count":0,"href":"https:\/\/esreviral.com\/index.php?rest_route=\/wp\/v2\/posts\/32150\/revisions"}],"wp:featuredmedia":[{"embeddable":true,"href":"https:\/\/esreviral.com\/index.php?rest_route=\/wp\/v2\/media\/32033"}],"wp:attachment":[{"href":"https:\/\/esreviral.com\/index.php?rest_route=%2Fwp%2Fv2%2Fmedia&parent=32150"}],"wp:term":[{"taxonomy":"category","embeddable":true,"href":"https:\/\/esreviral.com\/index.php?rest_route=%2Fwp%2Fv2%2Fcategories&post=32150"},{"taxonomy":"post_tag","embeddable":true,"href":"https:\/\/esreviral.com\/index.php?rest_route=%2Fwp%2Fv2%2Ftags&post=32150"}],"curies":[{"name":"wp","href":"https:\/\/api.w.org\/{rel}","templated":true}]}}