{"id":32123,"date":"2023-02-28T10:08:20","date_gmt":"2023-02-28T15:08:20","guid":{"rendered":"https:\/\/esreviral.com\/?p=32123"},"modified":"2023-02-28T10:08:21","modified_gmt":"2023-02-28T15:08:21","slug":"caso-gemelas-argentinas-en-espana-el-gobierno-de-cataluna-pidio-disculpas-y-admitio-que-el-sistema-fracaso","status":"publish","type":"post","link":"https:\/\/esreviral.com\/?p=32123","title":{"rendered":"Caso gemelas argentinas en Espa\u00f1a: El gobierno de Catalu\u00f1a pidi\u00f3 disculpas y admiti\u00f3 que el sistema \u00abfracas\u00f3\u00bb"},"content":{"rendered":"\n<p>\u00abEs obvio e incuestionable que&nbsp;<strong>algo ha fallado<\/strong>\u00ab, sostuvo este martes la portavoz del gobierno de Catalu\u00f1a, Patricia Plaja, al referirse al caso de las gemelas argentinas que saltaron desde un balc\u00f3n tras ser v\u00edctimas de acoso escolar. Una de ellas muri\u00f3 y otra sigue internada.<\/p>\n\n\n\n<p>La vocera pidi\u00f3 disculpas en nombre del gobierno regional, habl\u00f3 de un&nbsp;<strong>\u00abfracaso del sistema\u00bb<\/strong>&nbsp;y se comprometi\u00f3 a llegar \u00abhasta el final\u00bb para esclarecer qu\u00e9 pas\u00f3 y qu\u00e9 mecanismos de prevenci\u00f3n no funcionaron.<\/p>\n\n\n\n<p>\u201c<strong>Pido disculpas<\/strong>\u00a0en nombre de todo el Govern, porque el suicidio de un menor de edad es un\u00a0<strong>fracaso del sistema<\/strong>. Es obvio e incuestionable que algo ha fallado si estamos en este punto\u201d, sostuvo en conferencia de prensa.<\/p>\n\n\n\n<figure class=\"wp-block-image size-full\"><img fetchpriority=\"high\" decoding=\"async\" width=\"720\" height=\"395\" src=\"https:\/\/esreviral.com\/wp-content\/uploads\/2023\/02\/AnyConv.com__AnyConv.com__86-baC5aO_720x0__1.webp\" alt=\"\" class=\"wp-image-32124\" srcset=\"https:\/\/esreviral.com\/wp-content\/uploads\/2023\/02\/AnyConv.com__AnyConv.com__86-baC5aO_720x0__1.webp 720w, https:\/\/esreviral.com\/wp-content\/uploads\/2023\/02\/AnyConv.com__AnyConv.com__86-baC5aO_720x0__1-300x165.webp 300w\" sizes=\"(max-width: 720px) 100vw, 720px\" \/><\/figure>\n\n\n\n<p><\/p>\n\n\n\n<p>Seg\u00fan recoge el medio local Regio 7, la funcionaria subray\u00f3 que hubo \u00abun conjunto de efectos adversos\u00bb que no fueron detectados a tiempo para evitar hechos \u00abtan tr\u00e1gicos\u00bb. \u00abNadie podr\u00e1 reparar el dolor causado a los padres pero es necesario llegar hasta el final, sin fisuras, para saber qu\u00e9 ha pasado\u00bb, reiter\u00f3 y sostuvo que ante la gravedad del caso \u00abes necesaria una respuestas comunitaria\u00bb.<\/p>\n\n\n\n<p><strong><em><mark style=\"background-color:rgba(0, 0, 0, 0)\" class=\"has-inline-color has-vivid-red-color\">Lea Tambi\u00e9n:<\/mark><a href=\"https:\/\/esreviral.com\/unas-gemelas-argentinas-en-espana-se-lanzaron-al-vacio-por-el-acoso-que-sufrian-en-la-escuela\/\" data-type=\"URL\" data-id=\"https:\/\/esreviral.com\/unas-gemelas-argentinas-en-espana-se-lanzaron-al-vacio-por-el-acoso-que-sufrian-en-la-escuela\/\"> Unas gemelas argentinas en Espa\u00f1a se lanzaron al vac\u00edo por el acoso que sufr\u00edan en la escuela<\/a><\/em><\/strong><\/p>\n\n\n\n<p><em>Noticia en desarrollo<\/em><\/p>\n\n\n\n<p class=\"has-text-align-right\"><strong><em>Clarin.-<\/em><\/strong><\/p>\n","protected":false},"excerpt":{"rendered":"<p>La portavoz Patricia Plaja sostuvo es que \u00abincuestionable que algo fall\u00f3\u00bb y se comprometi\u00f3 a esclarecer el hecho.<\/p>\n","protected":false},"author":3,"featured_media":32125,"comment_status":"open","ping_status":"closed","sticky":false,"template":"","format":"standard","meta":{"jnews-multi-image_gallery":[],"jnews_single_post":{"subtitle":"","format":"standard","video":"","gallery":"","source_name":"","source_url":"","via_name":"","via_url":"","override_template":"0","override":[{"template":"4","single_blog_custom":"","parallax":"1","fullscreen":"1","layout":"right-sidebar","sidebar":"default-sidebar","second_sidebar":"default-sidebar","sticky_sidebar":"1","share_position":"top","share_float_style":"share-monocrhome","show_share_counter":"1","show_view_counter":"1","show_featured":"1","show_post_meta":"1","show_post_author":"1","show_post_author_image":"1","show_post_date":"1","post_date_format":"default","post_date_format_custom":"Y\/m\/d","show_post_category":"1","show_post_reading_time":"1","post_reading_time_wpm":"300","show_zoom_button":"1","zoom_button_out_step":"2","zoom_button_in_step":"3","show_post_tag":"1","show_prev_next_post":"1","show_popup_post":"1","number_popup_post":"1","show_author_box":"1","show_post_related":"1","show_inline_post_related":"0"}],"override_image_size":"0","image_override":[{"single_post_thumbnail_size":"crop-500","single_post_gallery_size":"crop-500"}],"trending_post":"0","trending_post_position":"meta","trending_post_label":"Trending","sponsored_post":"0","sponsored_post_label":"Sponsored by","sponsored_post_name":"","sponsored_post_url":"","sponsored_post_logo_enable":"0","sponsored_post_logo":"","sponsored_post_desc":"","disable_ad":"0"},"jnews_primary_category":{"id":"","hide":""},"jnews_social_meta":{"fb_title":"","fb_description":"","fb_image":"","twitter_title":"","twitter_description":"","twitter_image":""},"jnews_review":[],"enable_review":"0","type":"percentage","name":"","summary":"","brand":"","sku":"","good":[{"good_text":""}],"bad":[{"bad_text":""}],"score_override":"","override_value":"","rating":[{"rating_text":"","rating_number":"10"}],"price":[{"shop":"","price":"","link":"","icon":""}],"jnews_override_counter":{"override_view_counter":"0","view_counter_number":"0","override_share_counter":"0","share_counter_number":"0","override_like_counter":"0","like_counter_number":"0","override_dislike_counter":"0","dislike_counter_number":"0"},"jnews_post_split":{"enable_post_split":"0","post_split":[{"template":"1","tag":"h2","numbering":"asc","mode":"normal","first":"0","enable_toc":"0","toc_type":"normal"}]},"footnotes":""},"categories":[88,64],"tags":[103,5473,7421,7420,148,7541,7540,7539,45,7542,551],"class_list":["post-32123","post","type-post","status-publish","format-standard","has-post-thumbnail","hentry","category-internacionales","category-sucesos","tag-barcelona","tag-bullying","tag-bullying-escolar","tag-cataluna","tag-espana","tag-fracaso-del-sistema","tag-gemelas-argentinas","tag-gobierno-de-cataluna","tag-noticias","tag-patricia-plaja","tag-suicidio"],"amp_enabled":true,"_links":{"self":[{"href":"https:\/\/esreviral.com\/index.php?rest_route=\/wp\/v2\/posts\/32123"}],"collection":[{"href":"https:\/\/esreviral.com\/index.php?rest_route=\/wp\/v2\/posts"}],"about":[{"href":"https:\/\/esreviral.com\/index.php?rest_route=\/wp\/v2\/types\/post"}],"author":[{"embeddable":true,"href":"https:\/\/esreviral.com\/index.php?rest_route=\/wp\/v2\/users\/3"}],"replies":[{"embeddable":true,"href":"https:\/\/esreviral.com\/index.php?rest_route=%2Fwp%2Fv2%2Fcomments&post=32123"}],"version-history":[{"count":0,"href":"https:\/\/esreviral.com\/index.php?rest_route=\/wp\/v2\/posts\/32123\/revisions"}],"wp:featuredmedia":[{"embeddable":true,"href":"https:\/\/esreviral.com\/index.php?rest_route=\/wp\/v2\/media\/32125"}],"wp:attachment":[{"href":"https:\/\/esreviral.com\/index.php?rest_route=%2Fwp%2Fv2%2Fmedia&parent=32123"}],"wp:term":[{"taxonomy":"category","embeddable":true,"href":"https:\/\/esreviral.com\/index.php?rest_route=%2Fwp%2Fv2%2Fcategories&post=32123"},{"taxonomy":"post_tag","embeddable":true,"href":"https:\/\/esreviral.com\/index.php?rest_route=%2Fwp%2Fv2%2Ftags&post=32123"}],"curies":[{"name":"wp","href":"https:\/\/api.w.org\/{rel}","templated":true}]}}