{"id":32120,"date":"2023-02-28T09:45:23","date_gmt":"2023-02-28T14:45:23","guid":{"rendered":"https:\/\/esreviral.com\/?p=32120"},"modified":"2023-02-28T16:25:26","modified_gmt":"2023-02-28T21:25:26","slug":"aberrante-caso-de-abuso-sexual-infantil-amarraba-a-su-hija-para-que-la-violaran-tres-veces-al-dia","status":"publish","type":"post","link":"https:\/\/esreviral.com\/?p=32120","title":{"rendered":"Aberrante caso de abuso sexual infantil: amarraba a su hija para que la violaran tres veces al d\u00eda"},"content":{"rendered":"\n<p>Otro escabroso caso de abuso sexual infantil se dio a conocer este lunes 27 de febrero en Medell\u00edn, Colombia.<\/p>\n\n\n\n<p>De acuerdo con la brigadier general Olga Patricia Salazar, Directora de Investigaci\u00f3n Criminal e Interpol DIJIN, una adolescente llevaba a\u00f1os siendo vendida sexualmente por su madre y su padrastro desde que ten\u00eda 8 a\u00f1os de edad.<\/p>\n\n\n\n<p>Tanto la madre como el padrastro de la ni\u00f1a fueron capturados.<\/p>\n\n\n\n<p>\u201cLa adolescente, que hoy tiene 14 a\u00f1os, ven\u00eda siendo accedida carnalmente desde que ten\u00eda 8 a\u00f1os, a los 10 qued\u00f3 embarazada y su mam\u00e1 la oblig\u00f3 a abortar y la sigui\u00f3 ofreciendo para ser violada hasta tres veces al d\u00eda, incluyendo el mismo padrastro\u201d, cont\u00f3 la general Salazar.<\/p>\n\n\n\n<p>La menor era atada en su cama donde le vendaban los ojos y as\u00ed no viera quien la violaba. Adem\u00e1s, la quemaban en las manos para que se dejara acceder carnalmente, agreg\u00f3 la uniformada.<\/p>\n\n\n\n<p>Los hechos ocurrieron entre 2017 y 2021 y la joven logr\u00f3 escapar de su encierro y acudi\u00f3 donde su madrastra, quien inform\u00f3 a las autoridades sobre lo ocurrido.<\/p>\n\n\n\n<p class=\"has-text-align-right\"><strong><em>noticialdia.com.-<\/em><\/strong><\/p>\n","protected":false},"excerpt":{"rendered":"<p>A los diez fue obligada a abortar, seg\u00fan la informaci\u00f3n recopilada por la Polic\u00eda Nacional.<\/p>\n","protected":false},"author":3,"featured_media":32121,"comment_status":"open","ping_status":"closed","sticky":false,"template":"","format":"standard","meta":{"jnews-multi-image_gallery":[],"jnews_single_post":{"subtitle":"","format":"standard","video":"","gallery":"","source_name":"","source_url":"","via_name":"","via_url":"","override_template":"0","override":[{"template":"4","single_blog_custom":"","parallax":"1","fullscreen":"1","layout":"right-sidebar","sidebar":"default-sidebar","second_sidebar":"default-sidebar","sticky_sidebar":"1","share_position":"top","share_float_style":"share-monocrhome","show_share_counter":"1","show_view_counter":"1","show_featured":"1","show_post_meta":"1","show_post_author":"1","show_post_author_image":"1","show_post_date":"1","post_date_format":"default","post_date_format_custom":"Y\/m\/d","show_post_category":"1","show_post_reading_time":"1","post_reading_time_wpm":"300","show_zoom_button":"1","zoom_button_out_step":"2","zoom_button_in_step":"3","show_post_tag":"1","show_prev_next_post":"1","show_popup_post":"1","number_popup_post":"1","show_author_box":"1","show_post_related":"1","show_inline_post_related":"0"}],"override_image_size":"0","image_override":[{"single_post_thumbnail_size":"crop-500","single_post_gallery_size":"crop-500"}],"trending_post":"0","trending_post_position":"meta","trending_post_label":"Trending","sponsored_post":"0","sponsored_post_label":"Sponsored by","sponsored_post_name":"","sponsored_post_url":"","sponsored_post_logo_enable":"0","sponsored_post_logo":"","sponsored_post_desc":"","disable_ad":"0"},"jnews_primary_category":{"id":"","hide":""},"jnews_social_meta":{"fb_title":"","fb_description":"","fb_image":"","twitter_title":"","twitter_description":"","twitter_image":""},"jnews_review":[],"enable_review":"0","type":"percentage","name":"","summary":"","brand":"","sku":"","good":[{"good_text":""}],"bad":[{"bad_text":""}],"score_override":"","override_value":"","rating":[{"rating_text":"","rating_number":"10"}],"price":[{"shop":"","price":"","link":"","icon":""}],"jnews_override_counter":{"override_view_counter":"0","view_counter_number":"0","override_share_counter":"0","share_counter_number":"0","override_like_counter":"0","like_counter_number":"0","override_dislike_counter":"0","dislike_counter_number":"0"},"jnews_post_split":{"enable_post_split":"0","post_split":[{"template":"1","tag":"h2","numbering":"asc","mode":"normal","first":"0","enable_toc":"0","toc_type":"normal"}]},"footnotes":""},"categories":[88,64],"tags":[4089,283,7538,45,3103,522,518],"class_list":["post-32120","post","type-post","status-publish","format-standard","has-post-thumbnail","hentry","category-internacionales","category-sucesos","tag-abuso-sexual-infantil","tag-colombia","tag-medellin","tag-noticias","tag-trata-de-blancas","tag-violacion","tag-violacion-sexual"],"amp_enabled":true,"_links":{"self":[{"href":"https:\/\/esreviral.com\/index.php?rest_route=\/wp\/v2\/posts\/32120"}],"collection":[{"href":"https:\/\/esreviral.com\/index.php?rest_route=\/wp\/v2\/posts"}],"about":[{"href":"https:\/\/esreviral.com\/index.php?rest_route=\/wp\/v2\/types\/post"}],"author":[{"embeddable":true,"href":"https:\/\/esreviral.com\/index.php?rest_route=\/wp\/v2\/users\/3"}],"replies":[{"embeddable":true,"href":"https:\/\/esreviral.com\/index.php?rest_route=%2Fwp%2Fv2%2Fcomments&post=32120"}],"version-history":[{"count":0,"href":"https:\/\/esreviral.com\/index.php?rest_route=\/wp\/v2\/posts\/32120\/revisions"}],"wp:featuredmedia":[{"embeddable":true,"href":"https:\/\/esreviral.com\/index.php?rest_route=\/wp\/v2\/media\/32121"}],"wp:attachment":[{"href":"https:\/\/esreviral.com\/index.php?rest_route=%2Fwp%2Fv2%2Fmedia&parent=32120"}],"wp:term":[{"taxonomy":"category","embeddable":true,"href":"https:\/\/esreviral.com\/index.php?rest_route=%2Fwp%2Fv2%2Fcategories&post=32120"},{"taxonomy":"post_tag","embeddable":true,"href":"https:\/\/esreviral.com\/index.php?rest_route=%2Fwp%2Fv2%2Ftags&post=32120"}],"curies":[{"name":"wp","href":"https:\/\/api.w.org\/{rel}","templated":true}]}}