{"id":32099,"date":"2023-02-28T08:55:00","date_gmt":"2023-02-28T13:55:00","guid":{"rendered":"https:\/\/esreviral.com\/?p=32099"},"modified":"2023-02-28T12:45:12","modified_gmt":"2023-02-28T17:45:12","slug":"la-aerolinea-colombiana-viva-air-suspendio-sus-operaciones-hay-vuelos-a-la-argentina-afectados","status":"publish","type":"post","link":"https:\/\/esreviral.com\/?p=32099","title":{"rendered":"La aerol\u00ednea colombiana Viva Air suspendi\u00f3 sus operaciones: hay vuelos a la Argentina afectados"},"content":{"rendered":"\n<p>La&nbsp;<strong>aerol\u00ednea colombiana Viva&nbsp;Air suspendi\u00f3 sus operaciones este lunes por problemas financieros,&nbsp;<\/strong>seg\u00fan un comunicado de la compa\u00f1\u00eda, y dej\u00f3 a&nbsp;<strong>cientos de pasajeros varados, entre ellos, personas con pasajes para viajar a Buenos Aires.<\/strong><\/p>\n\n\n\n<p>\u201cViva&nbsp;se ve obligada a anunciar, lamentablemente,&nbsp;<strong>la suspensi\u00f3n de sus operaciones con efecto inmediato<\/strong>\u201d, se lee en un mensaje publicado en el sitio web de la aerol\u00ednea, donde&nbsp;<strong>ya no est\u00e1n disponibles los pasajes a sus destinos en Colombia, Argentina, Brasil y Per\u00fa.<\/strong><\/p>\n\n\n\n<figure class=\"wp-block-embed is-type-rich is-provider-twitter wp-block-embed-twitter\"><div class=\"wp-block-embed__wrapper\">\n<blockquote class=\"twitter-tweet\" data-width=\"500\" data-dnt=\"true\"><p lang=\"es\" dir=\"ltr\">Equipo Viva \ud83d\udc9b <a href=\"https:\/\/t.co\/xorbFckoZM\">pic.twitter.com\/xorbFckoZM<\/a><\/p>&mdash; Viva \u00a1Vuela M\u00e1s! (@VivaAirCol) <a href=\"https:\/\/twitter.com\/VivaAirCol\/status\/1630405718787457028?ref_src=twsrc%5Etfw\">February 28, 2023<\/a><\/blockquote><script async src=\"https:\/\/platform.twitter.com\/widgets.js\" charset=\"utf-8\"><\/script>\n<\/div><\/figure>\n\n\n\n<p><\/p>\n\n\n\n<p>El aeropuerto Jos\u00e9 Mar\u00eda Cordova de Rionegro, que sirve a la ciudad de&nbsp;<strong>Medell\u00edn<\/strong>, base de operaciones de&nbsp;Viva&nbsp;Air, anunci\u00f3 en Twitter la cancelaci\u00f3n de seis vuelos de&nbsp;Viva&nbsp;Air programados para el lunes por la noche, entre ellos&nbsp;<strong>rutas a Buenos Aires (vuelo 299)&nbsp;<\/strong>y San Pablo (vuelo 461).<\/p>\n\n\n\n<p>Im\u00e1genes publicadas en redes sociales muestran a decenas de personas protestando en la terminal a\u00e9rea, e incluso bloqueando el ingreso a la zona de embarque para vuelos internacionales.<\/p>\n\n\n\n<figure class=\"wp-block-embed is-type-rich is-provider-twitter wp-block-embed-twitter\"><div class=\"wp-block-embed__wrapper\">\n<blockquote class=\"twitter-tweet\" data-width=\"500\" data-dnt=\"true\"><p lang=\"es\" dir=\"ltr\">Entendemos lo dif\u00edcil de esta situaci\u00f3n, \ud83d\ude22 pero les pedimos que por favor no impidamos el paso a los dem\u00e1s pasajeros. Este Aeropuerto, que ha superado tantos desaf\u00edos al lado de los colombianos, seguir\u00e1 firme para superar los nuevos retos y prestar, a todos, sus servicios.<\/p>&mdash; Aeropuerto Internacional Jos\u00e9 Mar\u00eda C\u00f3rdova (@AeropuertoMDE) <a href=\"https:\/\/twitter.com\/AeropuertoMDE\/status\/1630537028973592578?ref_src=twsrc%5Etfw\">February 28, 2023<\/a><\/blockquote><script async src=\"https:\/\/platform.twitter.com\/widgets.js\" charset=\"utf-8\"><\/script>\n<\/div><\/figure>\n\n\n\n<p>Con un 15% del mercado en Colombia y una filial en Per\u00fa,&nbsp;<strong>Viva&nbsp;Air se acogi\u00f3 a comienzos de mes a un proceso de insolvencia bajo la ley colombiana.<\/strong><\/p>\n\n\n\n<p>Desde abril del a\u00f1o pasado la empresa busca que el gobierno d\u00e9 el visto bueno a su&nbsp;<strong>integraci\u00f3n con Avianca&nbsp;<\/strong>-la aerol\u00ednea m\u00e1s grande de Colombia, con 32% del mercado- alegando que es la \u201c\u00fanica forma en que puede\u201d superar los problemas financieros que arrastra desde la pandemia, record\u00f3&nbsp;Viva&nbsp;Air en su comunicado.<\/p>\n\n\n\n<p>El gobierno no ha autorizado la fusi\u00f3n y este lunes admiti\u00f3 que un grupo de&nbsp;<strong>cinco compa\u00f1\u00edas a\u00e9reas entre las que se encuentran Aerol\u00edneas Argentinas, Latam y la chilena JetSmart intervengan en el proceso para proteger \u201cla libre competencia econ\u00f3mica\u201d.<\/strong><\/p>\n\n\n\n<figure class=\"wp-block-embed is-type-rich is-provider-twitter wp-block-embed-twitter\"><div class=\"wp-block-embed__wrapper\">\n<blockquote class=\"twitter-tweet\" data-width=\"500\" data-dnt=\"true\"><p lang=\"es\" dir=\"ltr\">Pasajeros de la aerol\u00ednea Viva Air protestan en el aeropuerto El Dorado de Bogot\u00e1 por la cancelaci\u00f3n de vuelos.<br><br>Noticia en Desarrollo&#8230;. <a href=\"https:\/\/t.co\/EDzTPHXKtt\">pic.twitter.com\/EDzTPHXKtt<\/a><\/p>&mdash; Aviaci\u00f3n al D\u00eda (@aviacion_al_dia) <a href=\"https:\/\/twitter.com\/aviacion_al_dia\/status\/1630388924785868800?ref_src=twsrc%5Etfw\">February 28, 2023<\/a><\/blockquote><script async src=\"https:\/\/platform.twitter.com\/widgets.js\" charset=\"utf-8\"><\/script>\n<\/div><\/figure>\n\n\n\n<p>Seg\u00fan&nbsp;Viva&nbsp;Air esta decisi\u00f3n traer\u00e1 \u201cnuevos retrasos\u201d a la eventual integraci\u00f3n y la obliga a suspender operaciones \u201ccon efecto inmediato\u201d.<\/p>\n\n\n\n<figure class=\"wp-block-embed is-type-rich is-provider-twitter wp-block-embed-twitter\"><div class=\"wp-block-embed__wrapper\">\n<blockquote class=\"twitter-tweet\" data-width=\"500\" data-dnt=\"true\"><p lang=\"es\" dir=\"ltr\"><a href=\"https:\/\/twitter.com\/hashtag\/SucedeAhora?src=hash&amp;ref_src=twsrc%5Etfw\">#SucedeAhora<\/a> | Se registran protestas en el Aeropuerto El Dorado en contra de Viva Air por la cancelaci\u00f3n de vuelos internacionales <a href=\"https:\/\/t.co\/qKaq9ZAE2H\">pic.twitter.com\/qKaq9ZAE2H<\/a><\/p>&mdash; Noticias RCN (@NoticiasRCN) <a href=\"https:\/\/twitter.com\/NoticiasRCN\/status\/1630383949980618752?ref_src=twsrc%5Etfw\">February 28, 2023<\/a><\/blockquote><script async src=\"https:\/\/platform.twitter.com\/widgets.js\" charset=\"utf-8\"><\/script>\n<\/div><\/figure>\n\n\n\n<p><\/p>\n\n\n\n<p>Tras la suspensi\u00f3n de vuelos, la Aeron\u00e1utica Civil (AeroCivil) pidi\u00f3 respeto por el derecho de los pasajeros&nbsp;que ten\u00edan pasajeros nacionales e internacionales comprados con la aerol\u00ednea y est\u00e1n sufriendo las consecuencias de las cancelaciones. Adem\u00e1s, la entidad le record\u00f3 a la aerol\u00ednea que la operaci\u00f3n presentada por las compa\u00f1\u00edas fue objetada por la Direcci\u00f3n de Transporte A\u00e9reo el pasado 4 de noviembre de 2022, \u201cal identificar que tend\u00eda a producir una&nbsp;<strong>indebida restricci\u00f3n a la competencia<\/strong>\u201d.<\/p>\n\n\n\n<figure class=\"wp-block-embed is-type-rich is-provider-twitter wp-block-embed-twitter\"><div class=\"wp-block-embed__wrapper\">\n<blockquote class=\"twitter-tweet\" data-width=\"500\" data-dnt=\"true\"><p lang=\"es\" dir=\"ltr\"><a href=\"https:\/\/twitter.com\/hashtag\/Comunicado?src=hash&amp;ref_src=twsrc%5Etfw\">#Comunicado<\/a> | Ante las \u00faltimas noticias y manifestaciones hechas en medios de comunicaci\u00f3n sobre la operaci\u00f3n proyectada entre <a href=\"https:\/\/twitter.com\/avianca?ref_src=twsrc%5Etfw\">@Avianca<\/a> y <a href=\"https:\/\/twitter.com\/VivaAirCol?ref_src=twsrc%5Etfw\">@VivaAirCol<\/a>, la <a href=\"https:\/\/twitter.com\/AerocivilCol?ref_src=twsrc%5Etfw\">@AerocivilCol<\/a> debe hacer las siguientes precisiones: <a href=\"https:\/\/t.co\/xOHn4ezSaY\">pic.twitter.com\/xOHn4ezSaY<\/a><\/p>&mdash; Aeron\u00e1utica Civil de Colombia (@AerocivilCol) <a href=\"https:\/\/twitter.com\/AerocivilCol\/status\/1630421593565405188?ref_src=twsrc%5Etfw\">February 28, 2023<\/a><\/blockquote><script async src=\"https:\/\/platform.twitter.com\/widgets.js\" charset=\"utf-8\"><\/script>\n<\/div><\/figure>\n\n\n\n<p><\/p>\n\n\n\n<p>Debido a esa decisi\u00f3n,&nbsp;la Direcci\u00f3n de Transporte A\u00e9reo asegur\u00f3 que los condicionamientos ofrecidos por las intervinientes para mitigar la afectaci\u00f3n a la libre competencia \u201cser\u00e1n trasladados de manera oportuna y transparente a los&nbsp;<strong>terceros interesados reconocidos en la actuaci\u00f3n,&nbsp;<\/strong>quienes podr\u00e1n expresar sus opiniones al respecto. Los condicionamientos se valorar\u00e1n con rigor t\u00e9cnico y bajo la necesidad de proteger el inter\u00e9s colectivo de la libre competencia a efectos de determinar si la operaci\u00f3n de integraci\u00f3n puede resultar viable\u201d.<\/p>\n\n\n\n<p>La&nbsp;AeroCivil calific\u00f3 como \u201cmanifestaci\u00f3n\u201d la decisi\u00f3n de Viva Air de cancelar los vuelos de miles de pasajeros, por lo que&nbsp;la entidad, dentro del ejercicio de sus funciones y junto con la Superintendencia de Transporte,&nbsp;<strong>velar\u00e1 especialmente por el respeto de los derechos de los usuarios afectados.<\/strong><\/p>\n\n\n\n<p>Parte del grupo Irelandia Aviation, fundador de otras aerol\u00edneas de bajo costo como la irlandesa Ryan Air y la mexicana\u00a0Viva\u00a0Aerobus, la aerol\u00ednea\u00a0Viva\u00a0Air cuenta con una flota de 20 aviones y opera 35 rutas, seg\u00fan su sitio web.<\/p>\n\n\n\n<p><strong><mark style=\"background-color:rgba(0, 0, 0, 0)\" class=\"has-inline-color has-vivid-red-color\">Lea Tambi\u00e9n: <\/mark><em><\/em><\/strong><\/p>\n\n\n\n<p class=\"has-text-align-right\"><strong><em>LaNaci\u00f3n.-<\/em><\/strong><\/p>\n","protected":false},"excerpt":{"rendered":"<p>La compa\u00f1\u00eda atraviesa una crisis financiera profunda y busca integrarse a Avianca, pero el gobierno no autoriz\u00f3 la fusi\u00f3n y admiti\u00f3 que un grupo de cinco compa\u00f1\u00edas a\u00e9reas, entre ellas Aerol\u00edneas Argentinas, intervengan en el proceso<\/p>\n","protected":false},"author":3,"featured_media":32100,"comment_status":"open","ping_status":"closed","sticky":false,"template":"","format":"standard","meta":{"jnews-multi-image_gallery":[],"jnews_single_post":{"subtitle":"","format":"standard","video":"","gallery":"","source_name":"","source_url":"","via_name":"","via_url":"","override_template":"0","override":[{"template":"4","single_blog_custom":"","parallax":"1","fullscreen":"1","layout":"right-sidebar","sidebar":"default-sidebar","second_sidebar":"default-sidebar","sticky_sidebar":"1","share_position":"top","share_float_style":"share-monocrhome","show_share_counter":"1","show_view_counter":"1","show_featured":"1","show_post_meta":"1","show_post_author":"1","show_post_author_image":"1","show_post_date":"1","post_date_format":"default","post_date_format_custom":"Y\/m\/d","show_post_category":"1","show_post_reading_time":"1","post_reading_time_wpm":"300","show_zoom_button":"1","zoom_button_out_step":"2","zoom_button_in_step":"3","show_post_tag":"1","show_prev_next_post":"1","show_popup_post":"1","number_popup_post":"1","show_author_box":"1","show_post_related":"1","show_inline_post_related":"0"}],"override_image_size":"0","image_override":[{"single_post_thumbnail_size":"crop-500","single_post_gallery_size":"crop-500"}],"trending_post":"0","trending_post_position":"meta","trending_post_label":"Trending","sponsored_post":"0","sponsored_post_label":"Sponsored by","sponsored_post_name":"","sponsored_post_url":"","sponsored_post_logo_enable":"0","sponsored_post_logo":"","sponsored_post_desc":"","disable_ad":"0"},"jnews_primary_category":{"id":"","hide":""},"jnews_social_meta":{"fb_title":"","fb_description":"","fb_image":"","twitter_title":"","twitter_description":"","twitter_image":""},"jnews_review":[],"enable_review":"0","type":"percentage","name":"","summary":"","brand":"","sku":"","good":[{"good_text":""}],"bad":[{"bad_text":""}],"score_override":"","override_value":"","rating":[{"rating_text":"","rating_number":"10"}],"price":[{"shop":"","price":"","link":"","icon":""}],"jnews_override_counter":{"override_view_counter":"0","view_counter_number":"0","override_share_counter":"0","share_counter_number":"0","override_like_counter":"0","like_counter_number":"0","override_dislike_counter":"0","dislike_counter_number":"0"},"jnews_post_split":{"enable_post_split":"0","post_split":[{"template":"1","tag":"h2","numbering":"asc","mode":"normal","first":"0","enable_toc":"0","toc_type":"normal"}]},"footnotes":""},"categories":[88],"tags":[7523,44,283,45,7525,7527,7524],"class_list":["post-32099","post","type-post","status-publish","format-standard","has-post-thumbnail","hentry","category-internacionales","tag-aerolinea-colombiana-2","tag-argentina","tag-colombia","tag-noticias","tag-operaciones-suspendidas","tag-problemas-financieros","tag-viva-air"],"amp_enabled":true,"_links":{"self":[{"href":"https:\/\/esreviral.com\/index.php?rest_route=\/wp\/v2\/posts\/32099"}],"collection":[{"href":"https:\/\/esreviral.com\/index.php?rest_route=\/wp\/v2\/posts"}],"about":[{"href":"https:\/\/esreviral.com\/index.php?rest_route=\/wp\/v2\/types\/post"}],"author":[{"embeddable":true,"href":"https:\/\/esreviral.com\/index.php?rest_route=\/wp\/v2\/users\/3"}],"replies":[{"embeddable":true,"href":"https:\/\/esreviral.com\/index.php?rest_route=%2Fwp%2Fv2%2Fcomments&post=32099"}],"version-history":[{"count":0,"href":"https:\/\/esreviral.com\/index.php?rest_route=\/wp\/v2\/posts\/32099\/revisions"}],"wp:featuredmedia":[{"embeddable":true,"href":"https:\/\/esreviral.com\/index.php?rest_route=\/wp\/v2\/media\/32100"}],"wp:attachment":[{"href":"https:\/\/esreviral.com\/index.php?rest_route=%2Fwp%2Fv2%2Fmedia&parent=32099"}],"wp:term":[{"taxonomy":"category","embeddable":true,"href":"https:\/\/esreviral.com\/index.php?rest_route=%2Fwp%2Fv2%2Fcategories&post=32099"},{"taxonomy":"post_tag","embeddable":true,"href":"https:\/\/esreviral.com\/index.php?rest_route=%2Fwp%2Fv2%2Ftags&post=32099"}],"curies":[{"name":"wp","href":"https:\/\/api.w.org\/{rel}","templated":true}]}}