{"id":32014,"date":"2023-02-27T09:48:02","date_gmt":"2023-02-27T14:48:02","guid":{"rendered":"https:\/\/esreviral.com\/?p=32014"},"modified":"2023-02-27T09:48:03","modified_gmt":"2023-02-27T14:48:03","slug":"deliveries-protestan-en-quilmes-para-exigir-justicia-ante-el-asesinato-de-uno-de-los-suyos","status":"publish","type":"post","link":"https:\/\/esreviral.com\/?p=32014","title":{"rendered":"Deliveries protestan en Quilmes para exigir justicia ante el asesinato de uno de los suyos"},"content":{"rendered":"\n<p>Un joven de 20 a\u00f1os de edad que trabajaba como repartidor de comidas fue asesinado a balazos por delincuentes que lo asaltaron en la localidad bonaerense de Quilmes, y por el homicidio detuvieron a tres sospechosos, entre ellos un adolescente de 15 a\u00f1os de edad, informaron fuentes policiales.<\/p>\n\n\n\n<p>El hecho ocurri\u00f3 en la tarde del 25 de febrero en las calles Zapiola y 162 del mencionado distrito del sur del conurbano. <\/p>\n\n\n\n<p>Fuentes policiales informaron a T\u00e9lam que la v\u00edctima, identificada como Danilo Marcieri, fue interceptada por delincuentes armados mientras trabajaba para la aplicaci\u00f3n PedidosYa. <\/p>\n\n\n\n<p>El joven repartidor recibi\u00f3 dos balazos en el Tor\u00e1x que le causaron la muerte casi en el acto y los asaltantes huyeron con la moto oscura marca Motomel. <\/p>\n\n\n\n<p>Seg\u00fan las fuentes, personal policial aprehendi\u00f3 luego a dos sospechosos de 20 y 15 a\u00f1os de haber participado en el crimen. <\/p>\n\n\n\n<p>Polic\u00eda Cient\u00edfica realiz\u00f3 esta tarde los peritajes correspondientes para determinar la mec\u00e1nica de lo sucedido.<\/p>\n\n\n\n<p>Adem\u00e1s, los investigadores analizaron las c\u00e1maras de seguridad del municipio que captaron el momento del ataque y la v\u00eda de escape.<\/p>\n\n\n\n<p>El hecho es investigado por la fiscal Karina Gallo, a cargo de la Unidad Funcional de Instrucci\u00f3n (UFI) 4 del Departamento Judicial Quilmes. <\/p>\n\n\n\n<p><strong>Tras el homicidio, vecinos y colegas del joven asesinado marcharon esa tarde hasta la comisar\u00eda 5ta. para pedir Justicia y mayor seguridad.<\/strong><\/p>\n\n\n\n<p class=\"has-text-align-right\"><strong><em>Telam.-<\/em><\/strong><\/p>\n","protected":false},"excerpt":{"rendered":"<p>El joven repartidor recibi\u00f3 dos balazos que le causaron la muerte casi en el acto y los asaltantes huyeron con la moto, por el homicidio detuvieron a tres sospechosos, uno de ellos menor de edad. <\/p>\n","protected":false},"author":3,"featured_media":32015,"comment_status":"open","ping_status":"closed","sticky":false,"template":"","format":"standard","meta":{"jnews-multi-image_gallery":[],"jnews_single_post":{"subtitle":"","format":"standard","video":"","gallery":"","source_name":"","source_url":"","via_name":"","via_url":"","override_template":"0","override":[{"template":"4","single_blog_custom":"","parallax":"1","fullscreen":"1","layout":"right-sidebar","sidebar":"default-sidebar","second_sidebar":"default-sidebar","sticky_sidebar":"1","share_position":"top","share_float_style":"share-monocrhome","show_share_counter":"1","show_view_counter":"1","show_featured":"1","show_post_meta":"1","show_post_author":"1","show_post_author_image":"1","show_post_date":"1","post_date_format":"default","post_date_format_custom":"Y\/m\/d","show_post_category":"1","show_post_reading_time":"1","post_reading_time_wpm":"300","show_zoom_button":"1","zoom_button_out_step":"2","zoom_button_in_step":"3","show_post_tag":"1","show_prev_next_post":"1","show_popup_post":"1","number_popup_post":"1","show_author_box":"1","show_post_related":"1","show_inline_post_related":"0"}],"override_image_size":"0","image_override":[{"single_post_thumbnail_size":"crop-500","single_post_gallery_size":"crop-500"}],"trending_post":"0","trending_post_position":"meta","trending_post_label":"Trending","sponsored_post":"0","sponsored_post_label":"Sponsored by","sponsored_post_name":"","sponsored_post_url":"","sponsored_post_logo_enable":"0","sponsored_post_logo":"","sponsored_post_desc":"","disable_ad":"0"},"jnews_primary_category":{"id":"","hide":""},"jnews_social_meta":{"fb_title":"","fb_description":"","fb_image":"","twitter_title":"","twitter_description":"","twitter_image":""},"jnews_review":[],"enable_review":"0","type":"percentage","name":"","summary":"","brand":"","sku":"","good":[{"good_text":""}],"bad":[{"bad_text":""}],"score_override":"","override_value":"","rating":[{"rating_text":"","rating_number":"10"}],"price":[{"shop":"","price":"","link":"","icon":""}],"jnews_override_counter":{"override_view_counter":"0","view_counter_number":"0","override_share_counter":"0","share_counter_number":"0","override_like_counter":"0","like_counter_number":"0","override_dislike_counter":"0","dislike_counter_number":"0"},"jnews_post_split":{"enable_post_split":"0","post_split":[{"template":"1","tag":"h2","numbering":"asc","mode":"normal","first":"0","enable_toc":"0","toc_type":"normal"}]},"footnotes":""},"categories":[58,64],"tags":[44,465,282,45,1296,7492],"class_list":["post-32014","post","type-post","status-publish","format-standard","has-post-thumbnail","hentry","category-argentina","category-sucesos","tag-argentina","tag-delivery","tag-homicidio","tag-noticias","tag-quilmes","tag-repartidor-de-comida"],"amp_enabled":true,"_links":{"self":[{"href":"https:\/\/esreviral.com\/index.php?rest_route=\/wp\/v2\/posts\/32014"}],"collection":[{"href":"https:\/\/esreviral.com\/index.php?rest_route=\/wp\/v2\/posts"}],"about":[{"href":"https:\/\/esreviral.com\/index.php?rest_route=\/wp\/v2\/types\/post"}],"author":[{"embeddable":true,"href":"https:\/\/esreviral.com\/index.php?rest_route=\/wp\/v2\/users\/3"}],"replies":[{"embeddable":true,"href":"https:\/\/esreviral.com\/index.php?rest_route=%2Fwp%2Fv2%2Fcomments&post=32014"}],"version-history":[{"count":0,"href":"https:\/\/esreviral.com\/index.php?rest_route=\/wp\/v2\/posts\/32014\/revisions"}],"wp:featuredmedia":[{"embeddable":true,"href":"https:\/\/esreviral.com\/index.php?rest_route=\/wp\/v2\/media\/32015"}],"wp:attachment":[{"href":"https:\/\/esreviral.com\/index.php?rest_route=%2Fwp%2Fv2%2Fmedia&parent=32014"}],"wp:term":[{"taxonomy":"category","embeddable":true,"href":"https:\/\/esreviral.com\/index.php?rest_route=%2Fwp%2Fv2%2Fcategories&post=32014"},{"taxonomy":"post_tag","embeddable":true,"href":"https:\/\/esreviral.com\/index.php?rest_route=%2Fwp%2Fv2%2Ftags&post=32014"}],"curies":[{"name":"wp","href":"https:\/\/api.w.org\/{rel}","templated":true}]}}