{"id":31976,"date":"2023-02-27T06:55:48","date_gmt":"2023-02-27T11:55:48","guid":{"rendered":"https:\/\/esreviral.com\/?p=31976"},"modified":"2023-02-27T07:32:38","modified_gmt":"2023-02-27T12:32:38","slug":"amiga-de-las-gemelas-argentinas-confeso-que-les-decian-sudacas","status":"publish","type":"post","link":"https:\/\/esreviral.com\/?p=31976","title":{"rendered":"Amiga de las gemelas argentinas confes\u00f3 que les dec\u00edan \u201csudacas\u201d"},"content":{"rendered":"\n<p>\u00abSudacas\u00bb. A Alana y a Leila, las nenas argentinas de 12 a\u00f1os que el martes saltaron al vac\u00edo desde un tercer piso, en el colegio p\u00fablico Llobregat de Sallent, el pueblo catal\u00e1n donde viv\u00edan, les dec\u00edan \u00absudacas\u00bb.<\/p>\n\n\n\n<p>Lo cont\u00f3 Aitana, \u00edntima amiga y m\u00e1s grande que Alana, la gemela que muri\u00f3 al caer mientras su hermana sigue internada, grave pero estable.<\/p>\n\n\n\n<p>\u00ab\u00bfQu\u00e9 les dec\u00edan? &#8216;Sudacas&#8217; y se re\u00edan de su acento\u00bb, fueron las palabras de Aitana al diario catal\u00e1n La Vanguardia.<\/p>\n\n\n\n<p>Aitana es una de las chicas que aparece con las gemelas en el video de la c\u00e1mara de seguridad de la cuadra en la que viv\u00edan.<\/p>\n\n\n\n<p>All\u00ed quedaron registradas sus \u00faltimas im\u00e1genes, las de las tres de la tarde del 21 de febrero: el regreso a casa desde la escuela, los abrazos y saludos de las chicas frente a la puerta del n\u00famero 4 de la calle Estaci\u00f3 desde donde, horas despu\u00e9s, Alana y Leila se arrojar\u00edan de la mano desde el balc\u00f3n con la intenci\u00f3n de no seguir viviendo.<\/p>\n\n\n\n<p>\u00abNos despedimos como siempre. Abrazo, besos y hasta ma\u00f1ana\u00bb, dijo Aitana. Fue la \u00faltima vez que se saludaron.<\/p>\n\n\n\n<p>La chica, dos a\u00f1os mayor que Alana, revel\u00f3 adem\u00e1s que, en septiembre de 2022, las hermanas hab\u00edan iniciado el a\u00f1o escolar -cursaban primer a\u00f1o de la ESO (Escuela Secundaria Obligatoria)- en cursos separados, pero que luego hab\u00edan trasladado a Alana a la clase de Leila para intentar amortiguar el conflicto que desencadenaba el acoso escolar que padec\u00edan, sobre todo Alana, la gemela que se hab\u00eda cortado el pelo y hab\u00eda manifestado su intenci\u00f3n de que la llamaran Iv\u00e1n.<\/p>\n\n\n\n<p>\u00abPorque Alana no se callaba, les plantaba cara, se defend\u00eda y al final siempre terminaban castig\u00e1ndola a ella\u00bb, dijo Aitana.<\/p>\n\n\n\n<p>Y cont\u00f3 algo m\u00e1s que complicar\u00eda la actuaci\u00f3n del colegio en el manejo de situaciones traum\u00e1ticas como lo es el bullying en las aulas: el traslado de las gemelas a otro patio. \u00abLas pusieron con los de mi clase, de cuarto, y los de segundo\u00bb, aclar\u00f3 Aitana.<\/p>\n\n\n\n<p>Consultado por Clar\u00edn, el Departamento de Educaci\u00f3n del gobierno catal\u00e1n sigue afirmando que \u00abel centro no hab\u00eda detectado problem\u00e1tica espec\u00edfica de acoso escolar. Pero hab\u00eda dado apoyo psicol\u00f3gico y de orientaci\u00f3n a las alumnas desde inicio de curso\u00bb.<\/p>\n\n\n\n<p>Dos d\u00edas despu\u00e9s de que Alana y Leila conmocionaran a toda Espa\u00f1a por haber saltado juntas desde el balc\u00f3n de un tercer piso, el Departamento de Educaci\u00f3n catal\u00e1n activ\u00f3 la Unidad de Apoyo al Alumnado en situaci\u00f3n de Violencia (USAV, en catal\u00e1n).<\/p>\n\n\n\n<p>\u00abPor ahora no se puede descartar ninguna hip\u00f3tesis, si bien, como es com\u00fan en estos casos, se trabaja con un escenario multifactorial, con condicionantes sociales y familiares\u00bb, segu\u00edan afirmando a Clar\u00edn.<\/p>\n\n\n\n<p>Ayer por la ma\u00f1ana fue el funeral de Alana (ver Con una emotiva&#8230;). Entre otros, asisti\u00f3 tambi\u00e9n el alcalde de Sallent, Oriol Ribalta, quien decret\u00f3 tres d\u00edas de luto por la muerte de la ni\u00f1a. \u00abPara ellas, el idioma no era un problema\u00bb, hab\u00eda dicho el funcionario en una entrevista con Clar\u00edn dos d\u00edas despu\u00e9s de que las hermanas se arrojaran al vac\u00edo.<\/p>\n\n\n\n<p>Y aunque no quiso revelar los motivos por los que las nenas recib\u00edan asistencia psicol\u00f3gica y social, dijo: \u00abS\u00ed le puedo contar que cuando se hace una atenci\u00f3n social, no se hace \u00fanicamente a la persona sino conjuntamente. La intervenci\u00f3n se hace en el entorno\u00bb.<\/p>\n\n\n\n<p>Lucas y Maia, los pap\u00e1s de las nenas, esperan ahora la evoluci\u00f3n de Leila, la gemela que sobrevivi\u00f3 a la ca\u00edda y que sigue internada en el hospital Park Taul\u00ed de Sabadell. A 55 kil\u00f3metros de Sallent, el pueblo al que se hab\u00edan mudado en 2020, antes de que la pandemia les clausurara durante meses la vida cotidiana que hoy, rotos de dolor, es pura tragedia.<\/p>\n\n\n\n<p><strong><mark style=\"background-color:rgba(0, 0, 0, 0)\" class=\"has-inline-color has-vivid-red-color\">Lea Tambi\u00e9n:<\/mark><\/strong> <strong><em><\/em><\/strong><\/p>\n\n\n\n<p class=\"has-text-align-right\"><strong><em>Clarin.-<\/em><\/strong><\/p>\n","protected":false},"excerpt":{"rendered":"<p>Con esa palabra se dirig\u00edan a la fallecida Alana y a Leila, internada en grave estado. El colegio est\u00e1 cada vez m\u00e1s complicado por c\u00f3mo manej\u00f3 la situaci\u00f3n.<\/p>\n","protected":false},"author":3,"featured_media":31977,"comment_status":"open","ping_status":"closed","sticky":false,"template":"","format":"standard","meta":{"jnews-multi-image_gallery":[],"jnews_single_post":{"subtitle":"","format":"standard","video":"","gallery":"","source_name":"","source_url":"","via_name":"","via_url":"","override_template":"0","override":[{"template":"4","single_blog_custom":"","parallax":"1","fullscreen":"1","layout":"right-sidebar","sidebar":"default-sidebar","second_sidebar":"default-sidebar","sticky_sidebar":"1","share_position":"top","share_float_style":"share-monocrhome","show_share_counter":"1","show_view_counter":"1","show_featured":"1","show_post_meta":"1","show_post_author":"1","show_post_author_image":"1","show_post_date":"1","post_date_format":"default","post_date_format_custom":"Y\/m\/d","show_post_category":"1","show_post_reading_time":"1","post_reading_time_wpm":"300","show_zoom_button":"1","zoom_button_out_step":"2","zoom_button_in_step":"3","show_post_tag":"1","show_prev_next_post":"1","show_popup_post":"1","number_popup_post":"1","show_author_box":"1","show_post_related":"1","show_inline_post_related":"0"}],"override_image_size":"0","image_override":[{"single_post_thumbnail_size":"crop-500","single_post_gallery_size":"crop-500"}],"trending_post":"0","trending_post_position":"meta","trending_post_label":"Trending","sponsored_post":"0","sponsored_post_label":"Sponsored by","sponsored_post_name":"","sponsored_post_url":"","sponsored_post_logo_enable":"0","sponsored_post_logo":"","sponsored_post_desc":"","disable_ad":"0"},"jnews_primary_category":{"id":"","hide":""},"jnews_social_meta":{"fb_title":"","fb_description":"","fb_image":"","twitter_title":"","twitter_description":"","twitter_image":""},"jnews_review":[],"enable_review":"0","type":"percentage","name":"","summary":"","brand":"","sku":"","good":[{"good_text":""}],"bad":[{"bad_text":""}],"score_override":"","override_value":"","rating":[{"rating_text":"","rating_number":"10"}],"price":[{"shop":"","price":"","link":"","icon":""}],"jnews_override_counter":{"override_view_counter":"0","view_counter_number":"0","override_share_counter":"0","share_counter_number":"0","override_like_counter":"0","like_counter_number":"0","override_dislike_counter":"0","dislike_counter_number":"0"},"jnews_post_split":{"enable_post_split":"0","post_split":[{"template":"1","tag":"h2","numbering":"asc","mode":"normal","first":"0","enable_toc":"0","toc_type":"normal"}]},"footnotes":""},"categories":[54,64],"tags":[44,5473,7421,7420,148,45,551],"class_list":["post-31976","post","type-post","status-publish","format-standard","has-post-thumbnail","hentry","category-inmigracion","category-sucesos","tag-argentina","tag-bullying","tag-bullying-escolar","tag-cataluna","tag-espana","tag-noticias","tag-suicidio"],"amp_enabled":true,"_links":{"self":[{"href":"https:\/\/esreviral.com\/index.php?rest_route=\/wp\/v2\/posts\/31976"}],"collection":[{"href":"https:\/\/esreviral.com\/index.php?rest_route=\/wp\/v2\/posts"}],"about":[{"href":"https:\/\/esreviral.com\/index.php?rest_route=\/wp\/v2\/types\/post"}],"author":[{"embeddable":true,"href":"https:\/\/esreviral.com\/index.php?rest_route=\/wp\/v2\/users\/3"}],"replies":[{"embeddable":true,"href":"https:\/\/esreviral.com\/index.php?rest_route=%2Fwp%2Fv2%2Fcomments&post=31976"}],"version-history":[{"count":0,"href":"https:\/\/esreviral.com\/index.php?rest_route=\/wp\/v2\/posts\/31976\/revisions"}],"wp:featuredmedia":[{"embeddable":true,"href":"https:\/\/esreviral.com\/index.php?rest_route=\/wp\/v2\/media\/31977"}],"wp:attachment":[{"href":"https:\/\/esreviral.com\/index.php?rest_route=%2Fwp%2Fv2%2Fmedia&parent=31976"}],"wp:term":[{"taxonomy":"category","embeddable":true,"href":"https:\/\/esreviral.com\/index.php?rest_route=%2Fwp%2Fv2%2Fcategories&post=31976"},{"taxonomy":"post_tag","embeddable":true,"href":"https:\/\/esreviral.com\/index.php?rest_route=%2Fwp%2Fv2%2Ftags&post=31976"}],"curies":[{"name":"wp","href":"https:\/\/api.w.org\/{rel}","templated":true}]}}