{"id":31877,"date":"2023-02-23T10:26:57","date_gmt":"2023-02-23T15:26:57","guid":{"rendered":"https:\/\/esreviral.com\/?p=31877"},"modified":"2023-02-23T10:26:58","modified_gmt":"2023-02-23T15:26:58","slug":"unas-gemelas-argentinas-en-espana-se-lanzaron-al-vacio-por-el-acoso-que-sufrian-en-la-escuela","status":"publish","type":"post","link":"https:\/\/esreviral.com\/?p=31877","title":{"rendered":"Unas gemelas argentinas en Espa\u00f1a se lanzaron al vac\u00edo por el acoso que sufr\u00edan en la escuela"},"content":{"rendered":"\n<p>Las hermanas, de 12 a\u00f1os de edad, se arrojaron desde el balc\u00f3n de su casa, en un tercer piso de la capital de Catalu\u00f1a; una muri\u00f3 y la otra est\u00e1 internada grave; investigan si fue un acto voluntario; sospechas de bullying.<\/p>\n\n\n\n<p>La muerte de una ni\u00f1a argentina de 12 a\u00f1os de edad y el grave estado en el que se encuentra su hermana gemela despu\u00e9s de caer anteayer desde el tercer piso de un edificio conmocionan al municipio de Sallent, en Barcelona. Mientras avanza la investigaci\u00f3n para determinar las circunstancias en las que ocurrieron los hechos, dos hip\u00f3tesis empezaron a tomar fuerza en las \u00faltimas horas. Por un lado, voceros del caso apuntan a una situaci\u00f3n familiar conflictiva; por otro, allegados a los padres se\u00f1alan que las menores eran v\u00edctimas de bullying en la escuela a la que concurr\u00edan.<\/p>\n\n\n\n<p>Por el momento, los investigadores no descartan ninguna posibilidad. Sin embargo, indicaron que no se encontraron signos de criminalidad en el n\u00famero 4 de la calle Estaci\u00f3n, donde fueron hallados los cuerpos, ni en el balc\u00f3n desde el que las ni\u00f1as cayeron, cerca de las 16, hora local (las 12 de la Argentina), mientras su madre trabajaba y su padre no las observaba. Tambi\u00e9n detallaron que en el \u00faltimo lugar hab\u00eda dos sillas que las ni\u00f1as habr\u00edan usado para arrojarse al vac\u00edo y dos cartas manuscritas firmadas por ambas.<\/p>\n\n\n\n<p>En declaraciones a medios locales, Kevin, un primo segundo de las gemelas, fue el primero en asegurar que sus familiares eran v\u00edctimas de acoso escolar en el instituto Llobregat. \u201cSus padres hablaron con la direcci\u00f3n del colegio y del instituto. Eran dos ni\u00f1as muy buenas que no se met\u00edan con nadie, pero hab\u00eda un grupo que se re\u00eda de ellas por su acento. Dos criaturas hermosas y peque\u00f1as que no hab\u00edan aprendido todav\u00eda a vivir y que siempre estaban sonriendo. Lo estaban pasando mal, y de hecho ten\u00edan hora para ir al psic\u00f3logo. Pero sus padres no eran conscientes de que la situaci\u00f3n era tan grave\u201d, explic\u00f3.<\/p>\n\n\n\n<p>Seg\u00fan pudo saber el sitio espa\u00f1ol ABC, la situaci\u00f3n hab\u00eda empeorado recientemente para Alana, la menor que muri\u00f3 al precipitarse al vac\u00edo, luego de que le pidi\u00f3 al establecimiento educativo que la llamaran con un nombre masculino. En este contexto, se habr\u00eda autoidentificado como Iv\u00e1n y manifestado que quer\u00eda iniciar un proceso de cambio de g\u00e9nero, una decisi\u00f3n que los padres desconocieron ante los investigadores.<\/p>\n\n\n\n<p>En consonancia con lo dicho por el joven, una vecina asegur\u00f3 a Regi\u00f3 que las ni\u00f1as sufr\u00edan bullying en el instituto y que regresaban a su casa \u201cfastidiadas\u201d. La mujer, cuya identidad no trascendi\u00f3, agreg\u00f3 que en el municipio de Sallent \u201csi eres nuevo o extranjero, no te aceptan\u201d.<\/p>\n\n\n\n<p><strong><mark style=\"background-color:rgba(0, 0, 0, 0)\" class=\"has-inline-color has-vivid-red-color\">\u201cCambios de patio\u201d<\/mark><\/strong><\/p>\n\n\n\n<p>En las \u00faltimas horas, la hip\u00f3tesis de un conflicto en la escuela tambi\u00e9n fue refrendada por los testimonios de un curso superior al que concurr\u00edan ambas menores, quienes apuntaron que el bullying hacia las hermanas gemelas argentinas era \u201calgo generalizado\u201d. \u201cSe re\u00edan de ellas por su acento y la identidad sexual de Alana\u201d, manifest\u00f3 uno de los estudiantes, y dijo recordar que en diversas ocasiones los profesores del centro \u201ccambiaban a las dos hermanas de patio\u201d para evitar problemas.<\/p>\n\n\n\n<p>\u201cEra un grupo numeroso el que las acosaba, instigado sobre todo por tres chavales, que las llamaban \u2018las argentinas\u2019 y se re\u00edan de ellas por el acento\u201d, relat\u00f3 otra compa\u00f1era. Tras ello, a\u00f1adi\u00f3: \u201cLas chicas ten\u00edan alguna otra amiga, pero en general se las consideraba conflictivas y siempre que algo suced\u00eda estaban ellas involucradas\u201d.<\/p>\n\n\n\n<p>Por otra parte, fuentes cercanas a la investigaci\u00f3n consideran que, de haber decidido las hermanas lanzarse desde el balc\u00f3n, esto podr\u00eda explicarse a partir de los v\u00ednculos que ten\u00edan las ni\u00f1as.<\/p>\n\n\n\n<p>En esa l\u00ednea, desde el Departamento de Educaci\u00f3n de la Generalitat no confirmaron que se haya tratado de un problema de bullying y aseguraron que el motivo que llev\u00f3 a las hermanas a saltar al vac\u00edo desde su propia vivienda podr\u00eda encontrarse en el entorno social y familiar.<\/p>\n\n\n\n<p>Asimismo, el ayuntamiento afirm\u00f3 no tener constancia de que las ni\u00f1as argentinas tuviesen problemas dentro del \u00e1mbito escolar.<\/p>\n\n\n\n<p>Frente a lo ocurrido, el Instituto Llobregat, en el que estudiaban las menores, activ\u00f3 un protocolo espec\u00edfico con profesionales de atenci\u00f3n primaria y psicolog\u00eda. \u201cEl centro educativo tiene que ser en estos casos un espacio donde poder trabajar el dolor que todos nosotros y, en especial, el alumnado siente\u201d, se\u00f1al\u00f3 el establecimiento en un comunicado.<\/p>\n\n\n\n<p>Tambi\u00e9n habl\u00f3 brevemente acerca de lo ocurrido el alcalde del municipio de Sallent, Oriol Ribalta, quien pidi\u00f3 respeto por las v\u00edctimas y por su familia y se limit\u00f3 a afirmar que les hab\u00eda ofrecido ayuda asistencial a los padres de las peque\u00f1as.<\/p>\n\n\n\n<p>La ca\u00edda de las hermanas desde el tercer piso del edificio donde viv\u00edan con su familia desde hac\u00eda dos a\u00f1os ocurri\u00f3 anteayer por la tarde. Como consecuencia de ella, una de ellas falleci\u00f3 en el lugar, mientras que su gemela fue estabilizada y trasladada de urgencia al Hospital Parc Taul\u00ed de Sabadell.<\/p>\n\n\n\n<p>Hasta el momento, el caso se investiga como un posible suicidio, aunque los investigadores no descartan otros m\u00f3viles y buscan determinar las circunstancias del episodio.<\/p>\n\n\n\n<p>A ra\u00edz de lo ocurrido, el ayuntamiento decret\u00f3 tres d\u00edas de luto y se hizo un minuto de silencio frente a esa dependencia p\u00fablica en el mediod\u00eda de ayer. Tambi\u00e9n por la tragedia se hab\u00edan suspendido todos los actos p\u00fablicos programados, entre ellos los festejos de Carnaval.<\/p>\n\n\n\n<p>\u201cNos hemos puesto a disposici\u00f3n de la necesidad que pueda haber de todas las personas afectadas, primeramente de la familia y tambi\u00e9n a todos que lo consideren oportuno para poder pasar este hecho que nos entristece much\u00edsimo a todos\u201d, afirm\u00f3 Oriol Ribalta en una conferencia de prensa, y agreg\u00f3: \u201cEstamos consternados; para nosotros, esto es una tragedia\u201d.<\/p>\n\n\n\n<p>El Departamento de Educaci\u00f3n de la Generalitat inform\u00f3 que el equipo de asesoramiento y orientaci\u00f3n psicopedag\u00f3gica activ\u00f3 el protocolo para brindar contenci\u00f3n a los compa\u00f1eros de colegio de las gemelas argentinas, en conjunto con profesionales del Programa de Bienestar Emocional.<\/p>\n\n\n\n<p class=\"has-text-align-right\"><strong><em>LaNaci\u00f3n.-<\/em><\/strong><\/p>\n","protected":false},"excerpt":{"rendered":"<p> Una de ellas muri\u00f3 y la otra chica, de 12 a\u00f1os de edad, est\u00e1 internada grave; dejaron cartas manuscritas en el balc\u00f3n de su casa<\/p>\n","protected":false},"author":3,"featured_media":31878,"comment_status":"open","ping_status":"closed","sticky":false,"template":"","format":"standard","meta":{"jnews-multi-image_gallery":[],"jnews_single_post":{"subtitle":"","format":"standard","video":"","gallery":"","source_name":"","source_url":"","via_name":"","via_url":"","override_template":"0","override":[{"template":"4","single_blog_custom":"","parallax":"1","fullscreen":"1","layout":"right-sidebar","sidebar":"default-sidebar","second_sidebar":"default-sidebar","sticky_sidebar":"1","share_position":"top","share_float_style":"share-monocrhome","show_share_counter":"1","show_view_counter":"1","show_featured":"1","show_post_meta":"1","show_post_author":"1","show_post_author_image":"1","show_post_date":"1","post_date_format":"default","post_date_format_custom":"Y\/m\/d","show_post_category":"1","show_post_reading_time":"1","post_reading_time_wpm":"300","show_zoom_button":"1","zoom_button_out_step":"2","zoom_button_in_step":"3","show_post_tag":"1","show_prev_next_post":"1","show_popup_post":"1","number_popup_post":"1","show_author_box":"1","show_post_related":"1","show_inline_post_related":"0"}],"override_image_size":"0","image_override":[{"single_post_thumbnail_size":"crop-500","single_post_gallery_size":"crop-500"}],"trending_post":"0","trending_post_position":"meta","trending_post_label":"Trending","sponsored_post":"0","sponsored_post_label":"Sponsored by","sponsored_post_name":"","sponsored_post_url":"","sponsored_post_logo_enable":"0","sponsored_post_logo":"","sponsored_post_desc":"","disable_ad":"0"},"jnews_primary_category":{"id":"","hide":""},"jnews_social_meta":{"fb_title":"","fb_description":"","fb_image":"","twitter_title":"","twitter_description":"","twitter_image":""},"jnews_review":[],"enable_review":"0","type":"percentage","name":"","summary":"","brand":"","sku":"","good":[{"good_text":""}],"bad":[{"bad_text":""}],"score_override":"","override_value":"","rating":[{"rating_text":"","rating_number":"10"}],"price":[{"shop":"","price":"","link":"","icon":""}],"jnews_override_counter":{"override_view_counter":"0","view_counter_number":"0","override_share_counter":"0","share_counter_number":"0","override_like_counter":"0","like_counter_number":"0","override_dislike_counter":"0","dislike_counter_number":"0"},"jnews_post_split":{"enable_post_split":"0","post_split":[{"template":"1","tag":"h2","numbering":"asc","mode":"normal","first":"0","enable_toc":"0","toc_type":"normal"}]},"footnotes":""},"categories":[88,64],"tags":[44,5473,7421,7420,148,45,551],"class_list":["post-31877","post","type-post","status-publish","format-standard","has-post-thumbnail","hentry","category-internacionales","category-sucesos","tag-argentina","tag-bullying","tag-bullying-escolar","tag-cataluna","tag-espana","tag-noticias","tag-suicidio"],"amp_enabled":true,"_links":{"self":[{"href":"https:\/\/esreviral.com\/index.php?rest_route=\/wp\/v2\/posts\/31877"}],"collection":[{"href":"https:\/\/esreviral.com\/index.php?rest_route=\/wp\/v2\/posts"}],"about":[{"href":"https:\/\/esreviral.com\/index.php?rest_route=\/wp\/v2\/types\/post"}],"author":[{"embeddable":true,"href":"https:\/\/esreviral.com\/index.php?rest_route=\/wp\/v2\/users\/3"}],"replies":[{"embeddable":true,"href":"https:\/\/esreviral.com\/index.php?rest_route=%2Fwp%2Fv2%2Fcomments&post=31877"}],"version-history":[{"count":0,"href":"https:\/\/esreviral.com\/index.php?rest_route=\/wp\/v2\/posts\/31877\/revisions"}],"wp:featuredmedia":[{"embeddable":true,"href":"https:\/\/esreviral.com\/index.php?rest_route=\/wp\/v2\/media\/31878"}],"wp:attachment":[{"href":"https:\/\/esreviral.com\/index.php?rest_route=%2Fwp%2Fv2%2Fmedia&parent=31877"}],"wp:term":[{"taxonomy":"category","embeddable":true,"href":"https:\/\/esreviral.com\/index.php?rest_route=%2Fwp%2Fv2%2Fcategories&post=31877"},{"taxonomy":"post_tag","embeddable":true,"href":"https:\/\/esreviral.com\/index.php?rest_route=%2Fwp%2Fv2%2Ftags&post=31877"}],"curies":[{"name":"wp","href":"https:\/\/api.w.org\/{rel}","templated":true}]}}