{"id":3187,"date":"2021-01-06T17:17:53","date_gmt":"2021-01-06T17:17:53","guid":{"rendered":"http:\/\/esreviral.com\/?p=3187"},"modified":"2021-01-06T17:17:53","modified_gmt":"2021-01-06T17:17:53","slug":"trabajadores-de-pedidos-ya-protestaron-para-exigir-aumento","status":"publish","type":"post","link":"https:\/\/esreviral.com\/?p=3187","title":{"rendered":"Trabajadores de Pedidos Ya protestaron para exigir aumento"},"content":{"rendered":"\n<p><em><strong>CIS.-<\/strong><\/em> La ma\u00f1ana de este mi\u00e9rcoles, trabajadores de reparto de la empresa Pedidos Ya, protestaron frente a la instalaciones de la misma, en Valent\u00edn G\u00f3mez y Ecuador de Buenos Aires, para exigir un aumento en el pago de sus servicios. <\/p>\n\n\n\n<p>Afirman que los restaurantes y la aplicaci\u00f3n tuvo un aumento en los \u00faltimos meses pero no as\u00ed el pago de sus servicios, \u00abqueremos tener un mejor salario para poder llevar el pan a nuestra casa\u00bb, explic\u00f3 Jos\u00e9 Manuel Hern\u00e1ndez, uno de los manifestantes. <\/p>\n\n\n\n<p>Reiter\u00f3 que desde hace dos a\u00f1os no les han aumentado sus pagos, \u00abadem\u00e1s nos suspenden por cualquier cosa y vivimos explotado sin beneficios\u00bb. <\/p>\n\n\n\n<figure class=\"wp-block-embed-twitter wp-block-embed is-type-rich is-provider-twitter\"><div class=\"wp-block-embed__wrapper\">\n<blockquote class=\"twitter-tweet\" data-width=\"500\" data-dnt=\"true\"><p lang=\"es\" dir=\"ltr\"><a href=\"https:\/\/twitter.com\/hashtag\/6ene?src=hash&amp;ref_src=twsrc%5Etfw\">#6ene<\/a> Trabajadores de Pedidos Ya en Buenos Aires, protestaron para exigir aumento de sus pagos <a href=\"https:\/\/t.co\/3E5SFl0fYW\">pic.twitter.com\/3E5SFl0fYW<\/a><\/p>&mdash; ES RE VIRAL (@esreviral) <a href=\"https:\/\/twitter.com\/esreviral\/status\/1346865044290723847?ref_src=twsrc%5Etfw\">January 6, 2021<\/a><\/blockquote><script async src=\"https:\/\/platform.twitter.com\/widgets.js\" charset=\"utf-8\"><\/script>\n<\/div><\/figure>\n\n\n\n<figure class=\"wp-block-image size-large\"><img decoding=\"async\" src=\"http:\/\/esreviral.com\/wp-content\/uploads\/2021\/01\/WhatsApp-Image-2021-01-06-at-11.58.36-AM-1-1024x461.jpeg\" alt=\"\" class=\"wp-image-3189\"\/><\/figure>\n","protected":false},"excerpt":{"rendered":"<p>Afirman que desde hace dos a\u00f1os no les aumentan sus salarios<\/p>\n","protected":false},"author":2,"featured_media":3188,"comment_status":"open","ping_status":"open","sticky":false,"template":"","format":"standard","meta":{"jnews-multi-image_gallery":[],"jnews_single_post":[],"jnews_primary_category":[],"jnews_social_meta":[],"jnews_review":[],"enable_review":"","type":"","name":"","summary":"","brand":"","sku":"","good":[],"bad":[],"score_override":"","override_value":"","rating":[],"price":[],"jnews_override_counter":[],"jnews_post_split":[],"footnotes":""},"categories":[43,58],"tags":[124,465,126,67],"class_list":["post-3187","post","type-post","status-publish","format-standard","has-post-thumbnail","hentry","category-actualidad","category-argentina","tag-buenos-aires","tag-delivery","tag-protesta","tag-venezolanos-en-argentina"],"amp_enabled":true,"_links":{"self":[{"href":"https:\/\/esreviral.com\/index.php?rest_route=\/wp\/v2\/posts\/3187"}],"collection":[{"href":"https:\/\/esreviral.com\/index.php?rest_route=\/wp\/v2\/posts"}],"about":[{"href":"https:\/\/esreviral.com\/index.php?rest_route=\/wp\/v2\/types\/post"}],"author":[{"embeddable":true,"href":"https:\/\/esreviral.com\/index.php?rest_route=\/wp\/v2\/users\/2"}],"replies":[{"embeddable":true,"href":"https:\/\/esreviral.com\/index.php?rest_route=%2Fwp%2Fv2%2Fcomments&post=3187"}],"version-history":[{"count":0,"href":"https:\/\/esreviral.com\/index.php?rest_route=\/wp\/v2\/posts\/3187\/revisions"}],"wp:featuredmedia":[{"embeddable":true,"href":"https:\/\/esreviral.com\/index.php?rest_route=\/"}],"wp:attachment":[{"href":"https:\/\/esreviral.com\/index.php?rest_route=%2Fwp%2Fv2%2Fmedia&parent=3187"}],"wp:term":[{"taxonomy":"category","embeddable":true,"href":"https:\/\/esreviral.com\/index.php?rest_route=%2Fwp%2Fv2%2Fcategories&post=3187"},{"taxonomy":"post_tag","embeddable":true,"href":"https:\/\/esreviral.com\/index.php?rest_route=%2Fwp%2Fv2%2Ftags&post=3187"}],"curies":[{"name":"wp","href":"https:\/\/api.w.org\/{rel}","templated":true}]}}