{"id":31704,"date":"2023-02-21T06:54:13","date_gmt":"2023-02-21T11:54:13","guid":{"rendered":"https:\/\/esreviral.com\/?p=31704"},"modified":"2023-02-21T06:54:14","modified_gmt":"2023-02-21T11:54:14","slug":"brasil-busca-sobrevivientes-del-temporal-con-40-muertos-y-2-500-evacuados","status":"publish","type":"post","link":"https:\/\/esreviral.com\/?p=31704","title":{"rendered":"Brasil busca sobrevivientes del temporal con 40 muertos y 2.500 evacuados"},"content":{"rendered":"\n<p>Brasil moviliz\u00f3 este lunes a cientos de efectivos para encontrar posibles supervivientes del fuerte temporal que azota el litoral de Sao Paulo y que ha causado por el momento\u00a0<strong>40 muertos, alrededor de 40 desaparecidos y casi 2.500 evacuados<\/strong>, adem\u00e1s de numerosos da\u00f1os materiales en esta tur\u00edstica regi\u00f3n.<\/p>\n\n\n\n<p>Las intensas precipitaciones del fin de semana provocaron graves inundaciones y deslizamientos de tierra, dejando un rastro de destrucci\u00f3n a su paso en media docena de municipios paulistas, que estos d\u00edas recibieron a decenas de turistas por el Carnaval.<\/p>\n\n\n\n<p>El gobierno de Sao Paulo calific\u00f3 el desastre como<strong>&nbsp;\u00abuna de las mayores tragedias de la historia\u00bb<\/strong>&nbsp;de la regi\u00f3n, que lleg\u00f3 a acumular un nivel de lluvias r\u00e9cord en el pa\u00eds de 682 mil\u00edmetros en menos de 24 horas.<\/p>\n\n\n\n<p><strong><mark style=\"background-color:rgba(0, 0, 0, 0)\" class=\"has-inline-color has-vivid-red-color\">Comunidades incomunicadas y sin agua<\/mark><\/strong><\/p>\n\n\n\n<p>Muchas comunidades contin\u00faan, aisladas por v\u00eda terrestre, incomunicadas y sin suministro de agua, ni electricidad, mientras \u00abm\u00e1s de 600 efectivos\u00bb del Cuerpo de Bomberos, la Polic\u00eda, las Fuerzas Armadas y Defensa Civil se afanan en las labores de rescate, seg\u00fan fuentes oficiales.<\/p>\n\n\n\n<p>El gobierno de Sao Paulo, que preside Tarc\u00edsio de Freitas, exministro de Infraestructura del gobierno de\u00a0<strong>Jair Bolsonaro<\/strong>\u00a0(2019-2022), decret\u00f3 el\u00a0<strong>\u00abestado de calamidad p\u00fablica\u00bb<\/strong>\u00a0en seis ciudades:\u00a0<em>S\u00e3o Sebasti\u00e3o, Caraguatatuba, Guaruj\u00e1, Bertioga, Ilhabela y Ubatuba<\/em>.<\/p>\n\n\n\n<p>Casi 2.500 personas se han visto obligadas a abandonar sus hogares. Est\u00e1n alojadas en escuelas y organizaciones de la sociedad civil. Entre las decenas de heridos, hay seis en estado grave, seg\u00fan se\u00f1al\u00f3 la Secretar\u00eda de Salud de Sao Paulo.<\/p>\n\n\n\n<p>S\u00e3o Sebasti\u00e3o, que cuenta con cerca de 100.000 habitantes, fue la localidad m\u00e1s castigada por las lluvias torrenciales. All\u00ed se registraron 39 de los 40 fallecidos y es donde se centran los trabajos de b\u00fasqueda de desaparecidos.<\/p>\n\n\n\n<p>La otra v\u00edctima mortal reportada es una ni\u00f1a de siete a\u00f1os, que falleci\u00f3 tras caer una enorme piedra sobre su residencia, en Ubatuba.<\/p>\n\n\n\n<p><strong><mark style=\"background-color:rgba(0, 0, 0, 0)\" class=\"has-inline-color has-vivid-red-color\">Lula visita zonas afectadas por temporal en Brasil<\/mark><\/strong><\/p>\n\n\n\n<p>El presidente&nbsp;<strong>Luiz In\u00e1cio Lula da Silva<\/strong>&nbsp;interrumpi\u00f3 sus d\u00edas de descanso en el estado de Bah\u00eda y visit\u00f3 hoy las zonas afectadas. All\u00ed prometi\u00f3 reconstruir las viviendas destruidas y llam\u00f3 a edificar en lugares \u00abseguros\u00bb, alejados de zonas de riesgo.<\/p>\n\n\n\n<p><strong>\u00abUstedes van a volver a tener un nido para cuidar a sus familias\u00bb<\/strong>, asegur\u00f3 el mandatario a las familias afectadas durante un pronunciamiento en Sao Sebastiao.<\/p>\n\n\n\n<p>El jefe de Estado tambi\u00e9n quiso mandar un mensaje de unidad al lado del gobernador Tarc\u00edsio de Freitas, aliado del ahora expresidente ultraderechista Jair Bolsonaro, quien durante su mandato fue criticado en diversas ocasiones por no acudir o hacerlo tarde a zonas golpeadas por tragedias clim\u00e1ticas.<\/p>\n\n\n\n<p>En medio de ese clima de cordialidad, Lula pidi\u00f3 a las autoridades municipales encontrar una zona segura para \u00abreconstruir\u00bb las casas que fueron sepultadas o resultaron seriamente damnificadas.<\/p>\n\n\n\n<p><strong>\u00abDe vez en cuando, la naturaleza nos sorprende, pero muchas veces tambi\u00e9n la desafiamos\u00bb<\/strong>, por eso hay que pensar \u00aben un lugar seguro para que podamos comenzar a reconstruir las viviendas del pueblo de Sao Sebastiao\u00bb, apunt\u00f3 el l\u00edder progresista, acompa\u00f1ado de una decena de sus ministros.<\/p>\n\n\n\n<p>Por su parte, De Freitas advirti\u00f3 que a\u00fan no saben con exactitud el alcance de los da\u00f1os en la&nbsp;<em>autopista que conecta las ciudades de Santos y R\u00edo de Janeiro<\/em>, pues la tormenta puede haber arrancado grandes trechos de asfalto, vista la cantidad de tierra desplazada.<\/p>\n\n\n\n<p>Seg\u00fan el \u00faltimo bolet\u00edn meteorol\u00f3gico, el temporal debe perder fuerza a partir de este lunes, aunque est\u00e1 previsto que contin\u00faen las precipitaciones, lo que podr\u00eda dificultar las labores de rescate ante el riesgo de que se produzcan nuevos corrimientos de tierra.<\/p>\n\n\n\n<p><strong><mark style=\"background-color:rgba(0, 0, 0, 0)\" class=\"has-inline-color has-vivid-red-color\">Tormentas m\u00e1s intensas<\/mark><\/strong><\/p>\n\n\n\n<p>Las tormentas en la regi\u00f3n sureste de Brasil durante esta \u00e9poca del a\u00f1o suelen ser habituales, pero en los \u00faltimos a\u00f1os son m\u00e1s intensas y destructivas.<\/p>\n\n\n\n<p>En 2022 tuvieron lugar desastres similares provocados por fuertes lluvias en Brasil, con miles de evacuados y centenas de v\u00edctimas mortales en los estados de Minas Gerais, Sao Paulo y R\u00edo de Janeiro.<\/p>\n\n\n\n<p>Solo en la\u00a0<strong>ciudad de Petr\u00f3polis<\/strong>, en la regi\u00f3n serrana de R\u00edo de Janeiro, una intensa tempestad dej\u00f3 unos 240 fallecidos en febrero del a\u00f1o pasado.<\/p>\n\n\n\n<p class=\"has-text-align-right\"><strong><em>ElNacional.-<\/em><\/strong><\/p>\n","protected":false},"excerpt":{"rendered":"<p>Las intensas precipitaciones del fin de semana provocaron graves inundaciones y deslizamientos de tierra, dejando un rastro de destrucci\u00f3n a su paso en media docena de municipios paulistas, que estos d\u00edas recibieron a decenas de turistas por el Carnaval<\/p>\n","protected":false},"author":3,"featured_media":31705,"comment_status":"open","ping_status":"closed","sticky":false,"template":"","format":"standard","meta":{"jnews-multi-image_gallery":[],"jnews_single_post":{"subtitle":"","format":"standard","video":"","gallery":"","source_name":"","source_url":"","via_name":"","via_url":"","override_template":"0","override":[{"template":"4","single_blog_custom":"","parallax":"1","fullscreen":"1","layout":"right-sidebar","sidebar":"default-sidebar","second_sidebar":"default-sidebar","sticky_sidebar":"1","share_position":"top","share_float_style":"share-monocrhome","show_share_counter":"1","show_view_counter":"1","show_featured":"1","show_post_meta":"1","show_post_author":"1","show_post_author_image":"1","show_post_date":"1","post_date_format":"default","post_date_format_custom":"Y\/m\/d","show_post_category":"1","show_post_reading_time":"1","post_reading_time_wpm":"300","show_zoom_button":"1","zoom_button_out_step":"2","zoom_button_in_step":"3","show_post_tag":"1","show_prev_next_post":"1","show_popup_post":"1","number_popup_post":"1","show_author_box":"1","show_post_related":"1","show_inline_post_related":"0"}],"override_image_size":"0","image_override":[{"single_post_thumbnail_size":"crop-500","single_post_gallery_size":"crop-500"}],"trending_post":"0","trending_post_position":"meta","trending_post_label":"Trending","sponsored_post":"0","sponsored_post_label":"Sponsored by","sponsored_post_name":"","sponsored_post_url":"","sponsored_post_logo_enable":"0","sponsored_post_logo":"","sponsored_post_desc":"","disable_ad":"0"},"jnews_primary_category":{"id":"","hide":""},"jnews_social_meta":{"fb_title":"","fb_description":"","fb_image":"","twitter_title":"","twitter_description":"","twitter_image":""},"jnews_review":[],"enable_review":"0","type":"percentage","name":"","summary":"","brand":"","sku":"","good":[{"good_text":""}],"bad":[{"bad_text":""}],"score_override":"","override_value":"","rating":[{"rating_text":"","rating_number":"10"}],"price":[{"shop":"","price":"","link":"","icon":""}],"jnews_override_counter":{"override_view_counter":"0","view_counter_number":"0","override_share_counter":"0","share_counter_number":"0","override_like_counter":"0","like_counter_number":"0","override_dislike_counter":"0","dislike_counter_number":"0"},"jnews_post_split":{"enable_post_split":"0","post_split":[{"template":"1","tag":"h2","numbering":"asc","mode":"normal","first":"0","enable_toc":"0","toc_type":"normal"}]},"footnotes":""},"categories":[88,64],"tags":[227,7315,4252,2913,45,7289,7314,6653],"class_list":["post-31704","post","type-post","status-publish","format-standard","has-post-thumbnail","hentry","category-internacionales","category-sucesos","tag-brasil","tag-comunidades-incomunicadas","tag-evacuados","tag-muertos","tag-noticias","tag-sao-paulo-2","tag-temporal","tag-tormentas-fuertes"],"_links":{"self":[{"href":"https:\/\/esreviral.com\/index.php?rest_route=\/wp\/v2\/posts\/31704","targetHints":{"allow":["GET"]}}],"collection":[{"href":"https:\/\/esreviral.com\/index.php?rest_route=\/wp\/v2\/posts"}],"about":[{"href":"https:\/\/esreviral.com\/index.php?rest_route=\/wp\/v2\/types\/post"}],"author":[{"embeddable":true,"href":"https:\/\/esreviral.com\/index.php?rest_route=\/wp\/v2\/users\/3"}],"replies":[{"embeddable":true,"href":"https:\/\/esreviral.com\/index.php?rest_route=%2Fwp%2Fv2%2Fcomments&post=31704"}],"version-history":[{"count":0,"href":"https:\/\/esreviral.com\/index.php?rest_route=\/wp\/v2\/posts\/31704\/revisions"}],"wp:featuredmedia":[{"embeddable":true,"href":"https:\/\/esreviral.com\/index.php?rest_route=\/wp\/v2\/media\/31705"}],"wp:attachment":[{"href":"https:\/\/esreviral.com\/index.php?rest_route=%2Fwp%2Fv2%2Fmedia&parent=31704"}],"wp:term":[{"taxonomy":"category","embeddable":true,"href":"https:\/\/esreviral.com\/index.php?rest_route=%2Fwp%2Fv2%2Fcategories&post=31704"},{"taxonomy":"post_tag","embeddable":true,"href":"https:\/\/esreviral.com\/index.php?rest_route=%2Fwp%2Fv2%2Ftags&post=31704"}],"curies":[{"name":"wp","href":"https:\/\/api.w.org\/{rel}","templated":true}]}}