{"id":31521,"date":"2023-02-16T11:05:13","date_gmt":"2023-02-16T16:05:13","guid":{"rendered":"https:\/\/esreviral.com\/?p=31521"},"modified":"2023-02-16T11:05:57","modified_gmt":"2023-02-16T16:05:57","slug":"el-principe-harry-amenazado-de-muerte-por-al-qaeda","status":"publish","type":"post","link":"https:\/\/esreviral.com\/?p=31521","title":{"rendered":"El Pr\u00edncipe Harry, es amenazado de muerte por Al Qaeda"},"content":{"rendered":"\n<p>El<strong>\u00a0pr\u00edncipe Harry<\/strong>, hijo menor del\u00a0<strong>rey Carlos III<\/strong>,\u00a0confes\u00f3 en su libro \u00abEn la sombra\u00bb\u00a0que hab\u00eda matado a 25 soldados de Afganist\u00e1n entre 2012 y 2013, palabras que levantaron \u00e1mpula en la organizaci\u00f3n terrorista\u00a0<strong>Al Qaeda<\/strong>, que ya pidi\u00f3 asesinarlo.<\/p>\n\n\n\n<p>\u00abCuando me encontr\u00e9 sumergido en el calor y la confusi\u00f3n del combate, no pens\u00e9 en esos 25 como personas. Eran piezas de ajedrez quitadas del tablero, las personas malas eliminadas antes de que pudieran matar a las buenas\u00bb, cont\u00f3 el esposo de&nbsp;<strong>Meghan Markle<\/strong>.<\/p>\n\n\n\n<p>Ahora, en una revista, Al Qaeda pidi\u00f3 venganza contra Harry. \u00abDar paso a las manos isl\u00e1micas para que sean ellas las que se tomen su justa retribuci\u00f3n, ya que los cr\u00edmenes no caen por estatuto de limitaciones, y los hombres correctos corren tras \u00e9l, y alabado sea Al\u00e1, Se\u00f1or de los Mundos\u00bb.<\/p>\n\n\n\n<p>\u00abComo si la sangre de los afganos no tuviera el menor respeto en esta mentalidad arrogante, e incluso el propio Al-Zanim (pr\u00edncipe Harry) se ha referido con&nbsp;<strong>racismo&nbsp;<\/strong>inherente a este tipo de seres humanos\u00bb, de acuerdo con el diario \u00abLa Raz\u00f3n\u00bb.<\/p>\n\n\n\n<p>\u00abEn la ca\u00edda animal de su familia y parientes en Londres, el mundo sabe que la\u00a0<strong>corona brit\u00e1nica<\/strong>\u00a0es parte de la civilizaci\u00f3n de los monos, que solo se preocupa por sus caprichos sexuales, y que la familia real es una familia ca\u00edda dentro de una sociedad inglesa bestial y que no es digna de respeto y aprecio en absoluto\u00bb.<\/p>\n\n\n\n<p>Hasta el momento, el pr\u00edncipe Harry y nadie de su familia han expresado su postura.<\/p>\n\n\n\n<p class=\"has-text-align-right\"><strong><em>elpais.com.uy.-<\/em><\/strong><\/p>\n","protected":false},"excerpt":{"rendered":"<p>Harry est\u00e1 en el punto de mira del grupo terrorista por lo que hizo en la guerra de Afganist\u00e1n. <\/p>\n","protected":false},"author":3,"featured_media":31522,"comment_status":"open","ping_status":"closed","sticky":false,"template":"","format":"standard","meta":{"jnews-multi-image_gallery":[],"jnews_single_post":{"subtitle":"","format":"standard","video":"","gallery":"","source_name":"","source_url":"","via_name":"","via_url":"","override_template":"0","override":[{"template":"4","single_blog_custom":"","parallax":"1","fullscreen":"1","layout":"right-sidebar","sidebar":"default-sidebar","second_sidebar":"default-sidebar","sticky_sidebar":"1","share_position":"top","share_float_style":"share-monocrhome","show_share_counter":"1","show_view_counter":"1","show_featured":"1","show_post_meta":"1","show_post_author":"1","show_post_author_image":"1","show_post_date":"1","post_date_format":"default","post_date_format_custom":"Y\/m\/d","show_post_category":"1","show_post_reading_time":"1","post_reading_time_wpm":"300","show_zoom_button":"1","zoom_button_out_step":"2","zoom_button_in_step":"3","show_post_tag":"1","show_prev_next_post":"1","show_popup_post":"1","number_popup_post":"1","show_author_box":"1","show_post_related":"1","show_inline_post_related":"0"}],"override_image_size":"0","image_override":[{"single_post_thumbnail_size":"crop-500","single_post_gallery_size":"crop-500"}],"trending_post":"0","trending_post_position":"meta","trending_post_label":"Trending","sponsored_post":"0","sponsored_post_label":"Sponsored by","sponsored_post_name":"","sponsored_post_url":"","sponsored_post_logo_enable":"0","sponsored_post_logo":"","sponsored_post_desc":"","disable_ad":"0"},"jnews_primary_category":{"id":"","hide":""},"jnews_social_meta":{"fb_title":"","fb_description":"","fb_image":"","twitter_title":"","twitter_description":"","twitter_image":""},"jnews_review":[],"enable_review":"0","type":"percentage","name":"","summary":"","brand":"","sku":"","good":[{"good_text":""}],"bad":[{"bad_text":""}],"score_override":"","override_value":"","rating":[{"rating_text":"","rating_number":"10"}],"price":[{"shop":"","price":"","link":"","icon":""}],"jnews_override_counter":{"override_view_counter":"0","view_counter_number":"0","override_share_counter":"0","share_counter_number":"0","override_like_counter":"0","like_counter_number":"0","override_dislike_counter":"0","dislike_counter_number":"0"},"jnews_post_split":{"enable_post_split":"0","post_split":[{"template":"1","tag":"h2","numbering":"asc","mode":"normal","first":"0","enable_toc":"0","toc_type":"normal"}]},"footnotes":""},"categories":[88],"tags":[1098,3591,7225,7226,368,45,2721,2722],"class_list":["post-31521","post","type-post","status-publish","format-standard","has-post-thumbnail","hentry","category-internacionales","tag-afganistan-2","tag-al-qaeda","tag-guerra-de-afganistan","tag-libro-en-la-sombra","tag-meghan-markle","tag-noticias","tag-principe-harry-2","tag-realeza-britanica"],"amp_enabled":true,"_links":{"self":[{"href":"https:\/\/esreviral.com\/index.php?rest_route=\/wp\/v2\/posts\/31521"}],"collection":[{"href":"https:\/\/esreviral.com\/index.php?rest_route=\/wp\/v2\/posts"}],"about":[{"href":"https:\/\/esreviral.com\/index.php?rest_route=\/wp\/v2\/types\/post"}],"author":[{"embeddable":true,"href":"https:\/\/esreviral.com\/index.php?rest_route=\/wp\/v2\/users\/3"}],"replies":[{"embeddable":true,"href":"https:\/\/esreviral.com\/index.php?rest_route=%2Fwp%2Fv2%2Fcomments&post=31521"}],"version-history":[{"count":0,"href":"https:\/\/esreviral.com\/index.php?rest_route=\/wp\/v2\/posts\/31521\/revisions"}],"wp:featuredmedia":[{"embeddable":true,"href":"https:\/\/esreviral.com\/index.php?rest_route=\/wp\/v2\/media\/31522"}],"wp:attachment":[{"href":"https:\/\/esreviral.com\/index.php?rest_route=%2Fwp%2Fv2%2Fmedia&parent=31521"}],"wp:term":[{"taxonomy":"category","embeddable":true,"href":"https:\/\/esreviral.com\/index.php?rest_route=%2Fwp%2Fv2%2Fcategories&post=31521"},{"taxonomy":"post_tag","embeddable":true,"href":"https:\/\/esreviral.com\/index.php?rest_route=%2Fwp%2Fv2%2Ftags&post=31521"}],"curies":[{"name":"wp","href":"https:\/\/api.w.org\/{rel}","templated":true}]}}