{"id":31492,"date":"2023-02-16T08:22:33","date_gmt":"2023-02-16T13:22:33","guid":{"rendered":"https:\/\/esreviral.com\/?p=31492"},"modified":"2023-02-16T08:22:34","modified_gmt":"2023-02-16T13:22:34","slug":"ypf-aumento-desde-este-jueves-sus-combustibles-un-4-en-promedio","status":"publish","type":"post","link":"https:\/\/esreviral.com\/?p=31492","title":{"rendered":"YPF aument\u00f3 desde este jueves sus combustibles un 4% en promedio"},"content":{"rendered":"\n<p>La petrolera YPF confirm\u00f3 que a partir de este jueves 16 de febrero ajust\u00f3 el precio de sus combustibles un 4% promedio en todo el pa\u00eds. Seg\u00fan explicaron desde la empresa, el aumento se dio en el marco de los compromisos asumidos -el programa de Precios Justos- que fue firmado entre las empresas del sector y la Secretar\u00eda de Comercio.<\/p>\n\n\n\n<p>Esta suba, detallaron, contribuye a \u201ccompensar la variaci\u00f3n del tipo de cambio oficial, los mayores costos log\u00edsticos y de operaci\u00f3n, y el aumento de precios de los biocombustibles\u201d. Esta semana ya hab\u00eda aumentado sus precios en el mismo porcentaje la compa\u00f1\u00eda Raizen, propietaria de la red de estaciones de servicio con la marca Shell. Y se espera que en las pr\u00f3ximas horas realicen sus ajustes Puma y Axion, las otras compa\u00f1\u00edas del sector.<\/p>\n\n\n\n<p>A fines de noviembre de 2022, el ministro de Econom\u00eda, Sergio Massa, junto con el secretario de Comercio, Mat\u00edas Tombolini, y la secretaria de Energ\u00eda, Flavia Roy\u00f3n, acordaron con representantes de las principales empresas petroleras la incorporaci\u00f3n de los combustibles al programa Precios Justos.<\/p>\n\n\n\n<p>A partir de este acuerdo con las petroleras YPF, Shell, Axion y Puma, la nafta y el gasoil ten\u00edan un piso de subas de 4% durante los primeros tres meses y 3,8% en el cuarto mes.<\/p>\n\n\n\n<p><em>En desarrollo<\/em>&#8230;<\/p>\n\n\n\n<p class=\"has-text-align-right\"><strong><em>Infobae.-<\/em><\/strong><\/p>\n","protected":false},"excerpt":{"rendered":"<p>El ajuste se realiz\u00f3 en el marco del acuerdo de Precios Justos, que firmaron las empresas del sector con la Secretar\u00eda de Comercio<\/p>\n","protected":false},"author":3,"featured_media":31493,"comment_status":"open","ping_status":"closed","sticky":false,"template":"","format":"standard","meta":{"jnews-multi-image_gallery":[],"jnews_single_post":{"subtitle":"","format":"standard","video":"","gallery":"","source_name":"","source_url":"","via_name":"","via_url":"","override_template":"0","override":[{"template":"4","single_blog_custom":"","parallax":"1","fullscreen":"1","layout":"right-sidebar","sidebar":"default-sidebar","second_sidebar":"default-sidebar","sticky_sidebar":"1","share_position":"top","share_float_style":"share-monocrhome","show_share_counter":"1","show_view_counter":"1","show_featured":"1","show_post_meta":"1","show_post_author":"1","show_post_author_image":"1","show_post_date":"1","post_date_format":"default","post_date_format_custom":"Y\/m\/d","show_post_category":"1","show_post_reading_time":"1","post_reading_time_wpm":"300","show_zoom_button":"1","zoom_button_out_step":"2","zoom_button_in_step":"3","show_post_tag":"1","show_prev_next_post":"1","show_popup_post":"1","number_popup_post":"1","show_author_box":"1","show_post_related":"1","show_inline_post_related":"0"}],"override_image_size":"0","image_override":[{"single_post_thumbnail_size":"crop-500","single_post_gallery_size":"crop-500"}],"trending_post":"0","trending_post_position":"meta","trending_post_label":"Trending","sponsored_post":"0","sponsored_post_label":"Sponsored by","sponsored_post_name":"","sponsored_post_url":"","sponsored_post_logo_enable":"0","sponsored_post_logo":"","sponsored_post_desc":"","disable_ad":"0"},"jnews_primary_category":{"id":"","hide":""},"jnews_social_meta":{"fb_title":"","fb_description":"","fb_image":"","twitter_title":"","twitter_description":"","twitter_image":""},"jnews_review":[],"enable_review":"0","type":"percentage","name":"","summary":"","brand":"","sku":"","good":[{"good_text":""}],"bad":[{"bad_text":""}],"score_override":"","override_value":"","rating":[{"rating_text":"","rating_number":"10"}],"price":[{"shop":"","price":"","link":"","icon":""}],"jnews_override_counter":{"override_view_counter":"0","view_counter_number":"0","override_share_counter":"0","share_counter_number":"0","override_like_counter":"0","like_counter_number":"0","override_dislike_counter":"0","dislike_counter_number":"0"},"jnews_post_split":{"enable_post_split":"0","post_split":[{"template":"1","tag":"h2","numbering":"asc","mode":"normal","first":"0","enable_toc":"0","toc_type":"normal"}]},"footnotes":""},"categories":[61],"tags":[44,336,2401,2604,337,45,7215,338],"class_list":["post-31492","post","type-post","status-publish","format-standard","has-post-thumbnail","hentry","category-economia","tag-argentina","tag-aumento","tag-combustibles","tag-inflacion-y-precios","tag-nafta","tag-noticias","tag-petrolera-ypf","tag-ypf"],"amp_enabled":true,"_links":{"self":[{"href":"https:\/\/esreviral.com\/index.php?rest_route=\/wp\/v2\/posts\/31492"}],"collection":[{"href":"https:\/\/esreviral.com\/index.php?rest_route=\/wp\/v2\/posts"}],"about":[{"href":"https:\/\/esreviral.com\/index.php?rest_route=\/wp\/v2\/types\/post"}],"author":[{"embeddable":true,"href":"https:\/\/esreviral.com\/index.php?rest_route=\/wp\/v2\/users\/3"}],"replies":[{"embeddable":true,"href":"https:\/\/esreviral.com\/index.php?rest_route=%2Fwp%2Fv2%2Fcomments&post=31492"}],"version-history":[{"count":0,"href":"https:\/\/esreviral.com\/index.php?rest_route=\/wp\/v2\/posts\/31492\/revisions"}],"wp:featuredmedia":[{"embeddable":true,"href":"https:\/\/esreviral.com\/index.php?rest_route=\/wp\/v2\/media\/31493"}],"wp:attachment":[{"href":"https:\/\/esreviral.com\/index.php?rest_route=%2Fwp%2Fv2%2Fmedia&parent=31492"}],"wp:term":[{"taxonomy":"category","embeddable":true,"href":"https:\/\/esreviral.com\/index.php?rest_route=%2Fwp%2Fv2%2Fcategories&post=31492"},{"taxonomy":"post_tag","embeddable":true,"href":"https:\/\/esreviral.com\/index.php?rest_route=%2Fwp%2Fv2%2Ftags&post=31492"}],"curies":[{"name":"wp","href":"https:\/\/api.w.org\/{rel}","templated":true}]}}