{"id":3147,"date":"2021-01-05T23:09:56","date_gmt":"2021-01-05T23:09:56","guid":{"rendered":"http:\/\/esreviral.com\/?p=3147"},"modified":"2021-01-05T23:09:56","modified_gmt":"2021-01-05T23:09:56","slug":"suspenden-los-grammys-por-la-pandemia","status":"publish","type":"post","link":"https:\/\/esreviral.com\/?p=3147","title":{"rendered":"Suspenden los Grammys por la pandemia"},"content":{"rendered":"\n<p>Los Grammy de 2021, que se iban a celebrar el 31 de enero, se retrasar\u00e1n a una fecha todav\u00eda sin determinar debido a la grave situaci\u00f3n de la pandemia en estos momentos en Los \u00c1ngeles (California), informaron este martes medios estadounidenses como Rolling Stone o Variety.<\/p>\n\n\n\n<p>Fuentes de la Academia de la Grabaci\u00f3n de Estados Unidos, la instituci\u00f3n que organiza cada a\u00f1o los Grammy, apuntaron a marzo como posible nueva fecha para la gala m\u00e1s importante de la m\u00fasica.<\/p>\n\n\n\n<p>Sin embargo, no dieron por ahora un d\u00eda concreto ni confirmaron que esta sea la \u00fanica opci\u00f3n que barajan.<\/p>\n\n\n\n<p>El aplazamiento de los Grammy se dio cuando solo quedaban tres semanas y media para su celebraci\u00f3n.<\/p>\n\n\n\n<p>Los \u00c1ngeles (y California en general) se ha convertido en una de las zonas m\u00e1s afectadas por la pandemia en las \u00faltimas semanas dentro de EE.UU., una alarmante situaci\u00f3n que llev\u00f3 a la Academia de la Grabaci\u00f3n y a CBS, la cadena que retransmitir\u00e1 los Grammy, a optar finalmente por retrasar esta ceremonia.<\/p>\n\n\n\n<p>Frente a los galardones del cine, que con los \u00d3scar al frente optaron a mediados del a\u00f1o pasado por aplazarse dos meses en 2021 para esquivar en la medida de lo posible el impacto del coronavirus, los Grammy no cambiaron sus planes y mantuvieron hasta ahora el 31 de enero como el d\u00eda de su ceremonia.<\/p>\n\n\n\n<p>La idea de los organizadores era plantear un evento televisivo reducido y sin p\u00fablico, con Trevor Noah como presentador, con conexiones en directo tanto fuera como dentro de Los \u00c1ngeles, y con una presencia muy limitada de artistas sobre el escenario para actuar y para anunciar los ganadores.<\/p>\n\n\n\n<p>Por el momento, no se sabe c\u00f3mo ser\u00e1 la ahora retrasada 63 edici\u00f3n de los Grammy.<\/p>\n\n\n\n<p>Las candidaturas para estos reconocimientos se dieron a conocer el pasado noviembre y situaron a Beyonc\u00e9 como favorita con nueve nominaciones seguida de Dua Lipa, Taylor Swift y Roddy Ricch con seis menciones por cabeza.<\/p>\n","protected":false},"excerpt":{"rendered":"<p>Los Grammy de 2021, que se iban a celebrar el 31 de enero, se retrasar\u00e1n a una fecha todav\u00eda sin determinar debido a la grave situaci\u00f3n de la pandemia en estos momentos en Los \u00c1ngeles (California), informaron este martes medios estadounidenses como Rolling Stone o Variety. Fuentes de la Academia de la Grabaci\u00f3n de Estados [&hellip;]<\/p>\n","protected":false},"author":2,"featured_media":3148,"comment_status":"open","ping_status":"open","sticky":false,"template":"","format":"standard","meta":{"jnews-multi-image_gallery":[],"jnews_single_post":[],"jnews_primary_category":[],"jnews_social_meta":[],"jnews_review":[],"enable_review":"","type":"","name":"","summary":"","brand":"","sku":"","good":[],"bad":[],"score_override":"","override_value":"","rating":[],"price":[],"jnews_override_counter":[],"jnews_post_split":[],"footnotes":""},"categories":[50],"tags":[474,45],"class_list":["post-3147","post","type-post","status-publish","format-standard","has-post-thumbnail","hentry","category-entretenimiento","tag-grammys","tag-noticias"],"amp_enabled":true,"_links":{"self":[{"href":"https:\/\/esreviral.com\/index.php?rest_route=\/wp\/v2\/posts\/3147"}],"collection":[{"href":"https:\/\/esreviral.com\/index.php?rest_route=\/wp\/v2\/posts"}],"about":[{"href":"https:\/\/esreviral.com\/index.php?rest_route=\/wp\/v2\/types\/post"}],"author":[{"embeddable":true,"href":"https:\/\/esreviral.com\/index.php?rest_route=\/wp\/v2\/users\/2"}],"replies":[{"embeddable":true,"href":"https:\/\/esreviral.com\/index.php?rest_route=%2Fwp%2Fv2%2Fcomments&post=3147"}],"version-history":[{"count":0,"href":"https:\/\/esreviral.com\/index.php?rest_route=\/wp\/v2\/posts\/3147\/revisions"}],"wp:featuredmedia":[{"embeddable":true,"href":"https:\/\/esreviral.com\/index.php?rest_route=\/"}],"wp:attachment":[{"href":"https:\/\/esreviral.com\/index.php?rest_route=%2Fwp%2Fv2%2Fmedia&parent=3147"}],"wp:term":[{"taxonomy":"category","embeddable":true,"href":"https:\/\/esreviral.com\/index.php?rest_route=%2Fwp%2Fv2%2Fcategories&post=3147"},{"taxonomy":"post_tag","embeddable":true,"href":"https:\/\/esreviral.com\/index.php?rest_route=%2Fwp%2Fv2%2Ftags&post=3147"}],"curies":[{"name":"wp","href":"https:\/\/api.w.org\/{rel}","templated":true}]}}