{"id":31468,"date":"2023-02-16T07:18:16","date_gmt":"2023-02-16T12:18:16","guid":{"rendered":"https:\/\/esreviral.com\/?p=31468"},"modified":"2023-02-16T07:18:17","modified_gmt":"2023-02-16T12:18:17","slug":"condenan-a-diez-anos-de-prision-efectiva-a-un-hombre-por-intentar-matar-a-su-expareja","status":"publish","type":"post","link":"https:\/\/esreviral.com\/?p=31468","title":{"rendered":"Condenan a diez a\u00f1os de prisi\u00f3n efectiva a un hombre por intentar matar a su expareja"},"content":{"rendered":"\n<p>El agresor intent\u00f3 matar a su expareja golpe\u00e1ndola con un elemento contundente, provoc\u00e1ndole severas lesiones y riesgo de muerte. La investigaci\u00f3n del caso se llev\u00f3 a cabo por la Fiscal\u00eda PCyF N\u00b0 33, a cargo de la Dra. Marcela Solano.<\/p>\n\n\n\n<p>Un hombre de 37 a\u00f1os de edad fue condenado a la pena de 10 a\u00f1os y 3 meses de prisi\u00f3n de efectivo cumplimiento tras haber sido considerado responsable del delito de tentativa de femicidio agravado por el v\u00ednculo, con alevos\u00eda y por haber sido cometido por un hombre contra una mujer, mediando violencia de g\u00e9nero.<\/p>\n\n\n\n<p>La condena se dict\u00f3 luego de que el imputado reconociera su responsabilidad como autor del hecho delictivo, acordando as\u00ed un avenimiento con la Fiscal\u00eda, el cual fue posteriormente homologado por la titular del Juzgado N\u00b0 20 de esta ciudad, Dra. Luisa Mar\u00eda Escrich, lo que permiti\u00f3 arribar a la sanci\u00f3n se\u00f1alada, evitando revictimizar a la mujer.<\/p>\n\n\n\n<p>El hecho ocurri\u00f3 en el mes de julio de 2021, en una vivienda tipo PH del Barrio de Villa Soldati de esta Ciudad. En esa ocasi\u00f3n, el condenado se hizo presente en la vivienda de la v\u00edctima y a pesar de su oposici\u00f3n logr\u00f3 ingresar al domicilio, para sin m\u00e1s comenzar a efectuarle diversos reproches de \u00edndole sentimental e insultos. Incluso lleg\u00f3 a pedirle a la v\u00edctima la posibilidad de retomar la relaci\u00f3n sentimental, para luego (ante su negativa) amenazarla de muerte a ella y a su peque\u00f1a hija de 6 a\u00f1os.<\/p>\n\n\n\n<p>La victima logr\u00f3 hacer que el agresor saliera de su domicilio -quedando en el interior su hija-, pero al llegar al pasillo \u00e9ste la golpe\u00f3 sorpresivamente por detr\u00e1s en la cabeza con un objeto contundente, d\u00e1ndose a la fuga inmediatamente. Auxiliada por vecinos, fue trasladada de urgencia por el SAME al Hospital Pi\u00f1ero y desde all\u00ed a un nosocomio de mayor complejidad para poder ser intervenida quir\u00fargicamente.<\/p>\n\n\n\n<p>La fiscal\u00eda a cargo de la Dra. Solano inici\u00f3 la investigaci\u00f3n, ordenando diversas pericias y diligencias probatorias, entre ellas los informes m\u00e9dicos de los Hospitales donde la v\u00edctima fue atendida. Adem\u00e1s se recabaron numerosos testimonios, y se incorpor\u00f3 el informe de la Oficina de Asistencia a la V\u00edctima y al Testigo del Ministerio P\u00fablico Fiscal que determin\u00f3 la existencia en el caso, de indicadores de violencia psicol\u00f3gica, simb\u00f3lica, f\u00edsica, ambiental, econ\u00f3mica y sexual.<\/p>\n\n\n\n<p>Los hechos fueron calificados como tentativa de homicidio agravado por el v\u00ednculo con alevos\u00eda y por haber sido cometido por un hombre contra una mujer, mediando violencia de g\u00e9nero (femicidio), dado que sin el auxilio y la atenci\u00f3n m\u00e9dica adecuada el desenlace hubiera sido fatal.<\/p>\n\n\n\n<p>Luego una intensa b\u00fasqueda para dar con el paradero del agresor, la Divisi\u00f3n Homicidios de la Polic\u00eda de la Ciudad logr\u00f3 su detenci\u00f3n en el mes de febrero del 2022, momento desde el que qued\u00f3 detenido en prisi\u00f3n provisional.<\/p>\n\n\n\n<p>Finalmente, fue condenado a la pena de 10 a\u00f1os y tres meses de prisi\u00f3n de cumplimiento efectivo, que adem\u00e1s deber\u00e1 cumplir totalmente, ya que la calificaci\u00f3n legal atribuida impide el acceso a un beneficio de soltura anticipada.<\/p>\n","protected":false},"excerpt":{"rendered":"<p>El agresor intent\u00f3 matar a su expareja golpe\u00e1ndola con un elemento contundente, provoc\u00e1ndole severas lesiones y riesgo de muerte. La investigaci\u00f3n del caso se llev\u00f3 a cabo por la Fiscal\u00eda PCyF N\u00b0 33, a cargo de la Dra. Marcela Solano. Un hombre de 37 a\u00f1os de edad fue condenado a la pena de 10 a\u00f1os [&hellip;]<\/p>\n","protected":false},"author":3,"featured_media":31469,"comment_status":"open","ping_status":"closed","sticky":false,"template":"","format":"standard","meta":{"jnews-multi-image_gallery":[],"jnews_single_post":{"subtitle":"","format":"standard","video":"","gallery":"","source_name":"","source_url":"","via_name":"","via_url":"","override_template":"0","override":[{"template":"4","single_blog_custom":"","parallax":"1","fullscreen":"1","layout":"right-sidebar","sidebar":"default-sidebar","second_sidebar":"default-sidebar","sticky_sidebar":"1","share_position":"top","share_float_style":"share-monocrhome","show_share_counter":"1","show_view_counter":"1","show_featured":"1","show_post_meta":"1","show_post_author":"1","show_post_author_image":"1","show_post_date":"1","post_date_format":"default","post_date_format_custom":"Y\/m\/d","show_post_category":"1","show_post_reading_time":"1","post_reading_time_wpm":"300","show_zoom_button":"1","zoom_button_out_step":"2","zoom_button_in_step":"3","show_post_tag":"1","show_prev_next_post":"1","show_popup_post":"1","number_popup_post":"1","show_author_box":"1","show_post_related":"1","show_inline_post_related":"0"}],"override_image_size":"0","image_override":[{"single_post_thumbnail_size":"crop-500","single_post_gallery_size":"crop-500"}],"trending_post":"0","trending_post_position":"meta","trending_post_label":"Trending","sponsored_post":"0","sponsored_post_label":"Sponsored by","sponsored_post_name":"","sponsored_post_url":"","sponsored_post_logo_enable":"0","sponsored_post_logo":"","sponsored_post_desc":"","disable_ad":"0"},"jnews_primary_category":{"id":"","hide":""},"jnews_social_meta":{"fb_title":"","fb_description":"","fb_image":"","twitter_title":"","twitter_description":"","twitter_image":""},"jnews_review":[],"enable_review":"0","type":"percentage","name":"","summary":"","brand":"","sku":"","good":[{"good_text":""}],"bad":[{"bad_text":""}],"score_override":"","override_value":"","rating":[{"rating_text":"","rating_number":"10"}],"price":[{"shop":"","price":"","link":"","icon":""}],"jnews_override_counter":{"override_view_counter":"0","view_counter_number":"0","override_share_counter":"0","share_counter_number":"0","override_like_counter":"0","like_counter_number":"0","override_dislike_counter":"0","dislike_counter_number":"0"},"jnews_post_split":{"enable_post_split":"0","post_split":[{"template":"1","tag":"h2","numbering":"asc","mode":"normal","first":"0","enable_toc":"0","toc_type":"normal"}]},"footnotes":""},"categories":[58,64],"tags":[44,7186,7204,6662,282,45,6937,310],"class_list":["post-31468","post","type-post","status-publish","format-standard","has-post-thumbnail","hentry","category-argentina","category-sucesos","tag-argentina","tag-delito","tag-expareja","tag-feminicidio","tag-homicidio","tag-noticias","tag-villa-soldati","tag-violencia-de-genero"],"amp_enabled":true,"_links":{"self":[{"href":"https:\/\/esreviral.com\/index.php?rest_route=\/wp\/v2\/posts\/31468"}],"collection":[{"href":"https:\/\/esreviral.com\/index.php?rest_route=\/wp\/v2\/posts"}],"about":[{"href":"https:\/\/esreviral.com\/index.php?rest_route=\/wp\/v2\/types\/post"}],"author":[{"embeddable":true,"href":"https:\/\/esreviral.com\/index.php?rest_route=\/wp\/v2\/users\/3"}],"replies":[{"embeddable":true,"href":"https:\/\/esreviral.com\/index.php?rest_route=%2Fwp%2Fv2%2Fcomments&post=31468"}],"version-history":[{"count":0,"href":"https:\/\/esreviral.com\/index.php?rest_route=\/wp\/v2\/posts\/31468\/revisions"}],"wp:featuredmedia":[{"embeddable":true,"href":"https:\/\/esreviral.com\/index.php?rest_route=\/wp\/v2\/media\/31469"}],"wp:attachment":[{"href":"https:\/\/esreviral.com\/index.php?rest_route=%2Fwp%2Fv2%2Fmedia&parent=31468"}],"wp:term":[{"taxonomy":"category","embeddable":true,"href":"https:\/\/esreviral.com\/index.php?rest_route=%2Fwp%2Fv2%2Fcategories&post=31468"},{"taxonomy":"post_tag","embeddable":true,"href":"https:\/\/esreviral.com\/index.php?rest_route=%2Fwp%2Fv2%2Ftags&post=31468"}],"curies":[{"name":"wp","href":"https:\/\/api.w.org\/{rel}","templated":true}]}}