{"id":31431,"date":"2023-02-15T12:16:50","date_gmt":"2023-02-15T17:16:50","guid":{"rendered":"https:\/\/esreviral.com\/?p=31431"},"modified":"2023-02-15T12:16:50","modified_gmt":"2023-02-15T17:16:50","slug":"se-detecto-por-primera-vez-un-caso-de-gripe-aviar-en-argentina","status":"publish","type":"post","link":"https:\/\/esreviral.com\/?p=31431","title":{"rendered":"Se detect\u00f3 por primera vez un caso de gripe aviar en Argentina"},"content":{"rendered":"\n<p>Tras declarar el estado de alerta preventiva sanitaria, confirman la&nbsp;<strong>detecci\u00f3n de casos de gripe aviar en la Argentina por primera vez.<\/strong><\/p>\n\n\n\n<p>El&nbsp;<strong>hallazgo de casos de influenza aviar se dio en la provincia de Jujuy<\/strong>, motivo por el que el Ministerio de Salud de la Naci\u00f3n y la Secretaria de Agricultura realizar\u00e1n esta tarde una conferencia de prensa para informar medidas de prevenci\u00f3n para evitar la propagaci\u00f3n.<\/p>\n\n\n\n<p>Fuentes del Ministerio de Salud de la Naci\u00f3n precisaron a<strong>&nbsp;Clar\u00edn&nbsp;<\/strong>que \u00abel&nbsp;<strong>riesgo de transmisi\u00f3n a humanos es actualmente muy bajo\u00bb.<\/strong><\/p>\n\n\n\n<p>Adem\u00e1s, precisaron que<strong>&nbsp;la enfermedad \u00abno se transmite a las personas por el consumo de carne aviar y sus subproductos<\/strong>, por lo que&nbsp;<strong>no hay peligro en la ingesta<\/strong>&nbsp;de alimentos\u00bb.<\/p>\n\n\n\n<p>La situaci\u00f3n tom\u00f3 relevancia para las autoridades locales luego de que<strong>&nbsp;se detectaron casos en el Norte de la Argentina y en Uruguay.<\/strong><\/p>\n\n\n\n<p>El pa\u00eds vecino anunci\u00f3 este mi\u00e9rcoles haber detectado el primer caso de gripe aviar en la historia del pa\u00eds, seg\u00fan inform\u00f3 la prensa local y confirm\u00f3 la agencia EFE con fuentes del Ministerio de Ganader\u00eda, Agricultura y Pesca (MGAP).<\/p>\n\n\n\n<p><strong><mark style=\"background-color:rgba(0, 0, 0, 0)\" class=\"has-inline-color has-vivid-red-color\">El Senasa hab\u00eda declarado el estado de alerta preventiva\u00a0<\/mark><\/strong><\/p>\n\n\n\n<p>El pasado 14 de diciembre, el<strong>&nbsp;Servicio Nacional de Sanidad y Calidad Agroalimentaria<\/strong>&nbsp;(Senasa) declar\u00f3 el&nbsp;<strong>estado de alerta preventiva sanitaria en todo el territorio nacional<\/strong>, debido a la presencia de brotes de Influenza Aviar Altamente Pat\u00f3gena en el continente americano.<\/p>\n\n\n\n<p>La mayor\u00eda de los virus de la influenza afectan s\u00f3lo a las aves y no son zoon\u00f3ticos aunque, con menor frecuencia, tambi\u00e9n algunas cepas tienen la capacidad de infectar a especies de mam\u00edferos, incluyendo seres humanos.<\/p>\n\n\n\n<p>En las aves, el virus tiene una alta mortalidad y provoca s\u00edntomas como s\u00edndromes respiratorios, nerviosos o digestivos; alteraciones de los par\u00e1metros productivos, temblores, incoordinaci\u00f3n, diarrea, edema facial, y baja de consumo de agua o alimentos.<\/p>\n\n\n\n<p>Las aves pueden portar normalmente virus de influenza en sus sistemas respiratorio o intestinal y pese a que, en general, no se enferman, transmiten la enfermedad a otras aves funcionado as\u00ed como vectores, explic\u00f3 el Senasa en la normativa.<\/p>\n\n\n\n<p>Si bien la Argentina ostenta la condici\u00f3n de libre de gripe aviar dado que no hubo casos ni sospechas del virus localmente, desde principios de este a\u00f1o se detectaron \u00abbrotes recurrentes\u00bb&nbsp;en Estados Unidos y Canad\u00e1, y su dispersi\u00f3n avanz\u00f3 recientemente a Sudam\u00e9rica con casos en Colombia, Per\u00fa y Ecuador.<\/p>\n\n\n\n<p>En ese sentido, desde que comenz\u00f3 el brote a mediados de noviembre, se registr\u00f3 la muerte de m\u00e1s de 22.000 aves marinas y costeras, siendo en su mayor\u00eda pel\u00edcanos en Per\u00fa.<\/p>\n\n\n\n<p><strong><mark style=\"background-color:rgba(0, 0, 0, 0)\" class=\"has-inline-color has-vivid-red-color\">La OMS pidi\u00f3 vigilar los brotes de gripe aviar<\/mark><\/strong><\/p>\n\n\n\n<p>El pasado 8 de febrero, la<strong>&nbsp;Organizaci\u00f3n Mundial de la Salud<\/strong>&nbsp;(OMS) advirti\u00f3 que en las \u00faltimas semanas se hab\u00edan multiplicado los&nbsp;<strong>brotes de gripe aviar<\/strong>, causada por el virus H5N1 en mam\u00edferos tales como visones, nutrias, zorros y leones marinos, un<strong>&nbsp;fen\u00f3meno preocupante que \u00abdebe ser vigilado\u00bb.<\/strong><\/p>\n\n\n\n<p>La enfermedad, que en algunas ocasiones en las \u00faltimas d\u00e9cadas lleg\u00f3 a&nbsp;afectar a humanos&nbsp;con varios casos mortales, sigue siendo<strong>&nbsp;poco habitual en nuestra especie&nbsp;\u00abpero no podemos asumir que siempre sea as\u00ed<\/strong>&nbsp;y debemos prepararnos para cualquier cambio de situaci\u00f3n\u00bb, subray\u00f3 el director general de la OMS,&nbsp;<strong>Tedros Adhanom Ghebreyesus.\u200b<\/strong><\/p>\n\n\n\n<p>La influenza aviar afecta principalmente a las aves dom\u00e9sticas y se clasifica en 2 subtipos en funci\u00f3n de dos prote\u00ednas de superficie y es considerada altamente mortal, de acuerdo con la OMS.<\/p>\n\n\n\n<p>El m\u00e1ximo responsable de la OMS aconsej\u00f3 no tocar o recoger animales salvajes muertos o con signos de estar enfermos y, en lugar de ello, reportar su presencia a autoridades locales.<\/p>\n\n\n\n<p class=\"has-text-align-right\"><strong><em>Clarin.-<\/em><\/strong><\/p>\n","protected":false},"excerpt":{"rendered":"<p>Lo confirm\u00f3 el Ministerio de Salud. La enfermedad puede ocasionar graves p\u00e9rdidas productivas.<\/p>\n","protected":false},"author":3,"featured_media":31433,"comment_status":"open","ping_status":"closed","sticky":false,"template":"","format":"standard","meta":{"jnews-multi-image_gallery":[],"jnews_single_post":{"subtitle":"","format":"standard","video":"","gallery":"","source_name":"","source_url":"","via_name":"","via_url":"","override_template":"0","override":[{"template":"4","single_blog_custom":"","parallax":"1","fullscreen":"1","layout":"right-sidebar","sidebar":"default-sidebar","second_sidebar":"default-sidebar","sticky_sidebar":"1","share_position":"top","share_float_style":"share-monocrhome","show_share_counter":"1","show_view_counter":"1","show_featured":"1","show_post_meta":"1","show_post_author":"1","show_post_author_image":"1","show_post_date":"1","post_date_format":"default","post_date_format_custom":"Y\/m\/d","show_post_category":"1","show_post_reading_time":"1","post_reading_time_wpm":"300","show_zoom_button":"1","zoom_button_out_step":"2","zoom_button_in_step":"3","show_post_tag":"1","show_prev_next_post":"1","show_popup_post":"1","number_popup_post":"1","show_author_box":"1","show_post_related":"1","show_inline_post_related":"0"}],"override_image_size":"0","image_override":[{"single_post_thumbnail_size":"crop-500","single_post_gallery_size":"crop-500"}],"trending_post":"0","trending_post_position":"meta","trending_post_label":"Trending","sponsored_post":"0","sponsored_post_label":"Sponsored by","sponsored_post_name":"","sponsored_post_url":"","sponsored_post_logo_enable":"0","sponsored_post_logo":"","sponsored_post_desc":"","disable_ad":"0"},"jnews_primary_category":{"id":"","hide":""},"jnews_social_meta":{"fb_title":"","fb_description":"","fb_image":"","twitter_title":"","twitter_description":"","twitter_image":""},"jnews_review":[],"enable_review":"0","type":"percentage","name":"","summary":"","brand":"","sku":"","good":[{"good_text":""}],"bad":[{"bad_text":""}],"score_override":"","override_value":"","rating":[{"rating_text":"","rating_number":"10"}],"price":[{"shop":"","price":"","link":"","icon":""}],"jnews_override_counter":{"override_view_counter":"0","view_counter_number":"0","override_share_counter":"0","share_counter_number":"0","override_like_counter":"0","like_counter_number":"0","override_dislike_counter":"0","dislike_counter_number":"0"},"jnews_post_split":{"enable_post_split":"0","post_split":[{"template":"1","tag":"h2","numbering":"asc","mode":"normal","first":"0","enable_toc":"0","toc_type":"normal"}]},"footnotes":""},"categories":[58],"tags":[470,44,868,580,45],"class_list":["post-31431","post","type-post","status-publish","format-standard","has-post-thumbnail","hentry","category-argentina","tag-agricultura","tag-argentina","tag-gripe-aviar","tag-ministerio-de-salud","tag-noticias"],"amp_enabled":true,"_links":{"self":[{"href":"https:\/\/esreviral.com\/index.php?rest_route=\/wp\/v2\/posts\/31431"}],"collection":[{"href":"https:\/\/esreviral.com\/index.php?rest_route=\/wp\/v2\/posts"}],"about":[{"href":"https:\/\/esreviral.com\/index.php?rest_route=\/wp\/v2\/types\/post"}],"author":[{"embeddable":true,"href":"https:\/\/esreviral.com\/index.php?rest_route=\/wp\/v2\/users\/3"}],"replies":[{"embeddable":true,"href":"https:\/\/esreviral.com\/index.php?rest_route=%2Fwp%2Fv2%2Fcomments&post=31431"}],"version-history":[{"count":0,"href":"https:\/\/esreviral.com\/index.php?rest_route=\/wp\/v2\/posts\/31431\/revisions"}],"wp:featuredmedia":[{"embeddable":true,"href":"https:\/\/esreviral.com\/index.php?rest_route=\/wp\/v2\/media\/31433"}],"wp:attachment":[{"href":"https:\/\/esreviral.com\/index.php?rest_route=%2Fwp%2Fv2%2Fmedia&parent=31431"}],"wp:term":[{"taxonomy":"category","embeddable":true,"href":"https:\/\/esreviral.com\/index.php?rest_route=%2Fwp%2Fv2%2Fcategories&post=31431"},{"taxonomy":"post_tag","embeddable":true,"href":"https:\/\/esreviral.com\/index.php?rest_route=%2Fwp%2Fv2%2Ftags&post=31431"}],"curies":[{"name":"wp","href":"https:\/\/api.w.org\/{rel}","templated":true}]}}