{"id":31401,"date":"2023-02-15T08:10:08","date_gmt":"2023-02-15T13:10:08","guid":{"rendered":"https:\/\/esreviral.com\/?p=31401"},"modified":"2023-02-15T09:39:41","modified_gmt":"2023-02-15T14:39:41","slug":"allanaron-la-casa-del-asesino-de-la-funcionaria-policial","status":"publish","type":"post","link":"https:\/\/esreviral.com\/?p=31401","title":{"rendered":"Allanaron la casa del asesino de la funcionaria policial"},"content":{"rendered":"\n<p>Como era de esperarse, las averiguaciones en torno al asesinato de Maribel Zalazar, continuar\u00edan y este martes por la noche allanaron la casa de \u00d3scar Gustavo Valdez, acusado de dispararle a la v\u00edctima. <\/p>\n\n\n\n<p>Efectivos de la<strong>\u00a0Divisi\u00f3n de Homicidios de la Polic\u00eda Federal Argentina (PFA) <\/strong>\u00a0ingresaron a la vivienda del sujeto, ubicada en la<strong>\u00a0Villa 31<\/strong>, exactamente en la\u00a0<strong>Manzana 14 de la calle Arequipa 2.100<\/strong>.<\/p>\n\n\n\n<p>&nbsp;Los sabuesos ingresaron a la vivienda para encontrar algunos indicios que hayan llevado a cometer semejante acto de violencia.<\/p>\n\n\n\n<p>All\u00ed en la Villa 31, el agresor y su esposa alquilaban una habitaci\u00f3n desde hac\u00eda dos meses. All\u00ed se busc\u00f3 se\u00f1ales de una posible\u00a0<strong>\u201cidea de odio y aversi\u00f3n al personal policial\u201d<\/strong>, que llev\u00f3 a asesinar a la agente de la Ciudad,\u00a0<strong>Maribel Zalazar.<\/strong><\/p>\n\n\n\n<p>Vale mencionar que el atacante ten\u00eda antecedentes penales en su<strong>&nbsp;Ciudad del Este&nbsp;<\/strong>natal &#8211;<strong>Paraguay<\/strong>&#8211; al ser denunciado por<strong>&nbsp;violencia de g\u00e9nero y resistencia a la autoridad,<\/strong>&nbsp;motivo que llev\u00f3 a analizar el ataque a la oficial en la estaci\u00f3n Retiro de la l\u00ednea C de subte y la bale\u00f3 de dos tiros.<\/p>\n\n\n\n<p>Lea tambi\u00e9n: <\/p>\n","protected":false},"excerpt":{"rendered":"<p>Como era de esperarse, las averiguaciones en torno al asesinato de Maribel Zalazar, continuar\u00edan y este martes por la noche allanaron la casa de \u00d3scar Gustavo Valdez, acusado de dispararle a la v\u00edctima. Efectivos de la\u00a0Divisi\u00f3n de Homicidios de la Polic\u00eda Federal Argentina (PFA) \u00a0ingresaron a la vivienda del sujeto, ubicada en la\u00a0Villa 31, exactamente [&hellip;]<\/p>\n","protected":false},"author":2,"featured_media":31317,"comment_status":"open","ping_status":"closed","sticky":false,"template":"","format":"standard","meta":{"jnews-multi-image_gallery":[],"jnews_single_post":{"subtitle":"","format":"standard","video":"","gallery":"","source_name":"","source_url":"","via_name":"","via_url":"","override_template":"0","override":[{"template":"4","single_blog_custom":"","parallax":"1","fullscreen":"1","layout":"right-sidebar","sidebar":"default-sidebar","second_sidebar":"default-sidebar","sticky_sidebar":"1","share_position":"top","share_float_style":"share-monocrhome","show_share_counter":"1","show_view_counter":"1","show_featured":"1","show_post_meta":"1","show_post_author":"1","show_post_author_image":"1","show_post_date":"1","post_date_format":"default","post_date_format_custom":"Y\/m\/d","show_post_category":"1","show_post_reading_time":"1","post_reading_time_wpm":"300","show_zoom_button":"1","zoom_button_out_step":"2","zoom_button_in_step":"3","show_post_tag":"1","show_prev_next_post":"1","show_popup_post":"1","number_popup_post":"1","show_author_box":"1","show_post_related":"1","show_inline_post_related":"0"}],"override_image_size":"0","image_override":[{"single_post_thumbnail_size":"crop-500","single_post_gallery_size":"crop-500"}],"trending_post":"0","trending_post_position":"meta","trending_post_label":"Trending","sponsored_post":"0","sponsored_post_label":"Sponsored by","sponsored_post_name":"","sponsored_post_url":"","sponsored_post_logo_enable":"0","sponsored_post_logo":"","sponsored_post_desc":"","disable_ad":"0"},"jnews_primary_category":{"id":"","hide":""},"jnews_social_meta":{"fb_title":"","fb_description":"","fb_image":"","twitter_title":"","twitter_description":"","twitter_image":""},"jnews_review":[],"enable_review":"0","type":"percentage","name":"","summary":"","brand":"","sku":"","good":[{"good_text":""}],"bad":[{"bad_text":""}],"score_override":"","override_value":"","rating":[{"rating_text":"","rating_number":"10"}],"price":[{"shop":"","price":"","link":"","icon":""}],"jnews_override_counter":{"override_view_counter":"0","view_counter_number":"0","override_share_counter":"0","share_counter_number":"0","override_like_counter":"0","like_counter_number":"0","override_dislike_counter":"0","dislike_counter_number":"0"},"jnews_post_split":{"enable_post_split":"0","post_split":[{"template":"1","tag":"h2","numbering":"asc","mode":"normal","first":"0","enable_toc":"0","toc_type":"normal"}]},"footnotes":""},"categories":[64],"tags":[44,45,7166],"class_list":["post-31401","post","type-post","status-publish","format-standard","has-post-thumbnail","hentry","category-sucesos","tag-argentina","tag-noticias","tag-policia-asesinada"],"amp_enabled":true,"_links":{"self":[{"href":"https:\/\/esreviral.com\/index.php?rest_route=\/wp\/v2\/posts\/31401"}],"collection":[{"href":"https:\/\/esreviral.com\/index.php?rest_route=\/wp\/v2\/posts"}],"about":[{"href":"https:\/\/esreviral.com\/index.php?rest_route=\/wp\/v2\/types\/post"}],"author":[{"embeddable":true,"href":"https:\/\/esreviral.com\/index.php?rest_route=\/wp\/v2\/users\/2"}],"replies":[{"embeddable":true,"href":"https:\/\/esreviral.com\/index.php?rest_route=%2Fwp%2Fv2%2Fcomments&post=31401"}],"version-history":[{"count":0,"href":"https:\/\/esreviral.com\/index.php?rest_route=\/wp\/v2\/posts\/31401\/revisions"}],"wp:featuredmedia":[{"embeddable":true,"href":"https:\/\/esreviral.com\/index.php?rest_route=\/wp\/v2\/media\/31317"}],"wp:attachment":[{"href":"https:\/\/esreviral.com\/index.php?rest_route=%2Fwp%2Fv2%2Fmedia&parent=31401"}],"wp:term":[{"taxonomy":"category","embeddable":true,"href":"https:\/\/esreviral.com\/index.php?rest_route=%2Fwp%2Fv2%2Fcategories&post=31401"},{"taxonomy":"post_tag","embeddable":true,"href":"https:\/\/esreviral.com\/index.php?rest_route=%2Fwp%2Fv2%2Ftags&post=31401"}],"curies":[{"name":"wp","href":"https:\/\/api.w.org\/{rel}","templated":true}]}}