{"id":31385,"date":"2023-02-15T07:12:18","date_gmt":"2023-02-15T12:12:18","guid":{"rendered":"https:\/\/esreviral.com\/?p=31385"},"modified":"2023-02-15T07:12:19","modified_gmt":"2023-02-15T12:12:19","slug":"karol-g-confirma-colaboracion-con-shakira-en-su-cancion-tqg","status":"publish","type":"post","link":"https:\/\/esreviral.com\/?p=31385","title":{"rendered":"Karol G confirma colaboraci\u00f3n con Shakira en su canci\u00f3n \u00abTQG\u00bb"},"content":{"rendered":"\n<p>La\u00a0artista colombiana\u00a0Karol G ha confirmado este martes que lanzar\u00e1 una canci\u00f3n, titulada \u00abTQG\u00bb, junto a Shakira en su nuevo \u00e1lbum\u00a0<em>Ma\u00f1ana ser\u00e1 bonito<\/em>.<\/p>\n\n\n\n<p>En una entrevista con el&nbsp;<em>New York Times<\/em>&nbsp;Karol G cont\u00f3 que hizo realidad su sue\u00f1o de cantar con Shakira.<\/p>\n\n\n\n<p>Conocida como \u00abLa Bichota\u00bb, la colombiana asisti\u00f3 el mes pasado a un juego de baloncesto en EE UU luciendo una camiseta con el mensaje \u00abTe qued\u00f3 grande\u00bb, lo que anticipaba la canci\u00f3n.<\/p>\n\n\n\n<p>EFE hab\u00eda confirmado con la compa\u00f1\u00eda Sony Music, que representa a Shakira, la colaboraci\u00f3n entre ambas.<\/p>\n\n\n\n<p>La colombianas han dejado plasmados en sus \u00faltimos \u00e9xitos sus tropiezos amorosos.<\/p>\n\n\n\n<p>Shakira ha logrado un gran revuelo medi\u00e1tico con su \u00faltimo tema, la sesi\u00f3n 53 junto al productor argentino Bizarrap, que se posicion\u00f3 como la canci\u00f3n en espa\u00f1ol m\u00e1s escuchada en Spotify, y en la que se despacha contra su expareja, Gerard Piqu\u00e9.<\/p>\n\n\n\n<p><em><strong><mark style=\"background-color:rgba(0, 0, 0, 0)\" class=\"has-inline-color has-vivid-red-color\">Ma\u00f1ana ser\u00e1 bonito<\/mark><\/strong><\/em><\/p>\n\n\n\n<p>Con anterioridad la artista colombiana hab\u00eda lanzado las canciones \u00abTe felicito\u00bb y \u00abMonoton\u00eda\u00bb, grabadas junto a los puertorrique\u00f1os Rauw Alejandro y Ozuna, respectivamente, y que tambi\u00e9n inclu\u00edan mensajes interpretados como alusiones directas a su relaci\u00f3n con el padre de sus dos hijos.<\/p>\n\n\n\n<p>Karol G lanz\u00f3 el a\u00f1o pasado su canci\u00f3n \u00abMamii\u00bb, una colaboraci\u00f3n con la californiana Becky G, que fue calificada por los seguidores de la colombiana como un mensaje directo a su expareja, el trapero puertorrique\u00f1o Anuel AA.<\/p>\n\n\n\n<p>En el nuevo \u00e1lbum\u00a0<em>Ma\u00f1ana ser\u00e1 bonito<\/em>, Karol G tambi\u00e9n trabaj\u00f3 con Finneas (hermano y colaborador de Billie Eilish), el cantante de dancehall jamaicano Sean Paul, el cantante de bachata nacido en el Bronx Romeo Santos y el dominicano Angel Dior, entre otros.<\/p>\n\n\n\n<p class=\"has-text-align-right\"><strong><em>ElNacional.-<\/em><\/strong><\/p>\n","protected":false},"excerpt":{"rendered":"<p>En una entrevista con el New York Times la cantante colombiana cont\u00f3 que hizo realidad su sue\u00f1o de cantar con Shakira<\/p>\n","protected":false},"author":3,"featured_media":31386,"comment_status":"open","ping_status":"closed","sticky":false,"template":"","format":"standard","meta":{"jnews-multi-image_gallery":[],"jnews_single_post":{"subtitle":"","format":"standard","video":"","gallery":"","source_name":"","source_url":"","via_name":"","via_url":"","override_template":"0","override":[{"template":"4","single_blog_custom":"","parallax":"1","fullscreen":"1","layout":"right-sidebar","sidebar":"default-sidebar","second_sidebar":"default-sidebar","sticky_sidebar":"1","share_position":"top","share_float_style":"share-monocrhome","show_share_counter":"1","show_view_counter":"1","show_featured":"1","show_post_meta":"1","show_post_author":"1","show_post_author_image":"1","show_post_date":"1","post_date_format":"default","post_date_format_custom":"Y\/m\/d","show_post_category":"1","show_post_reading_time":"1","post_reading_time_wpm":"300","show_zoom_button":"1","zoom_button_out_step":"2","zoom_button_in_step":"3","show_post_tag":"1","show_prev_next_post":"1","show_popup_post":"1","number_popup_post":"1","show_author_box":"1","show_post_related":"1","show_inline_post_related":"0"}],"override_image_size":"0","image_override":[{"single_post_thumbnail_size":"crop-500","single_post_gallery_size":"crop-500"}],"trending_post":"0","trending_post_position":"meta","trending_post_label":"Trending","sponsored_post":"0","sponsored_post_label":"Sponsored by","sponsored_post_name":"","sponsored_post_url":"","sponsored_post_logo_enable":"0","sponsored_post_logo":"","sponsored_post_desc":"","disable_ad":"0"},"jnews_primary_category":{"id":"","hide":""},"jnews_social_meta":{"fb_title":"","fb_description":"","fb_image":"","twitter_title":"","twitter_description":"","twitter_image":""},"jnews_review":[],"enable_review":"0","type":"percentage","name":"","summary":"","brand":"","sku":"","good":[{"good_text":""}],"bad":[{"bad_text":""}],"score_override":"","override_value":"","rating":[{"rating_text":"","rating_number":"10"}],"price":[{"shop":"","price":"","link":"","icon":""}],"jnews_override_counter":{"override_view_counter":"0","view_counter_number":"0","override_share_counter":"0","share_counter_number":"0","override_like_counter":"0","like_counter_number":"0","override_dislike_counter":"0","dislike_counter_number":"0"},"jnews_post_split":{"enable_post_split":"0","post_split":[{"template":"1","tag":"h2","numbering":"asc","mode":"normal","first":"0","enable_toc":"0","toc_type":"normal"}]},"footnotes":""},"categories":[50],"tags":[7179,7180,2332,45,7181,7182,537],"class_list":["post-31385","post","type-post","status-publish","format-standard","has-post-thumbnail","hentry","category-entretenimiento","tag-cancion-2","tag-duo","tag-karol-g","tag-noticias","tag-nuevo-album","tag-nuevo-album-manana-sera-bonito","tag-shakira"],"amp_enabled":true,"_links":{"self":[{"href":"https:\/\/esreviral.com\/index.php?rest_route=\/wp\/v2\/posts\/31385"}],"collection":[{"href":"https:\/\/esreviral.com\/index.php?rest_route=\/wp\/v2\/posts"}],"about":[{"href":"https:\/\/esreviral.com\/index.php?rest_route=\/wp\/v2\/types\/post"}],"author":[{"embeddable":true,"href":"https:\/\/esreviral.com\/index.php?rest_route=\/wp\/v2\/users\/3"}],"replies":[{"embeddable":true,"href":"https:\/\/esreviral.com\/index.php?rest_route=%2Fwp%2Fv2%2Fcomments&post=31385"}],"version-history":[{"count":0,"href":"https:\/\/esreviral.com\/index.php?rest_route=\/wp\/v2\/posts\/31385\/revisions"}],"wp:featuredmedia":[{"embeddable":true,"href":"https:\/\/esreviral.com\/index.php?rest_route=\/wp\/v2\/media\/31386"}],"wp:attachment":[{"href":"https:\/\/esreviral.com\/index.php?rest_route=%2Fwp%2Fv2%2Fmedia&parent=31385"}],"wp:term":[{"taxonomy":"category","embeddable":true,"href":"https:\/\/esreviral.com\/index.php?rest_route=%2Fwp%2Fv2%2Fcategories&post=31385"},{"taxonomy":"post_tag","embeddable":true,"href":"https:\/\/esreviral.com\/index.php?rest_route=%2Fwp%2Fv2%2Ftags&post=31385"}],"curies":[{"name":"wp","href":"https:\/\/api.w.org\/{rel}","templated":true}]}}