{"id":31245,"date":"2023-02-14T08:09:56","date_gmt":"2023-02-14T13:09:56","guid":{"rendered":"https:\/\/esreviral.com\/?p=31245"},"modified":"2023-02-14T16:34:10","modified_gmt":"2023-02-14T21:34:10","slug":"argentina-1985-se-coloca-a-las-puertas-del-oscar","status":"publish","type":"post","link":"https:\/\/esreviral.com\/?p=31245","title":{"rendered":"Argentina, 1985 se coloca a las puertas del Oscar"},"content":{"rendered":"\n<p>\u201cLe quiero agradecer a Leo Messi, que nos hizo muy felices a todos los argentinos\u201d. El esp\u00edritu futbolero que viene acompa\u00f1ando desde hace un buen tiempo el festejado recorrido internacional de Argentina, 1985 volvi\u00f3 a aparecer en las palabras de uno de los productores de la pel\u00edcula, Federico posternak, en un momento tan destacado como el nuevo triunfo de un largometraje nacional en la fiesta del Goya, la m\u00e1s importante celebraci\u00f3n anual del cine de habla hispana.<\/p>\n\n\n\n<p>Aunque qued\u00f3 confirmado al ganar el premio a mejor pel\u00edcula iberoamericana su amplio favoritismo, este nuevo \u00e9xito para Argentina, 1985 tiene una enorme significaci\u00f3n porque se conoce en el coraz\u00f3n de la gran temporada internacional de premios y sobre todo en la v\u00edspera de otra trascendente gala de la pantalla europea. La pel\u00edcula de Santiago Mitre es una de las nominadas de este a\u00f1o a mejor pel\u00edcula no hablada en ingl\u00e9s en la entrega de los Bafta, equivalentes del Oscar en el Reino Unido, otorgados por la academia brit\u00e1nica del cine.<\/p>\n\n\n\n<p>Lea tambi\u00e9n: <\/p>\n\n\n\n<p>Y todo esto ocurre mientras cada vez falta menos para el 12 de marzo, el esperado d\u00eda del Oscar, con nuestra representante tambi\u00e9n ocupando un lugar entre las cinco candidatas a ganar el premio a la mejor pel\u00edcula internacional. Todo este recorrido seguramente debe haber pasado por la cabeza de quienes viajaron a Sevilla en representaci\u00f3n de la pel\u00edcula y subieron al escenario a recibir y agradecer el premio. primero habl\u00f3 peter Lanzani, tambi\u00e9n en nombre de Mitre y del otro gran protagonista, Ricardo Dar\u00edn, ambos ausentes con aviso. \u201cNo estaba nervioso hasta ahora \u2013dijo el actor que personifica en Argentina, 1985 al fiscal adjunto Luis Moreno Ocampo\u2013. Vimos c\u00f3mo una historia tan argentina vista por diferentes p\u00fablicos que pasan por situaciones particulares, son tan diferentes y tan parecidas a la vez porque esas mismas heridas nos hermanan a todos. La \u00fanica manera de luchar contra eso es con la Justicia\u201d.<\/p>\n\n\n\n<p>Sin saberlo, las palabras de Lanzani coincidieron con el primer comentario que se hizo en la transmisi\u00f3n en directo de Televisi\u00f3n Espa\u00f1ola, apenas conocido el triunfo argentino. \u201cQu\u00e9 envidia que se siente al ver esta pel\u00edcula. Al ver al dictador juzgado y condenado, y no muriendo en una cama\u201d, se escuch\u00f3 en pantalla en el momento en que los representantes de la pel\u00edcula, ubicados en asientos de la fila 3 del hermoso Auditorio Andaluc\u00eda de Sevilla, se dirig\u00edan al escenario para recibir el premio.<\/p>\n\n\n\n<p>La menci\u00f3n tiene que ver con el motivo de repercusi\u00f3n m\u00e1s fuerte que tuvo y tiene Argentina, 1985 en Espa\u00f1a, dicho y repetido m\u00e1s de una vez por Mitre y Dar\u00edn en diferentes entrevistas period\u00edsticas. El inter\u00e9s por ver la pel\u00edcula en la pen\u00ednsula tiene que ver en buena medida con el reconocimiento del n\u00facleo de la trama (el hist\u00f3rico Juicio a las Juntas que puso en 1985 en el banquillo de los acusados a los responsables de la \u00faltima dictadura militar) y el lamento de que algo parecido no hubiera cerrado en Espa\u00f1a la larga experiencia franquista. Despu\u00e9s de Lanzani le toc\u00f3 hablar a Agustina Llamb\u00ed Campbell, una de las productoras, que dedic\u00f3 el premio al elenco y al equipo t\u00e9cnico de Argentina, 1985. \u201cY tambi\u00e9n a los colegas de las otras pel\u00edculas nominadas, y a todos los productores y productoras de cine en Am\u00e9rica Latina\u201d.<\/p>\n\n\n\n<p><\/p>\n\n\n\n<p>La coronaci\u00f3n con el Goya de Argentina, 1985 tuvo presencia argentina desde el mismo anuncio. Le toc\u00f3 a Alberto Ammann, actor nacido en nuestro pa\u00eds y radicado en Espa\u00f1a desde hace muchos a\u00f1os, dar el nombre de la pel\u00edcula ganadora con indisimulada alegr\u00eda y el pu\u00f1o cerrado como se\u00f1al de festejo. Ammann, que tambi\u00e9n hizo cine en nuestro pa\u00eds (Tesis sobre un homicidio, Betib\u00fa), lleg\u00f3 al escenario para anunciar el premio de este a\u00f1o al cine iberoamericano junto a la actriz espa\u00f1ola Cecilia Su\u00e1rez. Las otras nominadas eran 1976 (Chile), La jaur\u00eda (Colombia), Utama (Bolivia) y Noche de fuego (M\u00e9xico). Pero el festejo fue una vez m\u00e1s para el cine argentino, que con el de este a\u00f1o suma un total de 19 triunfos como mejor pel\u00edcula iberoamericana votada por los integrantes de la academia del cine espa\u00f1ol. El \u00faltimo triunfo hasta el momento en esa categor\u00eda hab\u00eda sido el de La odisea de los giles (tambi\u00e9n protagonizada por Dar\u00edn), en 2020. Antes, triunfos parecidos reconocieron a pel\u00edculas tan destacadas como Relatos salvajes, El secreto de sus ojos, El clan, El ciudadano ilustre, Un cuento chino, Un lugar en el mundo y Cenizas del para\u00edso.<\/p>\n\n\n\n<p>El gran momento, una vez m\u00e1s, para el cine argentino en los Goya lleg\u00f3 cuando estaba por cumplirse la primera hora y media de la gala n\u00famero 37 de la historia del premio, que ser\u00e1 recordada de manera casi excluyente por la gran despedida que le hizo toda la comunidad del cine espa\u00f1ol a una de sus grandes figuras, el director Carlos Saura. La imagen del director fallecido a los 91 a\u00f1os el viernes 10 de febrero ocup\u00f3 el lugar m\u00e1s destacado del escenario al comenzar la ceremonia y toda la primera media hora estuvo dedicada a evocar a esta gran personalidad del cine espa\u00f1ol, que hab\u00eda sido elegida por la Academia del Cine Espa\u00f1ol destinataria del Goya de Honor de este a\u00f1o. Pudo recibir el reconocimiento en su casa la semana pasada, pero falleci\u00f3 en la v\u00edspera de la gala. Despu\u00e9s de un primer momento musical a cargo de Manuel Carrasco y una versi\u00f3n de \u201cCantares\u201d, tema popularizado por Joan Manuel Serrat, todo fue para Saura. El largo momento consagrado al recuerdo del fallecido realizador tuvo una elevada carga emotiva, primero con la aparici\u00f3n en el escenario de la actriz Carmen Maura, figura destacada del cine de Saura. Maura puso el Goya en manos de la esposa de Saura, Eulalia Ram\u00f3n, y dos de sus seis hijos, Antonio y Ana. Despu\u00e9s de un recorrido por im\u00e1genes de Cr\u00eda cuervos, uno de sus mejores films, el homenaje sigui\u00f3 con una versi\u00f3n muy festiva de \u201cPorque te vas\u201d, el tema musical que tambi\u00e9n identific\u00f3 a la pel\u00edcula, interpretado por la mexicana Natalia Lafourcade. El largu\u00edsimo aplauso que todo el auditorio le tribut\u00f3 a Saura fue el momento m\u00e1s conmovedor de toda la velada.<\/p>\n\n\n\n<p>Un poco m\u00e1s tarde se abri\u00f3 un segundo tributo a otra gran estrella del cine y el arte de Espa\u00f1a, Lola Flores, en el a\u00f1o del centenario de su nacimiento. La evocaci\u00f3n de la Faraona tuvo un sabor especial porque se hac\u00eda en la misma tierra andaluza que la vio nacer, hace ya un siglo. El homenaje se cerr\u00f3 con la participaci\u00f3n de Lolita, una de las hijas de Lola Flores y heredera de su arte. Interpret\u00f3 una versi\u00f3n con arreglos jazz\u00edsticos de \u201cPena, penita, pena\u201d, uno de los himnos de la copla andaluza, escrito por sus autores m\u00e1s ic\u00f3nicos, Quintero, Le\u00f3n y Quiroga.<\/p>\n\n\n\n<p>Otro momento de elevada temperatura emotiva la aport\u00f3 Telmo Irureta, un actor con par\u00e1lisis cerebral que sobrellev\u00f3 todas las dificultades para consagrarse revelaci\u00f3n y recibir el Goya por su labor en la pel\u00edcula La consagraci\u00f3n de la primavera.<\/p>\n\n\n\n<p>Con otro andaluz, el actor malague\u00f1o Antonio de la Torre, y su colega Clara Lago como anfitriones, la ceremonia del Goya eligi\u00f3 este a\u00f1o casi no ahorrar tiempo. Una detr\u00e1s de otra, casi sin pausas, las distintas categor\u00edas del premio fueron desfilando sobre el escenario casi sin otro tr\u00e1mite que el anuncio de las nominaciones y el ganador de cada una de ellas. Sucesivos duetos de figuras del cine espa\u00f1ol se encargaron de hacer efectiva esa continuidad, que en un momento result\u00f3 casi burocr\u00e1tica.<\/p>\n\n\n\n<p>Esta planificaci\u00f3n redujo casi al m\u00ednimo el compromiso de la pareja de anfitriones. En realidad, a ninguno le toc\u00f3 cumplir estrictamente la funci\u00f3n de animadores, sino que cada uno de ellos tuvo su momento destacado. Quien mejor lo aprovech\u00f3 fue De la Torre, con un mon\u00f3logo que ofreci\u00f3 mientras recorr\u00eda las butacas del auditorio deslizando comentarios sobre la actualidad del cine espa\u00f1ol y elegantes elogios a las pel\u00edculas y las figuras nominadas. Fue muy comentada su menci\u00f3n a la precariedad de condiciones en las que trabajan la mayor\u00eda de los actores y actrices en Espa\u00f1a. \u201cSolo un 8 por ciento, en el que me incluyo, puede vivir de esta profesi\u00f3n\u201d, dijo.<\/p>\n\n\n\n<p>As\u00ed y todo, la ceremonia tuvo bastante fluidez. Entre otras cosas, porque se hab\u00eda tomado la decisi\u00f3n de darle el protagonismo al anuncio de los ganadores (de la manera m\u00e1s simple) y al pu\u00f1ado de homenajes de este a\u00f1o con destinatarios muy precisos. Adem\u00e1s de los homenajes a las personalidades que ya nos dejaron, como Saura y Lola Flores, m\u00e1s el tributo colectivo del tradicional segmento In Memoriam, hubo otro momento especial de aplauso, en este caso para una figura de enorme y plena vigencia que subi\u00f3 al escenario para recibir el Goya internacional de este a\u00f1o: la actriz francesa Juliette Binoche. Ya se hab\u00edan superado largamente las tres horas previstas cuando As Bestas, de Rodrigo Sorogoyen, se convirti\u00f3 en la gran ganadora de la noche, al llevarse los premios a la mejor pel\u00edcula, al mejor director y al mejor actor protag\u00f3nico, el franc\u00e9s D\u00e9nis Menochet. Fue muy celebrada la aparici\u00f3n, para anunciar la mejor pel\u00edcula, del cuarteto femenino protag\u00f3nico de B\u00e9lle Epoque, de Fernando Trueba, a 30 a\u00f1os de su estreno. All\u00ed aparecieron en el escenario Maribel Verd\u00fa, Pen\u00e9lope Cruz, Ariadna Gil y Miriam D\u00edaz Aroca.<\/p>\n\n\n\n<p>El premio al mejor actor para Menochet, en tanto, fue entregado por Leonardo Sbaraglia, una presencia que sirvi\u00f3 para recordar que una vez m\u00e1s la fiesta del Goya tuvo festejo argentino. En este caso con un nuevo triunfo para la pel\u00edcula nacional m\u00e1s exitosa y premiada de los \u00faltimos tiempos. Fue otra noche de felicidad para Argentina, 1985. Y con menci\u00f3n futbolera en el festejo.<\/p>\n\n\n\n<p class=\"has-text-align-right\"><strong><em>LaNaci\u00f3n.-<\/em><\/strong><\/p>\n","protected":false},"excerpt":{"rendered":"<p>El premio Goya que obtuvo el film este s\u00e1bado lleg\u00f3 en el momento justo para mantener las expectativas en alza<\/p>\n","protected":false},"author":3,"featured_media":31246,"comment_status":"open","ping_status":"closed","sticky":false,"template":"","format":"standard","meta":{"jnews-multi-image_gallery":[],"jnews_single_post":{"subtitle":"","format":"standard","video":"","gallery":"","source_name":"","source_url":"","via_name":"","via_url":"","override_template":"0","override":[{"template":"4","single_blog_custom":"","parallax":"1","fullscreen":"1","layout":"right-sidebar","sidebar":"default-sidebar","second_sidebar":"default-sidebar","sticky_sidebar":"1","share_position":"top","share_float_style":"share-monocrhome","show_share_counter":"1","show_view_counter":"1","show_featured":"1","show_post_meta":"1","show_post_author":"1","show_post_author_image":"1","show_post_date":"1","post_date_format":"default","post_date_format_custom":"Y\/m\/d","show_post_category":"1","show_post_reading_time":"1","post_reading_time_wpm":"300","show_zoom_button":"1","zoom_button_out_step":"2","zoom_button_in_step":"3","show_post_tag":"1","show_prev_next_post":"1","show_popup_post":"1","number_popup_post":"1","show_author_box":"1","show_post_related":"1","show_inline_post_related":"0"}],"override_image_size":"0","image_override":[{"single_post_thumbnail_size":"crop-500","single_post_gallery_size":"crop-500"}],"trending_post":"0","trending_post_position":"meta","trending_post_label":"Trending","sponsored_post":"0","sponsored_post_label":"Sponsored by","sponsored_post_name":"","sponsored_post_url":"","sponsored_post_logo_enable":"0","sponsored_post_logo":"","sponsored_post_desc":"","disable_ad":"0"},"jnews_primary_category":{"id":"","hide":""},"jnews_social_meta":{"fb_title":"","fb_description":"","fb_image":"","twitter_title":"","twitter_description":"","twitter_image":""},"jnews_review":[],"enable_review":"0","type":"percentage","name":"","summary":"","brand":"","sku":"","good":[{"good_text":""}],"bad":[{"bad_text":""}],"score_override":"","override_value":"","rating":[{"rating_text":"","rating_number":"10"}],"price":[{"shop":"","price":"","link":"","icon":""}],"jnews_override_counter":{"override_view_counter":"0","view_counter_number":"0","override_share_counter":"0","share_counter_number":"0","override_like_counter":"0","like_counter_number":"0","override_dislike_counter":"0","dislike_counter_number":"0"},"jnews_post_split":{"enable_post_split":"0","post_split":[{"template":"1","tag":"h2","numbering":"asc","mode":"normal","first":"0","enable_toc":"0","toc_type":"normal"}]},"footnotes":""},"categories":[50],"tags":[6808,44,6170,96,45,1708,6586],"class_list":["post-31245","post","type-post","status-publish","format-standard","has-post-thumbnail","hentry","category-entretenimiento","tag-academia-de-hollywood","tag-argentina","tag-argentina-1985","tag-hollywood","tag-noticias","tag-oscar","tag-oscar-2023"],"amp_enabled":true,"_links":{"self":[{"href":"https:\/\/esreviral.com\/index.php?rest_route=\/wp\/v2\/posts\/31245"}],"collection":[{"href":"https:\/\/esreviral.com\/index.php?rest_route=\/wp\/v2\/posts"}],"about":[{"href":"https:\/\/esreviral.com\/index.php?rest_route=\/wp\/v2\/types\/post"}],"author":[{"embeddable":true,"href":"https:\/\/esreviral.com\/index.php?rest_route=\/wp\/v2\/users\/3"}],"replies":[{"embeddable":true,"href":"https:\/\/esreviral.com\/index.php?rest_route=%2Fwp%2Fv2%2Fcomments&post=31245"}],"version-history":[{"count":0,"href":"https:\/\/esreviral.com\/index.php?rest_route=\/wp\/v2\/posts\/31245\/revisions"}],"wp:featuredmedia":[{"embeddable":true,"href":"https:\/\/esreviral.com\/index.php?rest_route=\/wp\/v2\/media\/31246"}],"wp:attachment":[{"href":"https:\/\/esreviral.com\/index.php?rest_route=%2Fwp%2Fv2%2Fmedia&parent=31245"}],"wp:term":[{"taxonomy":"category","embeddable":true,"href":"https:\/\/esreviral.com\/index.php?rest_route=%2Fwp%2Fv2%2Fcategories&post=31245"},{"taxonomy":"post_tag","embeddable":true,"href":"https:\/\/esreviral.com\/index.php?rest_route=%2Fwp%2Fv2%2Ftags&post=31245"}],"curies":[{"name":"wp","href":"https:\/\/api.w.org\/{rel}","templated":true}]}}