{"id":31242,"date":"2023-02-14T07:57:48","date_gmt":"2023-02-14T12:57:48","guid":{"rendered":"https:\/\/esreviral.com\/?p=31242"},"modified":"2023-02-14T07:57:49","modified_gmt":"2023-02-14T12:57:49","slug":"medicos-podran-emitir-recetas-electronicas-a-partir-del-28-de-febrero-en-provincia","status":"publish","type":"post","link":"https:\/\/esreviral.com\/?p=31242","title":{"rendered":"M\u00e9dicos podr\u00e1n emitir recetas electr\u00f3nicas a partir del 28 de Febrero en provincia"},"content":{"rendered":"\n<p>El Gobierno bonaerense comenz\u00f3 el proceso para habilitar el sistema de receta electr\u00f3nica para obras sociales, prepagas y particulares. Seg\u00fan se inform\u00f3 ayer, se podr\u00e1 utilizar este mecanismo de prescripci\u00f3n de medicamentos a partir del 28 de febrero.<\/p>\n\n\n\n<p>La decisi\u00f3n va en l\u00ednea con una resoluci\u00f3n del Ministerio de Salud de Naci\u00f3n que suspendi\u00f3 el m\u00e9todo de prescripci\u00f3n por WhatsApp y otros medios virtuales que se hab\u00edan instaurado en 2020, en medio de la pandemia por el Covid-19.<\/p>\n\n\n\n<p>La suspensi\u00f3n se deb\u00eda aplicar a partir del 28 de diciembre. Pero como fue una medida \u00absorpresiva\u00bb para todos los eslabones de la cadena de comercializaci\u00f3n, la ministra Carla Vizzoti decidi\u00f3 mantener la variante electr\u00f3nica hasta el 28 de febrero, aunque aplica s\u00f3lo a los pacientes con enfermedades cr\u00f3nicas.<\/p>\n\n\n\n<p>Ahora, el gobierno de Axel Kicillof avanza en la digitalizaci\u00f3n con una herramienta que -seg\u00fan explicaronresulta \u00abpr\u00e1ctica, \u00e1gil y segura\u00bb. Seg\u00fan dijo el gobernador, servir\u00e1 para mejorar la atenci\u00f3n y \u00abampliar\u00e1 derechos para las y los bonaerenses\u00bb.<\/p>\n\n\n\n<p>Alcanzar\u00e1 a quienes tengan obra social, prepaga o se atiendan en el sistema p\u00fablico. Los representantes de los colegios profesionales vinculados con la salud avalan el programa.<\/p>\n\n\n\n<p>El primer paso -que arranca- es la inscripci\u00f3n de todos los m\u00e9dicos y especialistas en un registro con el DNI y la matr\u00edcula. La plataforma estar\u00e1 disponible para todas las farmacias que operan en la Provincia.<\/p>\n\n\n\n<p>Las autoridades del Ministerio de Salud provincial habilitaron 175 \u00abpuntos de registro\u00bb para los profesionales y una p\u00e1gina donde pueden cargar los datos desde el sitio oficial (www.<a href=\"https:\/\/www.ms.gba.gov.ar\/\" target=\"_blank\" rel=\"noreferrer noopener\">https:\/\/www.ms.gba.gov.ar<\/a>) El ministro Nicol\u00e1s Kreplak explic\u00f3 que el instrumento no tiene costos para los operadores y se puede utilizar para hacer recetas desde cualquier computadora o celular.<\/p>\n\n\n\n<p>\u00abA partir del 28 de febrero ya estar\u00e1 disponible para toda la poblaci\u00f3n esta receta de medicamentos prescripta por un profesional a trav\u00e9s del celular o correo electr\u00f3nico\u00bb, asegur\u00f3.<\/p>\n\n\n\n<p>Las obras sociales o institutos que ya utilizan estas plataformas (como PAMI o el IOMA) se acoplar\u00e1n al sistema, seg\u00fan aclararon en La Plata.<\/p>\n\n\n\n<p>Otro beneficio que destacan las autoridades: facilitar\u00e1 la gesti\u00f3n de los medicamentos a quienes requieren un tratamiento prolongado, porque evitar\u00e1 concurrir al consultorio una vez por mes.<\/p>\n\n\n\n<p>El anuncio oficial tuvo el aval de los colegios de M\u00e9dicos y de Farmac\u00e9uticos de la Buenos Aires. En los pr\u00f3ximos d\u00edas, el organismo provincial otorgar\u00e1 una firma digital a cada m\u00e9dico que se registre para que pueda operar desde el primer d\u00eda de marzo.<\/p>\n\n\n\n<p>Seg\u00fan Kicillof, \u00aben tiempo r\u00e9cord, reemplazamos el sistema que debimos emplear para hacer frente a la pandemia por otro con los m\u00e1s altos est\u00e1ndares de seguridad, eficacia, rendimiento y sencillez\u00bb.<\/p>\n\n\n\n<p>En una etapa posterior, la Provincia buscar\u00e1 que esta plataforma digital sirva \u00abpara garantizar que la prescripci\u00f3n m\u00e9dica se realice \u00fanicamente con medicamentos gen\u00e9ricos\u00bb, adelant\u00f3 el gobernador.<\/p>\n\n\n\n<p class=\"has-text-align-right\"><strong><em>Clarin.-<\/em><\/strong><\/p>\n","protected":false},"excerpt":{"rendered":"<p>Se abri\u00f3 un registro para que los m\u00e9dicos habiliten su firma digital. Se podr\u00e1 utilizar en todas las farmacias.<\/p>\n","protected":false},"author":3,"featured_media":31243,"comment_status":"open","ping_status":"closed","sticky":false,"template":"","format":"standard","meta":{"jnews-multi-image_gallery":[],"jnews_single_post":{"subtitle":"","format":"standard","video":"","gallery":"","source_name":"","source_url":"","via_name":"","via_url":"","override_template":"0","override":[{"template":"4","single_blog_custom":"","parallax":"1","fullscreen":"1","layout":"right-sidebar","sidebar":"default-sidebar","second_sidebar":"default-sidebar","sticky_sidebar":"1","share_position":"top","share_float_style":"share-monocrhome","show_share_counter":"1","show_view_counter":"1","show_featured":"1","show_post_meta":"1","show_post_author":"1","show_post_author_image":"1","show_post_date":"1","post_date_format":"default","post_date_format_custom":"Y\/m\/d","show_post_category":"1","show_post_reading_time":"1","post_reading_time_wpm":"300","show_zoom_button":"1","zoom_button_out_step":"2","zoom_button_in_step":"3","show_post_tag":"1","show_prev_next_post":"1","show_popup_post":"1","number_popup_post":"1","show_author_box":"1","show_post_related":"1","show_inline_post_related":"0"}],"override_image_size":"0","image_override":[{"single_post_thumbnail_size":"crop-500","single_post_gallery_size":"crop-500"}],"trending_post":"0","trending_post_position":"meta","trending_post_label":"Trending","sponsored_post":"0","sponsored_post_label":"Sponsored by","sponsored_post_name":"","sponsored_post_url":"","sponsored_post_logo_enable":"0","sponsored_post_logo":"","sponsored_post_desc":"","disable_ad":"0"},"jnews_primary_category":{"id":"","hide":""},"jnews_social_meta":{"fb_title":"","fb_description":"","fb_image":"","twitter_title":"","twitter_description":"","twitter_image":""},"jnews_review":[],"enable_review":"0","type":"percentage","name":"","summary":"","brand":"","sku":"","good":[{"good_text":""}],"bad":[{"bad_text":""}],"score_override":"","override_value":"","rating":[{"rating_text":"","rating_number":"10"}],"price":[{"shop":"","price":"","link":"","icon":""}],"jnews_override_counter":{"override_view_counter":"0","view_counter_number":"0","override_share_counter":"0","share_counter_number":"0","override_like_counter":"0","like_counter_number":"0","override_dislike_counter":"0","dislike_counter_number":"0"},"jnews_post_split":{"enable_post_split":"0","post_split":[{"template":"1","tag":"h2","numbering":"asc","mode":"normal","first":"0","enable_toc":"0","toc_type":"normal"}]},"footnotes":""},"categories":[58,84],"tags":[44,390,7145,45,7143,7144,3840,7142],"class_list":["post-31242","post","type-post","status-publish","format-standard","has-post-thumbnail","hentry","category-argentina","category-salud","tag-argentina","tag-medicos","tag-ministerio-de-salud-de-nacion","tag-noticias","tag-obras-sociales","tag-prepagas","tag-provincia","tag-recetas-electronicas"],"amp_enabled":true,"_links":{"self":[{"href":"https:\/\/esreviral.com\/index.php?rest_route=\/wp\/v2\/posts\/31242"}],"collection":[{"href":"https:\/\/esreviral.com\/index.php?rest_route=\/wp\/v2\/posts"}],"about":[{"href":"https:\/\/esreviral.com\/index.php?rest_route=\/wp\/v2\/types\/post"}],"author":[{"embeddable":true,"href":"https:\/\/esreviral.com\/index.php?rest_route=\/wp\/v2\/users\/3"}],"replies":[{"embeddable":true,"href":"https:\/\/esreviral.com\/index.php?rest_route=%2Fwp%2Fv2%2Fcomments&post=31242"}],"version-history":[{"count":0,"href":"https:\/\/esreviral.com\/index.php?rest_route=\/wp\/v2\/posts\/31242\/revisions"}],"wp:featuredmedia":[{"embeddable":true,"href":"https:\/\/esreviral.com\/index.php?rest_route=\/wp\/v2\/media\/31243"}],"wp:attachment":[{"href":"https:\/\/esreviral.com\/index.php?rest_route=%2Fwp%2Fv2%2Fmedia&parent=31242"}],"wp:term":[{"taxonomy":"category","embeddable":true,"href":"https:\/\/esreviral.com\/index.php?rest_route=%2Fwp%2Fv2%2Fcategories&post=31242"},{"taxonomy":"post_tag","embeddable":true,"href":"https:\/\/esreviral.com\/index.php?rest_route=%2Fwp%2Fv2%2Ftags&post=31242"}],"curies":[{"name":"wp","href":"https:\/\/api.w.org\/{rel}","templated":true}]}}