{"id":31225,"date":"2023-02-14T07:13:22","date_gmt":"2023-02-14T12:13:22","guid":{"rendered":"https:\/\/esreviral.com\/?p=31225"},"modified":"2023-02-14T07:13:23","modified_gmt":"2023-02-14T12:13:23","slug":"carne-congelan-el-precio-de-siete-cortes-populares-y-habra-descuentos-en-carnicerias","status":"publish","type":"post","link":"https:\/\/esreviral.com\/?p=31225","title":{"rendered":"Carne: congelan el precio de siete cortes populares y habr\u00e1 descuentos en carnicer\u00edas"},"content":{"rendered":"\n<p>El Gobierno anunci\u00f3 la inclusi\u00f3n de la carne en el programa de Precios Justos tras los fuertes aumentos que tuvo el producto en lo que va del a\u00f1o,&nbsp;<strong>trepando entre un 25% a 30%<\/strong>&nbsp;en las g\u00f3ndolas y carnicer\u00edas e impact\u00f3 sensiblemente en la inflaci\u00f3n. Este martes el Indec divulgar\u00e1 el dato de enero, que rondar\u00eda el 6%, seg\u00fan las consultoras privadas.<\/p>\n\n\n\n<p>\u00abCuando miramos la inflaci\u00f3n de enero, uno de los temas que aparece como golpe\u00e1ndonos de forma estacional es la carne. Y no es lo \u00fanico. Algunos, haciendo mal uso de un objetivo que nos pusimos como Ministerio, que es bajar la inflaci\u00f3n a la mitad de lo que la recibimos y ponernos plazo, empiezan a jugar con que el indice de enero es una frustraci\u00f3n. Es un problemas para todos los bolsillos de los argentinos. Y para nosotros, mas alla de la bronca que nos da, es un desaf\u00edo que nos obliga y&nbsp;nos impone la necesidad de seguir tomando medidas, como la micro, como es la carne, y desde la macro\u00bb, dijo el ministro de Econom\u00eda,&nbsp;<strong>Sergio Massa<\/strong>, durante el anuncio de \u00abPrecios Justos Carne\u00bb en el Palacio de Hacienda, en la que estuvo acompa\u00f1ado por el secretario de Comercio, Mat\u00edas Tombolini; el titular de la secretar\u00eda de Agricultura, Juan Jos\u00e9 Bahillo; el titular de la AFIP, Carlos Castagneto, y la presidenta del Banco Naci\u00f3n, Silvina Batakis.<\/p>\n\n\n\n<p>Los cortes que ingresar\u00e1n al plan oficial son el asado a $ 1.035,\u00a0la nalga a $ 1.375, el matambre a $1.310,\u00a0el vac\u00edo a $ 1.350; la falda a $ 675, la paleta a $ 1.113 y la tapa de asado\u00a0a $1.035, los 7 cortes que est\u00e1n prohibidos exportar hasta el 31 de diciembre. Seg\u00fan los c\u00e1lculos del Gobierno,\u00a0<strong>estos valores son entre 30% y 35% m\u00e1s barato de que lo que se comercializa en los canales habituales.<\/strong><\/p>\n\n\n\n<figure class=\"wp-block-image size-large\"><img fetchpriority=\"high\" decoding=\"async\" width=\"1024\" height=\"576\" src=\"https:\/\/esreviral.com\/wp-content\/uploads\/2023\/02\/AnyConv.com__Carne-foto-argenitna.gob_.ar_-1024x576.webp\" alt=\"\" class=\"wp-image-31230\" srcset=\"https:\/\/esreviral.com\/wp-content\/uploads\/2023\/02\/AnyConv.com__Carne-foto-argenitna.gob_.ar_-1024x576.webp 1024w, https:\/\/esreviral.com\/wp-content\/uploads\/2023\/02\/AnyConv.com__Carne-foto-argenitna.gob_.ar_-300x169.webp 300w, https:\/\/esreviral.com\/wp-content\/uploads\/2023\/02\/AnyConv.com__Carne-foto-argenitna.gob_.ar_-768x432.webp 768w, https:\/\/esreviral.com\/wp-content\/uploads\/2023\/02\/AnyConv.com__Carne-foto-argenitna.gob_.ar_-1536x864.webp 1536w, https:\/\/esreviral.com\/wp-content\/uploads\/2023\/02\/AnyConv.com__Carne-foto-argenitna.gob_.ar_-750x422.webp 750w, https:\/\/esreviral.com\/wp-content\/uploads\/2023\/02\/AnyConv.com__Carne-foto-argenitna.gob_.ar_-1140x641.webp 1140w, https:\/\/esreviral.com\/wp-content\/uploads\/2023\/02\/AnyConv.com__Carne-foto-argenitna.gob_.ar_.webp 1920w\" sizes=\"(max-width: 1024px) 100vw, 1024px\" \/><\/figure>\n\n\n\n<p>Los precios acordados comenzar\u00e1n a regir a partir de este viernes en supermercados y&nbsp;<strong>se mantendr\u00e1n hasta el 31 de marzo&nbsp;<\/strong>y luego estos cortes tendr\u00e1n una pauta del 3,2% hasta el 30 de junio. Y la oferta ser\u00e1 mayor a lo que fue el programa anterior que estuvo vigente hasta septiembre pasado. Ahora, en vez de 6.000 toneladas,&nbsp;<strong>la oferta ser\u00e1 de 15.000 toneladas<\/strong>&nbsp;(m\u00e1s lo que aporte Coto y La An\u00f3nima que se autoabastecen) que se podr\u00e1 comprar en supermercados nucleados en nucleados en la Asociacion de Supermercados Unidos (ASU), la C\u00e1mara Argentina de Supermercados (CAS) y Federaci\u00f3n Argentina de Supermercados y Autoservicios (FASA) y carnicer\u00edas de frigor\u00edficos.<\/p>\n\n\n\n<p>Adem\u00e1s, se anunci\u00f3 el<strong>&nbsp;reintegro del 10% de compras con tarjeta de d\u00e9bito<\/strong>&nbsp;para los comercios que se encuentren inscriptos en la AFIP a la fecha de entrada en vigencia del programa. Aqu\u00ed se incluye carnicer\u00edas, minimercados y comercios que se est\u00e9n inscriptos en el IVA como MiPyme. Pero quedar\u00e1n excluidos hipermercados y supermercados de cadenas. El tope del reintegro, que se acreditar\u00e1 en 48 hs, ser\u00e1 $2.000 por mes.<\/p>\n\n\n\n<p>Adem\u00e1s, se le suma que<strong>&nbsp;los d\u00edas s\u00e1bado y domingo habr\u00e1&nbsp;35% de descuento<\/strong>&nbsp;cada vez que una persona haga&nbsp;una compra con tarjetas del Banco Naci\u00f3n.&nbsp;<\/p>\n\n\n\n<p>El principal factor de este aumento se debe al fuerte aumento que tuvo&nbsp;<strong>el valor de la hacienda<\/strong>&nbsp;desde que comenz\u00f3 el a\u00f1o al haber m\u00e1s retenci\u00f3n en los campos. En el primer d\u00eda de operaciones, las principales categor\u00edas que se comercializan al mercado dom\u00e9stico cotizaban a 312 el kilo, y el \u00faltimo viernes cerr\u00f3 en $ 490, una suba del 57% en apenas un mes y medio.<\/p>\n\n\n\n<p>De todas maneras, desde el sector aseguran que&nbsp;<strong>este aumento se debe a una recomposici\u00f3n de precios del 2022<\/strong>, a\u00f1o que las subas en dicho mercado fueron apenas de 40% ante la gran oferta de animales que provoc\u00f3 la sequ\u00eda en las diferentes zonas productivas del pa\u00eds.<\/p>\n\n\n\n<p>En este escenario, el a\u00f1o pasado la carne al mostrador se elev\u00f3 un 42% frente al 94% que dio la inflaci\u00f3n general. Pero en lo que va del a\u00f1o, ya se increment\u00f3 entre un 25% a 30%.<\/p>\n\n\n\n<p>\u00abLa sequ\u00eda, de alguna manera, nos aument\u00f3 el volumen de producci\u00f3n y de faena y mantuvo el precio por debajo de la inflaci\u00f3n. El cambio de periodo en el ciclo productivo, la de recuperar valor,&nbsp;nos fue marcando una suba de valor en enero que se sinti\u00f3 y lo estamos sintiendo ahora en el precio del consumidor final\u00bb, agreg\u00f3 Massa en su discurso.<\/p>\n\n\n\n<p>Tambi\u00e9n se anunci\u00f3&nbsp;<strong>beneficios para las carnicer\u00edas<\/strong>&nbsp;con el fin de que haya&nbsp;menor evasi\u00f3n en la cadena.<strong><\/strong>&nbsp;Seg\u00fan un estudio del Consorcio ABC, \u00ab1 de cada 3 pesos no es facturado\u00bb.<strong><\/strong><\/p>\n\n\n\n<p>Habr\u00e1 diferimiento del pago de obligaciones impositivas de control de AFIP con vencimiento hasta el 31 de diciembre para carnicer\u00edas sujetas al R\u00e9gimen Simplificado para peque\u00f1os contribuyentes y carnicer\u00edas responsables inscriptas en el IVA. Asimismo, habr\u00e1 suspensi\u00f3n hasta el 31 de diciembre&nbsp;de la exclusi\u00f3n de pleno derecho del R\u00e9gimen Simplificado para Peque\u00f1os Contribuyentes y\/o Baja Autom\u00e1tica.<\/p>\n\n\n\n<p>Tambi\u00e9n en este<strong>&nbsp;paquete de medidas se incluy\u00f3 al productor ganadero<\/strong>, que viene afectado seriamente por la sequ\u00eda, con el fin de que haya m\u00e1s oferta en los mercados consignatarios.&nbsp;Ser\u00e1n&nbsp;<strong>subsidios por hasta el 40% del alimento&nbsp;<\/strong>necesario para la terminaci\u00f3n de los animales en feedlot.<\/p>\n\n\n\n<p>Cada productor podr\u00e1 ingresar\u00a0<strong>hasta 100 animales al programa oficial<\/strong>, el cual solo podr\u00e1 tener como destino al consumo en el mercado interno. El Programa prev\u00e9 una duraci\u00f3n de 4 meses y tendr\u00e1 un\u00a0<strong>costo fiscal ser\u00e1 de\u00a0 $14.900 millones.<\/strong><\/p>\n\n\n\n<p class=\"has-text-align-right\"><strong><em>Clarin.-<\/em><\/strong><\/p>\n\n\n\n<p><br><\/p>\n","protected":false},"excerpt":{"rendered":"<p>Asado, nalga, vac\u00edo, tapa de asado, matambre, falda y paleta tendr\u00e1n precios fijos hasta el 31 de marzo. Adem\u00e1s, hubo medidas para carniceros y productores.<\/p>\n","protected":false},"author":3,"featured_media":31228,"comment_status":"open","ping_status":"closed","sticky":false,"template":"","format":"standard","meta":{"jnews-multi-image_gallery":[],"jnews_single_post":{"subtitle":"","format":"standard","video":"","gallery":"","source_name":"","source_url":"","via_name":"","via_url":"","override_template":"0","override":[{"template":"4","single_blog_custom":"","parallax":"1","fullscreen":"1","layout":"right-sidebar","sidebar":"default-sidebar","second_sidebar":"default-sidebar","sticky_sidebar":"1","share_position":"top","share_float_style":"share-monocrhome","show_share_counter":"1","show_view_counter":"1","show_featured":"1","show_post_meta":"1","show_post_author":"1","show_post_author_image":"1","show_post_date":"1","post_date_format":"default","post_date_format_custom":"Y\/m\/d","show_post_category":"1","show_post_reading_time":"1","post_reading_time_wpm":"300","show_zoom_button":"1","zoom_button_out_step":"2","zoom_button_in_step":"3","show_post_tag":"1","show_prev_next_post":"1","show_popup_post":"1","number_popup_post":"1","show_author_box":"1","show_post_related":"1","show_inline_post_related":"0"}],"override_image_size":"0","image_override":[{"single_post_thumbnail_size":"crop-500","single_post_gallery_size":"crop-500"}],"trending_post":"0","trending_post_position":"meta","trending_post_label":"Trending","sponsored_post":"0","sponsored_post_label":"Sponsored by","sponsored_post_name":"","sponsored_post_url":"","sponsored_post_logo_enable":"0","sponsored_post_logo":"","sponsored_post_desc":"","disable_ad":"0"},"jnews_primary_category":{"id":"","hide":""},"jnews_social_meta":{"fb_title":"","fb_description":"","fb_image":"","twitter_title":"","twitter_description":"","twitter_image":""},"jnews_review":[],"enable_review":"0","type":"percentage","name":"","summary":"","brand":"","sku":"","good":[{"good_text":""}],"bad":[{"bad_text":""}],"score_override":"","override_value":"","rating":[{"rating_text":"","rating_number":"10"}],"price":[{"shop":"","price":"","link":"","icon":""}],"jnews_override_counter":{"override_view_counter":"0","view_counter_number":"0","override_share_counter":"0","share_counter_number":"0","override_like_counter":"0","like_counter_number":"0","override_dislike_counter":"0","dislike_counter_number":"0"},"jnews_post_split":{"enable_post_split":"0","post_split":[{"template":"1","tag":"h2","numbering":"asc","mode":"normal","first":"0","enable_toc":"0","toc_type":"normal"}]},"footnotes":""},"categories":[58,61],"tags":[44,6949,7134,7133,2604,45,5451,3516],"class_list":["post-31225","post","type-post","status-publish","format-standard","has-post-thumbnail","hentry","category-argentina","category-economia","tag-argentina","tag-carne-vacuna","tag-cortes-populares-de-carne","tag-descuentos-en-carnicerias","tag-inflacion-y-precios","tag-noticias","tag-precios-justos","tag-sergio-massa"],"amp_enabled":true,"_links":{"self":[{"href":"https:\/\/esreviral.com\/index.php?rest_route=\/wp\/v2\/posts\/31225"}],"collection":[{"href":"https:\/\/esreviral.com\/index.php?rest_route=\/wp\/v2\/posts"}],"about":[{"href":"https:\/\/esreviral.com\/index.php?rest_route=\/wp\/v2\/types\/post"}],"author":[{"embeddable":true,"href":"https:\/\/esreviral.com\/index.php?rest_route=\/wp\/v2\/users\/3"}],"replies":[{"embeddable":true,"href":"https:\/\/esreviral.com\/index.php?rest_route=%2Fwp%2Fv2%2Fcomments&post=31225"}],"version-history":[{"count":0,"href":"https:\/\/esreviral.com\/index.php?rest_route=\/wp\/v2\/posts\/31225\/revisions"}],"wp:featuredmedia":[{"embeddable":true,"href":"https:\/\/esreviral.com\/index.php?rest_route=\/wp\/v2\/media\/31228"}],"wp:attachment":[{"href":"https:\/\/esreviral.com\/index.php?rest_route=%2Fwp%2Fv2%2Fmedia&parent=31225"}],"wp:term":[{"taxonomy":"category","embeddable":true,"href":"https:\/\/esreviral.com\/index.php?rest_route=%2Fwp%2Fv2%2Fcategories&post=31225"},{"taxonomy":"post_tag","embeddable":true,"href":"https:\/\/esreviral.com\/index.php?rest_route=%2Fwp%2Fv2%2Ftags&post=31225"}],"curies":[{"name":"wp","href":"https:\/\/api.w.org\/{rel}","templated":true}]}}