{"id":31092,"date":"2023-02-10T16:45:41","date_gmt":"2023-02-10T21:45:41","guid":{"rendered":"https:\/\/esreviral.com\/?p=31092"},"modified":"2023-02-10T16:45:42","modified_gmt":"2023-02-10T21:45:42","slug":"venezolano-en-bogota-quedo-cuadriplejico-tras-ser-victima-de-un-atraco","status":"publish","type":"post","link":"https:\/\/esreviral.com\/?p=31092","title":{"rendered":"Venezolano en Bogot\u00e1 qued\u00f3 cuadripl\u00e9jico tras ser v\u00edctima de un atraco"},"content":{"rendered":"\n<p>La vida de Jos\u00e9 Gregorio Labarca Urdaneta y su madre, Katiuska Marlene Urdaneta, de 53 a\u00f1os de edad, cambi\u00f3 dram\u00e1ticamente luego de que el joven de s\u00d3lo 27 a\u00f1os fue v\u00edctima de un atraco mientras esperaba un bus del Servicio Integrado de Transporte P\u00fablico (Sitp) el 29 de agosto de 2021.<\/p>\n\n\n\n<p>\u201cA\u00fan recuerdo ese d\u00eda. Fue terrible, una pesadilla. Le dieron toda clase de golpes en la cabeza. Le ocasionaron nueve fracturas. Su diagn\u00f3stico fue traumatismo craneoencef\u00e1lico. Ahora est\u00e1 postrado en una cama d\u00eda y noche. No habla, no se mueve. De sus atacantes no se sabe nada\u201d.<\/p>\n\n\n\n<p>Desde el d\u00eda de la tragedia, esta mujer permanece sola, encerrada entre cuatro paredes, con su hijo convaleciente. \u201cImaginen mi situaci\u00f3n. Yo estoy sola con \u00e9l, en esta ciudad que no es la m\u00eda, con mi pa\u00eds de origen, Venezuela, con unos problemas grav\u00edsimos. Para terminar, tengo problemas con la Empresa de Medicina Prepagada (EPS) Capital Salud para el traslado de mi hijo a las consultas m\u00e9dicas. No entienden que \u00e9l no se puede mover\u201d.<\/p>\n\n\n\n<p>Ella no tiene ni el dinero ni las fuerzas para llevarlo a un sitio externo, ya debe dos meses de arriendo de la pieza en donde vive, en el barrio La Estrella, en Teusaquillo. \u201cPaso las 24 horas del d\u00eda aqu\u00ed, desesperada, vi\u00e9ndolo as\u00ed. Yo no quiero que se me muera. Es mi \u00fanico var\u00f3n. Ten\u00eda solo 27 a\u00f1os y toda una vida por delante. Se la destruyeron en un momento. Por favor, ay\u00fadenme\u201d.<\/p>\n\n\n\n<p>Dice que su sue\u00f1o era irse con su hijo a Santiago de\u00a0Chile,\u00a0donde ella residi\u00f3 durante cinco a\u00f1os. \u201cNo me lo hab\u00eda podido llevar porque mi hijo no tiene pasaporte. All\u00e1 est\u00e1 mi hija mayor con mis nietos. Para nadie es un secreto lo que mi pa\u00eds est\u00e1 pasando. Si lo llevo a Venezuela, all\u00e1 se me muere\u201d.<\/p>\n\n\n\n<p>Del atraco no tiene m\u00e1s detalles, pues Jos\u00e9 no ha podido recuperar el habla y, por ende, no ha podido relatar los detalles del ataque. Katiuska sobrevive gracias al poco dinero que le puede enviar su hija desde Chile. \u201cEl problema es que yo no puedo trabajar porque tengo que estar cada segundo con mi hijo enfermo. Yo le hago todas sus curaciones. Todo. Solo quiero poder estar en Chile, con mi hija. Juntas, quiz\u00e1s, las cosas pueden mejorar\u201d.<\/p>\n\n\n\n<p class=\"has-text-align-right\"><strong><em>El Nacional.-<\/em><\/strong><\/p>\n","protected":false},"excerpt":{"rendered":"<p>La vida de Jos\u00e9 Gregorio Labarca Urdaneta y su madre, Katiuska Marlene Urdaneta, de 53 a\u00f1os de edad, cambi\u00f3 dram\u00e1ticamente luego de que el joven de s\u00d3lo 27 a\u00f1os fue v\u00edctima de un atraco mientras esperaba un bus del Servicio Integrado de Transporte P\u00fablico (Sitp) el 29 de agosto de 2021. \u201cA\u00fan recuerdo ese d\u00eda. [&hellip;]<\/p>\n","protected":false},"author":2,"featured_media":31093,"comment_status":"open","ping_status":"closed","sticky":false,"template":"","format":"standard","meta":{"jnews-multi-image_gallery":[],"jnews_single_post":{"subtitle":"","format":"standard","video":"","gallery":"","source_name":"","source_url":"","via_name":"","via_url":"","override_template":"0","override":[{"template":"4","single_blog_custom":"","parallax":"1","fullscreen":"1","layout":"right-sidebar","sidebar":"default-sidebar","second_sidebar":"default-sidebar","sticky_sidebar":"1","share_position":"top","share_float_style":"share-monocrhome","show_share_counter":"1","show_view_counter":"1","show_featured":"1","show_post_meta":"1","show_post_author":"1","show_post_author_image":"1","show_post_date":"1","post_date_format":"default","post_date_format_custom":"Y\/m\/d","show_post_category":"1","show_post_reading_time":"1","post_reading_time_wpm":"300","show_zoom_button":"1","zoom_button_out_step":"2","zoom_button_in_step":"3","show_post_tag":"1","show_prev_next_post":"1","show_popup_post":"1","number_popup_post":"1","show_author_box":"1","show_post_related":"1","show_inline_post_related":"0"}],"override_image_size":"0","image_override":[{"single_post_thumbnail_size":"crop-500","single_post_gallery_size":"crop-500"}],"trending_post":"0","trending_post_position":"meta","trending_post_label":"Trending","sponsored_post":"0","sponsored_post_label":"Sponsored by","sponsored_post_name":"","sponsored_post_url":"","sponsored_post_logo_enable":"0","sponsored_post_logo":"","sponsored_post_desc":"","disable_ad":"0"},"jnews_primary_category":{"id":"","hide":""},"jnews_social_meta":{"fb_title":"","fb_description":"","fb_image":"","twitter_title":"","twitter_description":"","twitter_image":""},"jnews_review":[],"enable_review":"0","type":"percentage","name":"","summary":"","brand":"","sku":"","good":[{"good_text":""}],"bad":[{"bad_text":""}],"score_override":"","override_value":"","rating":[{"rating_text":"","rating_number":"10"}],"price":[{"shop":"","price":"","link":"","icon":""}],"jnews_override_counter":{"override_view_counter":"0","view_counter_number":"0","override_share_counter":"0","share_counter_number":"0","override_like_counter":"0","like_counter_number":"0","override_dislike_counter":"0","dislike_counter_number":"0"},"jnews_post_split":{"enable_post_split":"0","post_split":[{"template":"1","tag":"h2","numbering":"asc","mode":"normal","first":"0","enable_toc":"0","toc_type":"normal"}]},"footnotes":""},"categories":[54],"tags":[45,743],"class_list":["post-31092","post","type-post","status-publish","format-standard","has-post-thumbnail","hentry","category-inmigracion","tag-noticias","tag-venezolanos-en-colombia"],"amp_enabled":true,"_links":{"self":[{"href":"https:\/\/esreviral.com\/index.php?rest_route=\/wp\/v2\/posts\/31092"}],"collection":[{"href":"https:\/\/esreviral.com\/index.php?rest_route=\/wp\/v2\/posts"}],"about":[{"href":"https:\/\/esreviral.com\/index.php?rest_route=\/wp\/v2\/types\/post"}],"author":[{"embeddable":true,"href":"https:\/\/esreviral.com\/index.php?rest_route=\/wp\/v2\/users\/2"}],"replies":[{"embeddable":true,"href":"https:\/\/esreviral.com\/index.php?rest_route=%2Fwp%2Fv2%2Fcomments&post=31092"}],"version-history":[{"count":0,"href":"https:\/\/esreviral.com\/index.php?rest_route=\/wp\/v2\/posts\/31092\/revisions"}],"wp:featuredmedia":[{"embeddable":true,"href":"https:\/\/esreviral.com\/index.php?rest_route=\/wp\/v2\/media\/31093"}],"wp:attachment":[{"href":"https:\/\/esreviral.com\/index.php?rest_route=%2Fwp%2Fv2%2Fmedia&parent=31092"}],"wp:term":[{"taxonomy":"category","embeddable":true,"href":"https:\/\/esreviral.com\/index.php?rest_route=%2Fwp%2Fv2%2Fcategories&post=31092"},{"taxonomy":"post_tag","embeddable":true,"href":"https:\/\/esreviral.com\/index.php?rest_route=%2Fwp%2Fv2%2Ftags&post=31092"}],"curies":[{"name":"wp","href":"https:\/\/api.w.org\/{rel}","templated":true}]}}