{"id":31086,"date":"2023-02-10T09:15:56","date_gmt":"2023-02-10T14:15:56","guid":{"rendered":"https:\/\/esreviral.com\/?p=31086"},"modified":"2023-02-10T09:15:57","modified_gmt":"2023-02-10T14:15:57","slug":"amalia-de-paises-bajos-tras-amenazas-todavia-lo-estoy-pasando-muy-mal","status":"publish","type":"post","link":"https:\/\/esreviral.com\/?p=31086","title":{"rendered":"Amalia de Pa\u00edses Bajos tras amenazas: \u201cTodav\u00eda lo estoy pasando muy mal\u201d"},"content":{"rendered":"\n<p>Amalia, la princesa heredera al trono de Pa\u00edses Bajos, admiti\u00f3 este viernes por primera vez que \u00abtodav\u00eda\u00bb lo est\u00e1 pasando \u00abmuy mal\u201d tras haber visto reforzada su seguridad y limitada su libertad de movimiento desde el pasado verano por las amenazas recibidas del crimen organizado.<\/p>\n\n\n\n<p>\u00abVoy a ser muy honesta, todav\u00eda estoy pasando por un momento muy dif\u00edcil, pero espero que esto cambie pronto\u00bb, reconoci\u00f3 la joven de 19 a\u00f1os durante su \u00faltimo d\u00eda de visita a la parte caribe\u00f1a del Reino de los Pa\u00edses Bajos, adonde acudi\u00f3 junto a sus padres, los reyes Guillermo Alejandro y M\u00e1xima, quienes la introdujeron por primera vez a las islas neerlandesas.<\/p>\n\n\n\n<p>Es la primera vez que Amalia se pronuncia en p\u00fablico sobre su situaci\u00f3n, desde que el pasado verano las autoridades hayan reforzado su seguridad y la del primer ministro\u00a0Mark Rutte, por temores a que sean objetivo del crimen organizado, despu\u00e9s de que sus nombres aparecieran en mensajes interceptados por la polic\u00eda insinuando un posible secuestro o ataque.<\/p>\n\n\n\n<p>Esto ha llevado a la joven a cancelar su mudanza a su piso de estudiante en \u00c1msterdam, donde empez\u00f3 en septiembre su carrera en Pol\u00edtica, Psicolog\u00eda, Derecho y Econom\u00eda, y renunci\u00f3 as\u00ed a llevar una vida universitaria como la de sus compa\u00f1eros, para volver a vivir con sus padres en La Haya y salir solo para acudir a clase.<\/p>\n\n\n\n<p>Amalia explic\u00f3 que hab\u00eda \u00abempezado sus d\u00edas de estudiante pensando que har\u00eda cosas de estudiante\u00bb, pero \u00abla realidad, desgraciadamente, fue todo menos eso\u00bb.<\/p>\n\n\n\n<p>\u00abEcho de menos la vida normal, la vida de estudiante. Caminar por las calles, poder ir a una tienda\u00bb, a\u00f1adi\u00f3 la princesa, que subray\u00f3 su esperanza de que cambie pronto su situaci\u00f3n de seguridad y recupere su libertad de movimiento.<\/p>\n\n\n\n<p>Pero la joven ha recuperado un poco su libertad de movimiento durante el viaje con sus padres por las islas caribe\u00f1as y asegur\u00f3 haber \u00abpasado un tiempo maravilloso\u00bb y agradeci\u00f3 \u00abtodo el apoyo recibido\u00bb desde que se conoci\u00f3 que era objetivo del crimen organizado.<\/p>\n\n\n\n<p>Desde que cumpliera 18 a\u00f1os en diciembre de 2021, Amalia trata de involucrarse cada vez m\u00e1s en la instituciones nacionales, por ello, a finales de enero, inici\u00f3 una visita introductoria a la parte caribe\u00f1a de Pa\u00edses Bajos, y se sum\u00f3 a un viaje de los reyes por Aruba, Cura\u00e7ao, Sint Maarten, Bonaire, Sint Eustatius y Saba.<\/p>\n\n\n\n<p>La visita estuvo influenciada por el debate sobre el pasado de la esclavitud, puesto que Rutte pidi\u00f3 perd\u00f3n el pasado diciembre a los descendientes de personas esclavizadas por el papel de Pa\u00edses Bajos en la trata de esclavos: \u00abLa esclavitud fue un crimen de lesa humanidad\u00bb y \u00abpido disculpas en nombre del Gobierno\u00bb por el rol del Estado neerland\u00e9s, dijo Rutte.<\/p>\n\n\n\n<p class=\"has-text-align-right\"><strong><em>ElNacional.-<\/em><\/strong><\/p>\n","protected":false},"excerpt":{"rendered":"<p>El a\u00f1o pasado el nombre de la princesa heredera al trono de Pa\u00edses Bajos apareci\u00f3 en mensajes interceptados por la polic\u00eda insinuando un posible secuestro o ataque, por lo que su seguridad y libertad de movimiento se vieron reforzadas<\/p>\n","protected":false},"author":3,"featured_media":31087,"comment_status":"open","ping_status":"closed","sticky":false,"template":"","format":"standard","meta":{"jnews-multi-image_gallery":[],"jnews_single_post":{"subtitle":"","format":"standard","video":"","gallery":"","source_name":"","source_url":"","via_name":"","via_url":"","override_template":"0","override":[{"template":"4","single_blog_custom":"","parallax":"1","fullscreen":"1","layout":"right-sidebar","sidebar":"default-sidebar","second_sidebar":"default-sidebar","sticky_sidebar":"1","share_position":"top","share_float_style":"share-monocrhome","show_share_counter":"1","show_view_counter":"1","show_featured":"1","show_post_meta":"1","show_post_author":"1","show_post_author_image":"1","show_post_date":"1","post_date_format":"default","post_date_format_custom":"Y\/m\/d","show_post_category":"1","show_post_reading_time":"1","post_reading_time_wpm":"300","show_zoom_button":"1","zoom_button_out_step":"2","zoom_button_in_step":"3","show_post_tag":"1","show_prev_next_post":"1","show_popup_post":"1","number_popup_post":"1","show_author_box":"1","show_post_related":"1","show_inline_post_related":"0"}],"override_image_size":"0","image_override":[{"single_post_thumbnail_size":"crop-500","single_post_gallery_size":"crop-500"}],"trending_post":"0","trending_post_position":"meta","trending_post_label":"Trending","sponsored_post":"0","sponsored_post_label":"Sponsored by","sponsored_post_name":"","sponsored_post_url":"","sponsored_post_logo_enable":"0","sponsored_post_logo":"","sponsored_post_desc":"","disable_ad":"0"},"jnews_primary_category":{"id":"","hide":""},"jnews_social_meta":{"fb_title":"","fb_description":"","fb_image":"","twitter_title":"","twitter_description":"","twitter_image":""},"jnews_review":[],"enable_review":"0","type":"percentage","name":"","summary":"","brand":"","sku":"","good":[{"good_text":""}],"bad":[{"bad_text":""}],"score_override":"","override_value":"","rating":[{"rating_text":"","rating_number":"10"}],"price":[{"shop":"","price":"","link":"","icon":""}],"jnews_override_counter":{"override_view_counter":"0","view_counter_number":"0","override_share_counter":"0","share_counter_number":"0","override_like_counter":"0","like_counter_number":"0","override_dislike_counter":"0","dislike_counter_number":"0"},"jnews_post_split":{"enable_post_split":"0","post_split":[{"template":"1","tag":"h2","numbering":"asc","mode":"normal","first":"0","enable_toc":"0","toc_type":"normal"}]},"footnotes":""},"categories":[88],"tags":[45,1401,7075,7074,7073,2845],"class_list":["post-31086","post","type-post","status-publish","format-standard","has-post-thumbnail","hentry","category-internacionales","tag-noticias","tag-paises-bajos","tag-posible-secuestro","tag-princesa","tag-princesa-amalia","tag-terrorismo"],"amp_enabled":true,"_links":{"self":[{"href":"https:\/\/esreviral.com\/index.php?rest_route=\/wp\/v2\/posts\/31086"}],"collection":[{"href":"https:\/\/esreviral.com\/index.php?rest_route=\/wp\/v2\/posts"}],"about":[{"href":"https:\/\/esreviral.com\/index.php?rest_route=\/wp\/v2\/types\/post"}],"author":[{"embeddable":true,"href":"https:\/\/esreviral.com\/index.php?rest_route=\/wp\/v2\/users\/3"}],"replies":[{"embeddable":true,"href":"https:\/\/esreviral.com\/index.php?rest_route=%2Fwp%2Fv2%2Fcomments&post=31086"}],"version-history":[{"count":0,"href":"https:\/\/esreviral.com\/index.php?rest_route=\/wp\/v2\/posts\/31086\/revisions"}],"wp:featuredmedia":[{"embeddable":true,"href":"https:\/\/esreviral.com\/index.php?rest_route=\/wp\/v2\/media\/31087"}],"wp:attachment":[{"href":"https:\/\/esreviral.com\/index.php?rest_route=%2Fwp%2Fv2%2Fmedia&parent=31086"}],"wp:term":[{"taxonomy":"category","embeddable":true,"href":"https:\/\/esreviral.com\/index.php?rest_route=%2Fwp%2Fv2%2Fcategories&post=31086"},{"taxonomy":"post_tag","embeddable":true,"href":"https:\/\/esreviral.com\/index.php?rest_route=%2Fwp%2Fv2%2Ftags&post=31086"}],"curies":[{"name":"wp","href":"https:\/\/api.w.org\/{rel}","templated":true}]}}