{"id":31069,"date":"2023-02-10T08:26:19","date_gmt":"2023-02-10T13:26:19","guid":{"rendered":"https:\/\/esreviral.com\/?p=31069"},"modified":"2023-02-10T08:26:20","modified_gmt":"2023-02-10T13:26:20","slug":"cordoba-un-jubilado-mato-de-un-tiro-al-ladron-que-intento-robar-su-camioneta","status":"publish","type":"post","link":"https:\/\/esreviral.com\/?p=31069","title":{"rendered":"C\u00f3rdoba: un jubilado mat\u00f3 de un tiro al ladr\u00f3n que intent\u00f3 robar su camioneta"},"content":{"rendered":"\n<p><strong>Un jubilado de 78 a\u00f1os de edad mat\u00f3 de un balazo a uno de los dos delincuentes que anoche intentaron robar su camioneta, en un barrio de la zona sur de la ciudad de C\u00f3rdoba, informaron fuentes policiales.<\/strong><\/p>\n\n\n\n<p>De acuerdo a los datos preliminares, dos j\u00f3venes, a pie y armados, le robaron un primer auto a una mujer cuando entregaba plantas en una vivienda del barrio Colinas de V\u00e9lez Sarsfield.<\/p>\n\n\n\n<p>Pero a pocos metros, los mismos asaltantes tambi\u00e9n intentaron llevarse una camioneta Ford Ranger de un vecino, quien observ\u00f3 la situaci\u00f3n y sali\u00f3 armado para evitar el robo.<\/p>\n\n\n\n<p>En esas circunstancias, que ocurri\u00f3 a 50 metros de un destacamento policial, el jubilado dispar\u00f3 su arma de fuego y uno de los proyectiles impact\u00f3 sobre uno de los asaltantes, quien luego de la intervenci\u00f3n policial, fue trasladado a un centro de salud donde falleci\u00f3.<\/p>\n\n\n\n<p>El c\u00f3mplice se fug\u00f3 en el autom\u00f3vil que le hab\u00eda robado a la mujer y que, seg\u00fan las fuentes, luego fue encontrado chocado.<\/p>\n\n\n\n<p>Pese al operativo que se mont\u00f3 para encontrarlo, el delincuente a\u00fan se encontraba hoy pr\u00f3fugo.<\/p>\n\n\n\n<p>En tanto, el jubilado fue hospitalizado como consecuencia de una \u201ccrisis emocional\u201d por la situaci\u00f3n que vivi\u00f3, seg\u00fan confiaron los voceros.<\/p>\n\n\n\n<p>Las fuentes explicaron que por el momento la fiscal\u00eda no adopt\u00f3 ning\u00fan temperamento judicial con \u00e9l.<\/p>\n\n\n\n<p>La investigaci\u00f3n qued\u00f3 a cargo en la Fiscal\u00eda de Distrito II Turno 3 y, preventivamente, caratul\u00f3 la causa como \u201crobo calificado por uso de arma de fuego y tentativa de robo calificado por uso de arma de fuego\u201d.<\/p>\n\n\n\n<p class=\"has-text-align-right\"><strong><em>notife.com.-<\/em><\/strong><\/p>\n","protected":false},"excerpt":{"rendered":"<p>Ocurri\u00f3 en un barrio residencial de la ciudad de C\u00f3rdoba. El delincuente tambi\u00e9n asalt\u00f3 a dos mujeres.<\/p>\n","protected":false},"author":3,"featured_media":31070,"comment_status":"open","ping_status":"closed","sticky":false,"template":"","format":"standard","meta":{"jnews-multi-image_gallery":[],"jnews_single_post":{"subtitle":"","format":"standard","video":"","gallery":"","source_name":"","source_url":"","via_name":"","via_url":"","override_template":"0","override":[{"template":"4","single_blog_custom":"","parallax":"1","fullscreen":"1","layout":"right-sidebar","sidebar":"default-sidebar","second_sidebar":"default-sidebar","sticky_sidebar":"1","share_position":"top","share_float_style":"share-monocrhome","show_share_counter":"1","show_view_counter":"1","show_featured":"1","show_post_meta":"1","show_post_author":"1","show_post_author_image":"1","show_post_date":"1","post_date_format":"default","post_date_format_custom":"Y\/m\/d","show_post_category":"1","show_post_reading_time":"1","post_reading_time_wpm":"300","show_zoom_button":"1","zoom_button_out_step":"2","zoom_button_in_step":"3","show_post_tag":"1","show_prev_next_post":"1","show_popup_post":"1","number_popup_post":"1","show_author_box":"1","show_post_related":"1","show_inline_post_related":"0"}],"override_image_size":"0","image_override":[{"single_post_thumbnail_size":"crop-500","single_post_gallery_size":"crop-500"}],"trending_post":"0","trending_post_position":"meta","trending_post_label":"Trending","sponsored_post":"0","sponsored_post_label":"Sponsored by","sponsored_post_name":"","sponsored_post_url":"","sponsored_post_logo_enable":"0","sponsored_post_logo":"","sponsored_post_desc":"","disable_ad":"0"},"jnews_primary_category":{"id":"","hide":""},"jnews_social_meta":{"fb_title":"","fb_description":"","fb_image":"","twitter_title":"","twitter_description":"","twitter_image":""},"jnews_review":[],"enable_review":"0","type":"percentage","name":"","summary":"","brand":"","sku":"","good":[{"good_text":""}],"bad":[{"bad_text":""}],"score_override":"","override_value":"","rating":[{"rating_text":"","rating_number":"10"}],"price":[{"shop":"","price":"","link":"","icon":""}],"jnews_override_counter":{"override_view_counter":"0","view_counter_number":"0","override_share_counter":"0","share_counter_number":"0","override_like_counter":"0","like_counter_number":"0","override_dislike_counter":"0","dislike_counter_number":"0"},"jnews_post_split":{"enable_post_split":"0","post_split":[{"template":"1","tag":"h2","numbering":"asc","mode":"normal","first":"0","enable_toc":"0","toc_type":"normal"}]},"footnotes":""},"categories":[58,64],"tags":[44,898,940,3587,7062,45],"class_list":["post-31069","post","type-post","status-publish","format-standard","has-post-thumbnail","hentry","category-argentina","category-sucesos","tag-argentina","tag-cordoba","tag-inseguridad","tag-inseguridad-vial","tag-jubilado","tag-noticias"],"_links":{"self":[{"href":"https:\/\/esreviral.com\/index.php?rest_route=\/wp\/v2\/posts\/31069","targetHints":{"allow":["GET"]}}],"collection":[{"href":"https:\/\/esreviral.com\/index.php?rest_route=\/wp\/v2\/posts"}],"about":[{"href":"https:\/\/esreviral.com\/index.php?rest_route=\/wp\/v2\/types\/post"}],"author":[{"embeddable":true,"href":"https:\/\/esreviral.com\/index.php?rest_route=\/wp\/v2\/users\/3"}],"replies":[{"embeddable":true,"href":"https:\/\/esreviral.com\/index.php?rest_route=%2Fwp%2Fv2%2Fcomments&post=31069"}],"version-history":[{"count":0,"href":"https:\/\/esreviral.com\/index.php?rest_route=\/wp\/v2\/posts\/31069\/revisions"}],"wp:featuredmedia":[{"embeddable":true,"href":"https:\/\/esreviral.com\/index.php?rest_route=\/wp\/v2\/media\/31070"}],"wp:attachment":[{"href":"https:\/\/esreviral.com\/index.php?rest_route=%2Fwp%2Fv2%2Fmedia&parent=31069"}],"wp:term":[{"taxonomy":"category","embeddable":true,"href":"https:\/\/esreviral.com\/index.php?rest_route=%2Fwp%2Fv2%2Fcategories&post=31069"},{"taxonomy":"post_tag","embeddable":true,"href":"https:\/\/esreviral.com\/index.php?rest_route=%2Fwp%2Fv2%2Ftags&post=31069"}],"curies":[{"name":"wp","href":"https:\/\/api.w.org\/{rel}","templated":true}]}}