{"id":3106,"date":"2021-01-05T13:30:38","date_gmt":"2021-01-05T13:30:38","guid":{"rendered":"http:\/\/esreviral.com\/?p=3106"},"modified":"2021-01-05T13:30:38","modified_gmt":"2021-01-05T13:30:38","slug":"urgente-policia-de-maduro-rodea-la-casa-del-presidente-guaido","status":"publish","type":"post","link":"https:\/\/esreviral.com\/?p=3106","title":{"rendered":"URGENTE: Polic\u00eda de Maduro rodea la casa del presidente Guaid\u00f3"},"content":{"rendered":"\n<p><strong><em>CIS.- <\/em><\/strong>Desde tempranas horas, funcionarios del r\u00e9gimen de Nicol\u00e1s Maduro, mantienen rodeada la casa del presidente interino de Venezuela , Juan Guaid\u00f3 en lo que pudiera ser un acto de intimidaci\u00f3n y posible detenci\u00f3n, toda vez que hoy se acabar\u00eda el per\u00edodo del actual parlamento pero que el mismo fue extendido por una nueva ley. <\/p>\n\n\n\n<p>M\u00e1s de 60 pa\u00edses seguir\u00e1n reconociendo a Guaid\u00f3 como leg\u00edtimo presidente venezolano y no a Maduro ni a su asamblea nacional, electa con menos de la mitad de los votantes. <\/p>\n\n\n\n<p>Alberto Federico Ravell, director del Centro de Comunicaci\u00f3n Nacional del Gobierno encargado, fue quien inform\u00f3 el acoso al que es sometido Guaid\u00f3 y su familia. <\/p>\n\n\n\n<figure class=\"wp-block-image size-large\"><img decoding=\"async\" src=\"https:\/\/pbs.twimg.com\/media\/Eq99hfcXUAAysZk?format=jpg&amp;name=medium\" alt=\"\"\/><\/figure>\n\n\n\n<p>En un nuevo acto de intimidaci\u00f3n y hostigamiento, el r\u00e9gimen chavista busca presionar al arco opositor en el d\u00eda en que pretende instalar su nueva Asamblea Nacional surgida de las elecciones parlamentarias del pasado 6 de diciembre, ampliamente cuestionadas por la comunidad internacional.<\/p>\n\n\n\n<figure class=\"wp-block-image size-large\"><img decoding=\"async\" src=\"https:\/\/pbs.twimg.com\/media\/Eq99hfeXcAQdT13?format=jpg&amp;name=medium\" alt=\"\"\/><\/figure>\n","protected":false},"excerpt":{"rendered":"<p>CIS.- Desde tempranas horas, funcionarios del r\u00e9gimen de Nicol\u00e1s Maduro, mantienen rodeada la casa del presidente interino de Venezuela , Juan Guaid\u00f3 en lo que pudiera ser un acto de intimidaci\u00f3n y posible detenci\u00f3n, toda vez que hoy se acabar\u00eda el per\u00edodo del actual parlamento pero que el mismo fue extendido por una nueva ley. [&hellip;]<\/p>\n","protected":false},"author":2,"featured_media":3107,"comment_status":"open","ping_status":"open","sticky":false,"template":"","format":"standard","meta":{"jnews-multi-image_gallery":[],"jnews_single_post":[],"jnews_primary_category":[],"jnews_social_meta":[],"jnews_review":[],"enable_review":"","type":"","name":"","summary":"","brand":"","sku":"","good":[],"bad":[],"score_override":"","override_value":"","rating":[],"price":[],"jnews_override_counter":[],"jnews_post_split":[],"footnotes":""},"categories":[66],"tags":[154,56],"class_list":["post-3106","post","type-post","status-publish","format-standard","has-post-thumbnail","hentry","category-venezuela","tag-guaido","tag-venezuela"],"amp_enabled":true,"_links":{"self":[{"href":"https:\/\/esreviral.com\/index.php?rest_route=\/wp\/v2\/posts\/3106"}],"collection":[{"href":"https:\/\/esreviral.com\/index.php?rest_route=\/wp\/v2\/posts"}],"about":[{"href":"https:\/\/esreviral.com\/index.php?rest_route=\/wp\/v2\/types\/post"}],"author":[{"embeddable":true,"href":"https:\/\/esreviral.com\/index.php?rest_route=\/wp\/v2\/users\/2"}],"replies":[{"embeddable":true,"href":"https:\/\/esreviral.com\/index.php?rest_route=%2Fwp%2Fv2%2Fcomments&post=3106"}],"version-history":[{"count":0,"href":"https:\/\/esreviral.com\/index.php?rest_route=\/wp\/v2\/posts\/3106\/revisions"}],"wp:featuredmedia":[{"embeddable":true,"href":"https:\/\/esreviral.com\/index.php?rest_route=\/"}],"wp:attachment":[{"href":"https:\/\/esreviral.com\/index.php?rest_route=%2Fwp%2Fv2%2Fmedia&parent=3106"}],"wp:term":[{"taxonomy":"category","embeddable":true,"href":"https:\/\/esreviral.com\/index.php?rest_route=%2Fwp%2Fv2%2Fcategories&post=3106"},{"taxonomy":"post_tag","embeddable":true,"href":"https:\/\/esreviral.com\/index.php?rest_route=%2Fwp%2Fv2%2Ftags&post=3106"}],"curies":[{"name":"wp","href":"https:\/\/api.w.org\/{rel}","templated":true}]}}