{"id":3099,"date":"2021-01-04T22:45:42","date_gmt":"2021-01-04T22:45:42","guid":{"rendered":"http:\/\/esreviral.com\/?p=3099"},"modified":"2021-01-04T22:45:42","modified_gmt":"2021-01-04T22:45:42","slug":"barcelona-anuncia-que-dos-miembros-del-staff-tecnico-tienen-covid-19","status":"publish","type":"post","link":"https:\/\/esreviral.com\/?p=3099","title":{"rendered":"Barcelona anuncia que dos miembros del staff t\u00e9cnico tienen COVID-19"},"content":{"rendered":"\n<p><strong><em>Arturo L\u00f3pez.- <\/em><\/strong>El FC Barcelona anunci\u00f3 que dos miembros de su cuerpo t\u00e9cnico dieron positivo de COVID-19 tras las pruebas de PCR realizadas hoy.<\/p>\n\n\n\n<p>El club catal\u00e1n ha informado a las autoridades deportivas y sanitarias pertinentes. No revelaron el nombre de los infectados. Adem\u00e1s, toda la plantilla blaugrana se someter\u00e1 a m\u00e1s pruebas de PCR ma\u00f1ana martes por la ma\u00f1ana de acuerdo con el protocolo de La Liga.<\/p>\n\n\n\n<p>Por esa raz\u00f3n se pospuso el entrenamiento de ma\u00f1ana. Los dirigidos por Koeman e anunciar\u00e1n el nuevo horario de entrenamiento y la posterior rueda de prensa de cara al Athletic Club vs Barcelona.<\/p>\n","protected":false},"excerpt":{"rendered":"<p>Arturo L\u00f3pez.- El FC Barcelona anunci\u00f3 que dos miembros de su cuerpo t\u00e9cnico dieron positivo de COVID-19 tras las pruebas de PCR realizadas hoy. El club catal\u00e1n ha informado a las autoridades deportivas y sanitarias pertinentes. No revelaron el nombre de los infectados. Adem\u00e1s, toda la plantilla blaugrana se someter\u00e1 a m\u00e1s pruebas de PCR [&hellip;]<\/p>\n","protected":false},"author":2,"featured_media":3100,"comment_status":"open","ping_status":"open","sticky":false,"template":"","format":"standard","meta":{"jnews-multi-image_gallery":[],"jnews_single_post":[],"jnews_primary_category":[],"jnews_social_meta":[],"jnews_review":[],"enable_review":"","type":"","name":"","summary":"","brand":"","sku":"","good":[],"bad":[],"score_override":"","override_value":"","rating":[],"price":[],"jnews_override_counter":[],"jnews_post_split":[],"footnotes":""},"categories":[48],"tags":[103,49,45],"class_list":["post-3099","post","type-post","status-publish","format-standard","has-post-thumbnail","hentry","category-deportes","tag-barcelona","tag-deportes","tag-noticias"],"amp_enabled":true,"_links":{"self":[{"href":"https:\/\/esreviral.com\/index.php?rest_route=\/wp\/v2\/posts\/3099"}],"collection":[{"href":"https:\/\/esreviral.com\/index.php?rest_route=\/wp\/v2\/posts"}],"about":[{"href":"https:\/\/esreviral.com\/index.php?rest_route=\/wp\/v2\/types\/post"}],"author":[{"embeddable":true,"href":"https:\/\/esreviral.com\/index.php?rest_route=\/wp\/v2\/users\/2"}],"replies":[{"embeddable":true,"href":"https:\/\/esreviral.com\/index.php?rest_route=%2Fwp%2Fv2%2Fcomments&post=3099"}],"version-history":[{"count":0,"href":"https:\/\/esreviral.com\/index.php?rest_route=\/wp\/v2\/posts\/3099\/revisions"}],"wp:featuredmedia":[{"embeddable":true,"href":"https:\/\/esreviral.com\/index.php?rest_route=\/"}],"wp:attachment":[{"href":"https:\/\/esreviral.com\/index.php?rest_route=%2Fwp%2Fv2%2Fmedia&parent=3099"}],"wp:term":[{"taxonomy":"category","embeddable":true,"href":"https:\/\/esreviral.com\/index.php?rest_route=%2Fwp%2Fv2%2Fcategories&post=3099"},{"taxonomy":"post_tag","embeddable":true,"href":"https:\/\/esreviral.com\/index.php?rest_route=%2Fwp%2Fv2%2Ftags&post=3099"}],"curies":[{"name":"wp","href":"https:\/\/api.w.org\/{rel}","templated":true}]}}