{"id":3094,"date":"2021-01-04T22:38:07","date_gmt":"2021-01-04T22:38:07","guid":{"rendered":"http:\/\/esreviral.com\/?p=3094"},"modified":"2021-01-04T22:38:07","modified_gmt":"2021-01-04T22:38:07","slug":"esta-seria-la-directiva-de-la-asamblea-nacional-de-maduro","status":"publish","type":"post","link":"https:\/\/esreviral.com\/?p=3094","title":{"rendered":"Esta ser\u00eda la directiva de la Asamblea Nacional de Maduro"},"content":{"rendered":"\n<p><strong><em>CIS.- <\/em><\/strong>Este martes 5 de enero habr\u00e1 un nuevo cap\u00edtulo en la historia venezolana, por un lado, Juan Guaid\u00f3, quien junto a lo suyos y reconocido por m\u00e1s de 60 pa\u00edses, seguir\u00e1 siendo el presidente de la Asamblea Nacional e interino de Venezuela y por el otro, los diputados maduristas, electos en un cuestionado proceso electoral con la participaci\u00f3n de menos de la mitad del padr\u00f3n. <\/p>\n\n\n\n<p>Extraoficialmente, se conoci\u00f3 de la bancada del r\u00e9gimen escoger\u00e1n a Jorge Rodr\u00edguez como nuevo presidente de la AN, Mar\u00eda Iris Varela, vicepresidenta y Didalco Bol\u00edvar (exgobernador de Aragua), como segundo vicepresidente. <\/p>\n\n\n\n<p>Llama poderosamente la atenci\u00f3n que no est\u00e9 Diosdado Cabello en la directiva, quien adem\u00e1s presidi\u00f3 la Constituyente cual logro \u00fanico fue nada. <\/p>\n\n\n\n<p><\/p>\n","protected":false},"excerpt":{"rendered":"<p>Diosdado Cabello quedar\u00eda por fuera de la directiva pero ser\u00eda el jefe de fracci\u00f3n<\/p>\n","protected":false},"author":2,"featured_media":3095,"comment_status":"open","ping_status":"open","sticky":false,"template":"","format":"standard","meta":{"jnews-multi-image_gallery":[],"jnews_single_post":[],"jnews_primary_category":[],"jnews_social_meta":[],"jnews_review":[],"enable_review":"","type":"","name":"","summary":"","brand":"","sku":"","good":[],"bad":[],"score_override":"","override_value":"","rating":[],"price":[],"jnews_override_counter":[],"jnews_post_split":[],"footnotes":""},"categories":[59,66],"tags":[318,154,82,45,56],"class_list":["post-3094","post","type-post","status-publish","format-standard","has-post-thumbnail","hentry","category-politica","category-venezuela","tag-asamblea-nacional","tag-guaido","tag-maduro","tag-noticias","tag-venezuela"],"amp_enabled":true,"_links":{"self":[{"href":"https:\/\/esreviral.com\/index.php?rest_route=\/wp\/v2\/posts\/3094"}],"collection":[{"href":"https:\/\/esreviral.com\/index.php?rest_route=\/wp\/v2\/posts"}],"about":[{"href":"https:\/\/esreviral.com\/index.php?rest_route=\/wp\/v2\/types\/post"}],"author":[{"embeddable":true,"href":"https:\/\/esreviral.com\/index.php?rest_route=\/wp\/v2\/users\/2"}],"replies":[{"embeddable":true,"href":"https:\/\/esreviral.com\/index.php?rest_route=%2Fwp%2Fv2%2Fcomments&post=3094"}],"version-history":[{"count":0,"href":"https:\/\/esreviral.com\/index.php?rest_route=\/wp\/v2\/posts\/3094\/revisions"}],"wp:featuredmedia":[{"embeddable":true,"href":"https:\/\/esreviral.com\/index.php?rest_route=\/"}],"wp:attachment":[{"href":"https:\/\/esreviral.com\/index.php?rest_route=%2Fwp%2Fv2%2Fmedia&parent=3094"}],"wp:term":[{"taxonomy":"category","embeddable":true,"href":"https:\/\/esreviral.com\/index.php?rest_route=%2Fwp%2Fv2%2Fcategories&post=3094"},{"taxonomy":"post_tag","embeddable":true,"href":"https:\/\/esreviral.com\/index.php?rest_route=%2Fwp%2Fv2%2Ftags&post=3094"}],"curies":[{"name":"wp","href":"https:\/\/api.w.org\/{rel}","templated":true}]}}