{"id":3087,"date":"2021-01-04T17:31:54","date_gmt":"2021-01-04T17:31:54","guid":{"rendered":"http:\/\/esreviral.com\/?p=3087"},"modified":"2021-01-04T17:31:54","modified_gmt":"2021-01-04T17:31:54","slug":"coronavirus-aumentan-los-casos-y-hay-solo-un-1-de-efectos-adversos-de-la-vacuna","status":"publish","type":"post","link":"https:\/\/esreviral.com\/?p=3087","title":{"rendered":"Coronavirus: aumentan los casos y hay s\u00f3lo un 1% de efectos adversos de la vacuna"},"content":{"rendered":"\n<p>La tendencia decreciente de nuevos casos de coronavirus se detuvo en todo el pa\u00eds y en muchas regiones la curva comenz\u00f3 a ascender, confirm\u00f3 este lunes la Secretaria de Acceso a la Salud, Carla Vizzotti, durante el reporte nacional en el que tambi\u00e9n se difundi\u00f3 que s\u00f3lo el 1% de las personas vacunadas present\u00f3 efectos adversos esperables como cefaleas, fiebre o dolor muscular.<\/p>\n\n\n\n<p><strong>\u00abEl descenso sostenido se ha detenido y en muchas provincias vemos un aumento de casos\u00bb,&nbsp;<\/strong>sostuvo Vizzotti quien present\u00f3 un mapa de incidencia de nuevos casos comparando los \u00faltimos 15 d\u00edas de notificaciones con los 15 d\u00edas previos.<\/p>\n\n\n\n<p>La funcionaria indic\u00f3 que&nbsp;<strong>\u00abJujuy, Catamarca, La Pampa, la provincia y la ciudad de Buenos Aires y Misiones han aumentado los nuevos casos\u00bb mientras que el resto detuvo el descenso.<\/strong><\/p>\n\n\n\n<p><strong>\u00abVamos a estar trabajando esta semana con las jurisdicciones para analizar estas tendencias y sobre todo las causas\u00bb,<\/strong>\u00a0se\u00f1al\u00f3 y a\u00f1adi\u00f3 que \u00abes muy importante volver a prestar atenci\u00f3n en las medidas de cuidado: metro y medio de distancia, lavado de manos, uso de tapabocas y no subestimar ning\u00fan s\u00edntoma, as\u00ed como hacer aislamiento en caso de ser un caso confirmado o contacto estrecho\u00bb.<\/p>\n\n\n\n<p class=\"has-text-align-right\"><strong><em>Telam.-<\/em><\/strong><\/p>\n","protected":false},"excerpt":{"rendered":"<p>La Secretaria de Acceso a la Salud sostuvo que \u00abel descenso sostenido se ha detenido\u00bb y se\u00f1al\u00f3 que \u00aben Jujuy, Catamarca, La Pampa, la provincia y la ciudad de Buenos Aires y Misiones han aumentado los nuevos casos\u00bb<\/p>\n","protected":false},"author":2,"featured_media":3088,"comment_status":"open","ping_status":"open","sticky":false,"template":"","format":"standard","meta":{"jnews-multi-image_gallery":[],"jnews_single_post":[],"jnews_primary_category":[],"jnews_social_meta":[],"jnews_review":[],"enable_review":"","type":"","name":"","summary":"","brand":"","sku":"","good":[],"bad":[],"score_override":"","override_value":"","rating":[],"price":[],"jnews_override_counter":[],"jnews_post_split":[],"footnotes":""},"categories":[76],"tags":[77,45],"class_list":["post-3087","post","type-post","status-publish","format-standard","has-post-thumbnail","hentry","category-coronavirus","tag-coronavirus","tag-noticias"],"amp_enabled":true,"_links":{"self":[{"href":"https:\/\/esreviral.com\/index.php?rest_route=\/wp\/v2\/posts\/3087"}],"collection":[{"href":"https:\/\/esreviral.com\/index.php?rest_route=\/wp\/v2\/posts"}],"about":[{"href":"https:\/\/esreviral.com\/index.php?rest_route=\/wp\/v2\/types\/post"}],"author":[{"embeddable":true,"href":"https:\/\/esreviral.com\/index.php?rest_route=\/wp\/v2\/users\/2"}],"replies":[{"embeddable":true,"href":"https:\/\/esreviral.com\/index.php?rest_route=%2Fwp%2Fv2%2Fcomments&post=3087"}],"version-history":[{"count":0,"href":"https:\/\/esreviral.com\/index.php?rest_route=\/wp\/v2\/posts\/3087\/revisions"}],"wp:featuredmedia":[{"embeddable":true,"href":"https:\/\/esreviral.com\/index.php?rest_route=\/"}],"wp:attachment":[{"href":"https:\/\/esreviral.com\/index.php?rest_route=%2Fwp%2Fv2%2Fmedia&parent=3087"}],"wp:term":[{"taxonomy":"category","embeddable":true,"href":"https:\/\/esreviral.com\/index.php?rest_route=%2Fwp%2Fv2%2Fcategories&post=3087"},{"taxonomy":"post_tag","embeddable":true,"href":"https:\/\/esreviral.com\/index.php?rest_route=%2Fwp%2Fv2%2Ftags&post=3087"}],"curies":[{"name":"wp","href":"https:\/\/api.w.org\/{rel}","templated":true}]}}