{"id":30862,"date":"2023-02-07T14:51:20","date_gmt":"2023-02-07T19:51:20","guid":{"rendered":"https:\/\/esreviral.com\/?p=30862"},"modified":"2023-02-07T14:51:21","modified_gmt":"2023-02-07T19:51:21","slug":"alberto-fernandez-convoco-a-la-primera-reunion-de-la-mesa-nacional-del-frente-de-todos","status":"publish","type":"post","link":"https:\/\/esreviral.com\/?p=30862","title":{"rendered":"Alberto Fern\u00e1ndez convoc\u00f3 a la primera reuni\u00f3n de la mesa nacional del Frente de Todos"},"content":{"rendered":"\n<p>Alberto Fern\u00e1ndez le puso fecha y hora a la convocatoria de la mesa nacional del Frente de Todos. Esta tarde, desde la Casa Rosada, confirmaron que el encuentro ser\u00e1 el&nbsp;<strong>jueves 16 de febrero<\/strong>, a las 19, en la hist\u00f3rica sede del Partido Justicialista, ubicada en Matheu 130.<\/p>\n\n\n\n<p>Al encuentro fueron invitados representantes de distintos espacios pol\u00edticos que integran el Frente de Todos. La intenci\u00f3n del Presidente es que esa reuni\u00f3n se comience a discutir la&nbsp;<strong>estrategia electoral<\/strong>&nbsp;de cara a las elecciones de este a\u00f1o.<\/p>\n\n\n\n<p>La discusi\u00f3n que a\u00fan esta flotando en el peronismo es sobre el temario del encuentro. Pese a que el Jefe de Estado confirm\u00f3 que la intenci\u00f3n es que solo se hable de la estrategia para afrontar las elecciones, en el kirchnerismo presionan para que la agenda se ampl\u00ede y en la mesa tambi\u00e9n se trate la gesti\u00f3n y la candidaturas.<\/p>\n\n\n\n<p><em>Noticia en desarrollo<\/em><\/p>\n\n\n\n<p class=\"has-text-align-right\"><strong><em>Infobae.-<\/em><\/strong><\/p>\n","protected":false},"excerpt":{"rendered":"<p>La reuni\u00f3n ser\u00e1 en la sede del Partido Justicialista. Se espera que concurran los representantes de los distintos espacios de la coalici\u00f3n oficialista.<\/p>\n","protected":false},"author":3,"featured_media":30863,"comment_status":"open","ping_status":"closed","sticky":false,"template":"","format":"standard","meta":{"jnews-multi-image_gallery":[],"jnews_single_post":{"subtitle":"","format":"standard","video":"","gallery":"","source_name":"","source_url":"","via_name":"","via_url":"","override_template":"0","override":[{"template":"4","single_blog_custom":"","parallax":"1","fullscreen":"1","layout":"right-sidebar","sidebar":"default-sidebar","second_sidebar":"default-sidebar","sticky_sidebar":"1","share_position":"top","share_float_style":"share-monocrhome","show_share_counter":"1","show_view_counter":"1","show_featured":"1","show_post_meta":"1","show_post_author":"1","show_post_author_image":"1","show_post_date":"1","post_date_format":"default","post_date_format_custom":"Y\/m\/d","show_post_category":"1","show_post_reading_time":"1","post_reading_time_wpm":"300","show_zoom_button":"1","zoom_button_out_step":"2","zoom_button_in_step":"3","show_post_tag":"1","show_prev_next_post":"1","show_popup_post":"1","number_popup_post":"1","show_author_box":"1","show_post_related":"1","show_inline_post_related":"0"}],"override_image_size":"0","image_override":[{"single_post_thumbnail_size":"crop-500","single_post_gallery_size":"crop-500"}],"trending_post":"0","trending_post_position":"meta","trending_post_label":"Trending","sponsored_post":"0","sponsored_post_label":"Sponsored by","sponsored_post_name":"","sponsored_post_url":"","sponsored_post_logo_enable":"0","sponsored_post_logo":"","sponsored_post_desc":"","disable_ad":"0"},"jnews_primary_category":{"id":"","hide":""},"jnews_social_meta":{"fb_title":"","fb_description":"","fb_image":"","twitter_title":"","twitter_description":"","twitter_image":""},"jnews_review":[],"enable_review":"0","type":"percentage","name":"","summary":"","brand":"","sku":"","good":[{"good_text":""}],"bad":[{"bad_text":""}],"score_override":"","override_value":"","rating":[{"rating_text":"","rating_number":"10"}],"price":[{"shop":"","price":"","link":"","icon":""}],"jnews_override_counter":{"override_view_counter":"0","view_counter_number":"0","override_share_counter":"0","share_counter_number":"0","override_like_counter":"0","like_counter_number":"0","override_dislike_counter":"0","dislike_counter_number":"0"},"jnews_post_split":{"enable_post_split":"0","post_split":[{"template":"1","tag":"h2","numbering":"asc","mode":"normal","first":"0","enable_toc":"0","toc_type":"normal"}]},"footnotes":""},"categories":[59],"tags":[86,44,2268,6965,1724,5390,45,5010],"class_list":["post-30862","post","type-post","status-publish","format-standard","has-post-thumbnail","hentry","category-politica","tag-alberto-fernandez","tag-argentina","tag-cristina-kirchner","tag-elecciones-2023","tag-frente-de-todos","tag-mesa-nacional","tag-noticias","tag-peronismo"],"amp_enabled":true,"_links":{"self":[{"href":"https:\/\/esreviral.com\/index.php?rest_route=\/wp\/v2\/posts\/30862"}],"collection":[{"href":"https:\/\/esreviral.com\/index.php?rest_route=\/wp\/v2\/posts"}],"about":[{"href":"https:\/\/esreviral.com\/index.php?rest_route=\/wp\/v2\/types\/post"}],"author":[{"embeddable":true,"href":"https:\/\/esreviral.com\/index.php?rest_route=\/wp\/v2\/users\/3"}],"replies":[{"embeddable":true,"href":"https:\/\/esreviral.com\/index.php?rest_route=%2Fwp%2Fv2%2Fcomments&post=30862"}],"version-history":[{"count":0,"href":"https:\/\/esreviral.com\/index.php?rest_route=\/wp\/v2\/posts\/30862\/revisions"}],"wp:featuredmedia":[{"embeddable":true,"href":"https:\/\/esreviral.com\/index.php?rest_route=\/wp\/v2\/media\/30863"}],"wp:attachment":[{"href":"https:\/\/esreviral.com\/index.php?rest_route=%2Fwp%2Fv2%2Fmedia&parent=30862"}],"wp:term":[{"taxonomy":"category","embeddable":true,"href":"https:\/\/esreviral.com\/index.php?rest_route=%2Fwp%2Fv2%2Fcategories&post=30862"},{"taxonomy":"post_tag","embeddable":true,"href":"https:\/\/esreviral.com\/index.php?rest_route=%2Fwp%2Fv2%2Ftags&post=30862"}],"curies":[{"name":"wp","href":"https:\/\/api.w.org\/{rel}","templated":true}]}}