{"id":30613,"date":"2023-02-02T09:46:40","date_gmt":"2023-02-02T14:46:40","guid":{"rendered":"https:\/\/esreviral.com\/?p=30613"},"modified":"2023-02-02T09:46:42","modified_gmt":"2023-02-02T14:46:42","slug":"video-cerruti-destaco-el-impacto-economico-de-la-temporada-de-verano","status":"publish","type":"post","link":"https:\/\/esreviral.com\/?p=30613","title":{"rendered":"\u00a0+Video: Cerruti destac\u00f3 el impacto econ\u00f3mico de la temporada de verano"},"content":{"rendered":"\n<p>La portavoz de la Presidencia, Gabriela Cerruti, resalt\u00f3 hoy que el impacto econ\u00f3mico de lo que va de la temporada de verano super\u00f3 los 800 mil millones de pesos, cifra que representa un crecimiento interanual del 19,1 por ciento, y afirm\u00f3 que \u201cel turismo sigue siendo, adem\u00e1s de un derecho que disfrutan los argentinos y las argentinas, un motor de crecimiento\u201d.<\/p>\n\n\n\n<figure class=\"wp-block-embed is-type-video is-provider-youtube wp-block-embed-youtube wp-embed-aspect-16-9 wp-has-aspect-ratio\"><div class=\"wp-block-embed__wrapper\">\n<div class=\"jeg_video_container jeg_video_content\"><iframe title=\"Conferencia de prensa de la portavoz de la Presidencia, Gabriela Cerruti.\" width=\"500\" height=\"281\" src=\"https:\/\/www.youtube.com\/embed\/I135TTDTEyA?feature=oembed\" frameborder=\"0\" allow=\"accelerometer; autoplay; clipboard-write; encrypted-media; gyroscope; picture-in-picture; web-share\" referrerpolicy=\"strict-origin-when-cross-origin\" allowfullscreen><\/iframe><\/div>\n<\/div><\/figure>\n\n\n\n<p>\u201cDurante diciembre y enero m\u00e1s de 20 millones de personas viajaron por la Argentina o fueron a alg\u00fan centro tur\u00edstico, lo que implica que casi la mitad de los argentinos y las argentinas tuvieron la posibilidad de disfrutar algunos d\u00edas de vacaciones\u201d, manifest\u00f3 Cerruti en la habitual conferencia que brinda a la prensa acreditada en la Casa Rosada.<\/p>\n\n\n\n<p>Precis\u00f3 que en enero ingresaron al pa\u00eds 700 mil turistas extranjeros, y a\u00f1adi\u00f3 que \u201cen este momento hay un 4,1 por ciento m\u00e1s de turistas recorriendo la Argentina que en el mismo per\u00edodo del a\u00f1o pasado\u201d.<\/p>\n\n\n\n<p>La portavoz resalt\u00f3, adem\u00e1s, el anuncio realizado ayer por el ministro de Econom\u00eda, Sergio Massa, quien confirm\u00f3 que el Gobierno Nacional duplicar\u00e1 los fondos para financiar al sector de las pymes a trav\u00e9s del Programa de Cr\u00e9dito Argentino (CreAr), lo que \u201cimplica disponer de 500 mil millones de pesos en funci\u00f3n de los productores de todo el pa\u00eds\u201d.<\/p>\n\n\n\n<p>\u201cSumada a la quita de 30 puntos de tasa de inter\u00e9s, esta iniciativa les va a permitir seguir generando empleo\u201d, expres\u00f3 y en ese sentido asegur\u00f3 que \u201clas pymes son las mayores generadoras de trabajo registrado en la Argentina y son parte central\u201d en el objetivo de \u201chaber alcanzado una tasa menor a los 7 puntos en el \u00edndice de desempleo\u201d.<\/p>\n\n\n\n<p>Cerruti tambi\u00e9n puso en valor las medidas de alivio anunciadas esta semana por el ministro Massa, que alcanzar\u00e1n a m\u00e1s de 51.000 productores afectados por la sequ\u00eda en Santa Fe, Entre R\u00edos, Corrientes, Chaco, C\u00f3rdoba, Buenos Aires y Salta.<\/p>\n\n\n\n<p>En este contexto, el Banco Naci\u00f3n financiar\u00e1 50 mil millones de pesos para una l\u00ednea de cr\u00e9dito, se les otorgar\u00e1 15 puntos m\u00e1s de subsidio y se reducir\u00e1 la tasa de inter\u00e9s, adem\u00e1s de suspender los pagos de anticipos de Impuestos a las Ganancias y de interrumpir los juicios de ejecuci\u00f3n fiscal y los embargos de cuentas corrientes a cargo de la AFIP.<\/p>\n\n\n\n<p>\u201cLa crisis clim\u00e1tica que afecta a todo el mundo nos exige estar atendiendo a los sectores que atraviesan alguna dificultad y as\u00ed lo necesitan, mientras que los n\u00fameros de crecimiento, del consumo, del turismo y del empleo de la Argentina siguen registrando tasas muy altas y nos permiten pensar que el a\u00f1o 2023 va a continuar con el mismo camino\u201d, concluy\u00f3.<\/p>\n\n\n\n<p class=\"has-text-align-right\"><em>\u00a0<strong>Prensa Presidencia<\/strong>.-<\/em><\/p>\n","protected":false},"excerpt":{"rendered":"<p>La portavoz de la Presidencia, Gabriela Cerruti, resalt\u00f3 hoy que el impacto econ\u00f3mico de lo que va de la temporada de verano super\u00f3 los 800 mil millones de pesos, cifra que representa un crecimiento interanual del 19,1 por ciento, y afirm\u00f3 que \u201cel turismo sigue siendo, adem\u00e1s de un derecho que disfrutan los argentinos y [&hellip;]<\/p>\n","protected":false},"author":3,"featured_media":30614,"comment_status":"open","ping_status":"closed","sticky":false,"template":"","format":"standard","meta":{"jnews-multi-image_gallery":[],"jnews_single_post":{"subtitle":"","format":"standard","video":"","gallery":"","source_name":"","source_url":"","via_name":"","via_url":"","override_template":"0","override":[{"template":"4","single_blog_custom":"","parallax":"1","fullscreen":"1","layout":"right-sidebar","sidebar":"default-sidebar","second_sidebar":"default-sidebar","sticky_sidebar":"1","share_position":"top","share_float_style":"share-monocrhome","show_share_counter":"1","show_view_counter":"1","show_featured":"1","show_post_meta":"1","show_post_author":"1","show_post_author_image":"1","show_post_date":"1","post_date_format":"default","post_date_format_custom":"Y\/m\/d","show_post_category":"1","show_post_reading_time":"1","post_reading_time_wpm":"300","show_zoom_button":"1","zoom_button_out_step":"2","zoom_button_in_step":"3","show_post_tag":"1","show_prev_next_post":"1","show_popup_post":"1","number_popup_post":"1","show_author_box":"1","show_post_related":"1","show_inline_post_related":"0"}],"override_image_size":"0","image_override":[{"single_post_thumbnail_size":"crop-500","single_post_gallery_size":"crop-500"}],"trending_post":"0","trending_post_position":"meta","trending_post_label":"Trending","sponsored_post":"0","sponsored_post_label":"Sponsored by","sponsored_post_name":"","sponsored_post_url":"","sponsored_post_logo_enable":"0","sponsored_post_logo":"","sponsored_post_desc":"","disable_ad":"0"},"jnews_primary_category":{"id":"","hide":""},"jnews_social_meta":{"fb_title":"","fb_description":"","fb_image":"","twitter_title":"","twitter_description":"","twitter_image":""},"jnews_review":[],"enable_review":"0","type":"percentage","name":"","summary":"","brand":"","sku":"","good":[{"good_text":""}],"bad":[{"bad_text":""}],"score_override":"","override_value":"","rating":[{"rating_text":"","rating_number":"10"}],"price":[{"shop":"","price":"","link":"","icon":""}],"jnews_override_counter":{"override_view_counter":"0","view_counter_number":"0","override_share_counter":"0","share_counter_number":"0","override_like_counter":"0","like_counter_number":"0","override_dislike_counter":"0","dislike_counter_number":"0"},"jnews_post_split":{"enable_post_split":"0","post_split":[{"template":"1","tag":"h2","numbering":"asc","mode":"normal","first":"0","enable_toc":"0","toc_type":"normal"}]},"footnotes":""},"categories":[58,61],"tags":[44,62,1396,6873,45,6874],"class_list":["post-30613","post","type-post","status-publish","format-standard","has-post-thumbnail","hentry","category-argentina","category-economia","tag-argentina","tag-economia","tag-gabriela-cerruti","tag-impacto-economico","tag-noticias","tag-temporada-de-verano"],"amp_enabled":true,"_links":{"self":[{"href":"https:\/\/esreviral.com\/index.php?rest_route=\/wp\/v2\/posts\/30613"}],"collection":[{"href":"https:\/\/esreviral.com\/index.php?rest_route=\/wp\/v2\/posts"}],"about":[{"href":"https:\/\/esreviral.com\/index.php?rest_route=\/wp\/v2\/types\/post"}],"author":[{"embeddable":true,"href":"https:\/\/esreviral.com\/index.php?rest_route=\/wp\/v2\/users\/3"}],"replies":[{"embeddable":true,"href":"https:\/\/esreviral.com\/index.php?rest_route=%2Fwp%2Fv2%2Fcomments&post=30613"}],"version-history":[{"count":0,"href":"https:\/\/esreviral.com\/index.php?rest_route=\/wp\/v2\/posts\/30613\/revisions"}],"wp:featuredmedia":[{"embeddable":true,"href":"https:\/\/esreviral.com\/index.php?rest_route=\/wp\/v2\/media\/30614"}],"wp:attachment":[{"href":"https:\/\/esreviral.com\/index.php?rest_route=%2Fwp%2Fv2%2Fmedia&parent=30613"}],"wp:term":[{"taxonomy":"category","embeddable":true,"href":"https:\/\/esreviral.com\/index.php?rest_route=%2Fwp%2Fv2%2Fcategories&post=30613"},{"taxonomy":"post_tag","embeddable":true,"href":"https:\/\/esreviral.com\/index.php?rest_route=%2Fwp%2Fv2%2Ftags&post=30613"}],"curies":[{"name":"wp","href":"https:\/\/api.w.org\/{rel}","templated":true}]}}