{"id":30609,"date":"2023-02-02T09:26:39","date_gmt":"2023-02-02T14:26:39","guid":{"rendered":"https:\/\/esreviral.com\/?p=30609"},"modified":"2023-02-02T09:26:40","modified_gmt":"2023-02-02T14:26:40","slug":"funkfellas-lanza-su-primer-disco-the-funkfellas-show","status":"publish","type":"post","link":"https:\/\/esreviral.com\/?p=30609","title":{"rendered":"\u00a0Funkfellas lanza su primer disco &#8216;The Funkfellas Show&#8217;"},"content":{"rendered":"\n<p><\/p>\n\n\n\n<p>Siete registros constituyen el disco de Funkfellas, cuyo actual promocional es el mismo que da t\u00edtulo al \u00e1lbum: \u2018The Funkfellas Show\u2019. En su introducci\u00f3n se puede o\u00edr el inicio de un espect\u00e1culo, con fanfarria incorporada; y la voz de un presentador que promete una experiencia extraordinaria para los seguidores del g\u00e9nero funk. \u201c\u2026 busquen asiento, tomen sus aud\u00edfonos y aprieten esas nalgas\u2026\u201d.<\/p>\n\n\n\n<p>La irreverencia es un elemento recurrente en los temas de Funkfellas, agrupaci\u00f3n compuesta por Frank Ugel (voz y guitarra), Dany Anka (bajo) y Charvel Anka (bater\u00eda). Ellos grabaron de manera remota durante el 2022 todos los registros. Frank y Dany han trabajado desde Nueva York y Houston, respectivamente; mientras que Charvel estuvo residiendo en Argentina y actualmente est\u00e1 instalado en Estados Unidos, espec\u00edficamente en Orlando. La masterizaci\u00f3n y mezcla de todo el \u00e1lbum corresponde a Orlando Barranco (tambi\u00e9n radicado en NY), responsable de concretar un sonido de primer\u00edsima calidad.<\/p>\n\n\n\n<p>Para la canci\u00f3n \u2018The Funkfellas Show\u2019 se cont\u00f3 con el trabajo conjunto en composici\u00f3n del rapero Jes\u00fas \u2018ESE\u2019 Meneses, quien tambi\u00e9n colabor\u00f3 en el tema \u2018Queen colibr\u00ed\u2019, basado en una historia real de amistad multicultural.<\/p>\n\n\n\n<p>Las canciones de Funkfellas tienen un perfil \u201crom\u00e1ntico-sexual\u201d, tal como han comentado sus m\u00fasicos; argumentando que este rasgo tiende a ser com\u00fan en el g\u00e9nero funk; considerado como m\u00fasica para entretenerse en un entorno festivo, amistoso y relajado.<\/p>\n\n\n\n<figure class=\"wp-block-image size-large\"><img fetchpriority=\"high\" decoding=\"async\" width=\"877\" height=\"1024\" src=\"https:\/\/esreviral.com\/wp-content\/uploads\/2023\/02\/AnyConv.com__FUNKFELLAS-FOTO-877x1024.webp\" alt=\"\" class=\"wp-image-30611\" srcset=\"https:\/\/esreviral.com\/wp-content\/uploads\/2023\/02\/AnyConv.com__FUNKFELLAS-FOTO-877x1024.webp 877w, https:\/\/esreviral.com\/wp-content\/uploads\/2023\/02\/AnyConv.com__FUNKFELLAS-FOTO-257x300.webp 257w, https:\/\/esreviral.com\/wp-content\/uploads\/2023\/02\/AnyConv.com__FUNKFELLAS-FOTO-768x897.webp 768w, https:\/\/esreviral.com\/wp-content\/uploads\/2023\/02\/AnyConv.com__FUNKFELLAS-FOTO-1316x1536.webp 1316w, https:\/\/esreviral.com\/wp-content\/uploads\/2023\/02\/AnyConv.com__FUNKFELLAS-FOTO-750x876.webp 750w, https:\/\/esreviral.com\/wp-content\/uploads\/2023\/02\/AnyConv.com__FUNKFELLAS-FOTO-1140x1331.webp 1140w, https:\/\/esreviral.com\/wp-content\/uploads\/2023\/02\/AnyConv.com__FUNKFELLAS-FOTO.webp 1754w\" sizes=\"(max-width: 877px) 100vw, 877px\" \/><\/figure>\n\n\n\n<p>Otra de las canciones no divulgadas anteriormente es \u2018Ropa de estreno\u2019, \u00faltimo tema de la producci\u00f3n, para el que se cuenta con una participaci\u00f3n especial de Francisco \u201cPacho\u201d G\u00f3mez en el bajo. La letra plantea una analog\u00eda entre el Gobierno de Venezuela y la monarqu\u00eda de Luis XVI. \u201c\u2026 y el populacho encendido, celebra con ciego hartazgo, el espect\u00e1culo t\u00e9trico de los cuerpos degollados\u2026\u201d, expone la frase que cierra la producci\u00f3n, tomado de un poema con autor\u00eda de Napole\u00f3n Fidel G\u00f3mez.<\/p>\n\n\n\n<p class=\"has-text-align-right\"><strong><em>Prensa Funkfellas.-<\/em><\/strong><\/p>\n","protected":false},"excerpt":{"rendered":"<p>Tras un a\u00f1o de grabaciones de modo remoto, los m\u00fasicos larenses completan su primera placa con historias curiosas, ir\u00f3nicas, graciosas y reflexivas. El funk, con variaciones de rock alternativo, es la base del \u00e1lbum que puede escucharse completo en Spotify. <\/p>\n","protected":false},"author":3,"featured_media":30610,"comment_status":"open","ping_status":"closed","sticky":false,"template":"","format":"standard","meta":{"jnews-multi-image_gallery":[],"jnews_single_post":{"subtitle":"","format":"standard","video":"","gallery":"","source_name":"","source_url":"","via_name":"","via_url":"","override_template":"0","override":[{"template":"4","single_blog_custom":"","parallax":"1","fullscreen":"1","layout":"right-sidebar","sidebar":"default-sidebar","second_sidebar":"default-sidebar","sticky_sidebar":"1","share_position":"top","share_float_style":"share-monocrhome","show_share_counter":"1","show_view_counter":"1","show_featured":"1","show_post_meta":"1","show_post_author":"1","show_post_author_image":"1","show_post_date":"1","post_date_format":"default","post_date_format_custom":"Y\/m\/d","show_post_category":"1","show_post_reading_time":"1","post_reading_time_wpm":"300","show_zoom_button":"1","zoom_button_out_step":"2","zoom_button_in_step":"3","show_post_tag":"1","show_prev_next_post":"1","show_popup_post":"1","number_popup_post":"1","show_author_box":"1","show_post_related":"1","show_inline_post_related":"0"}],"override_image_size":"0","image_override":[{"single_post_thumbnail_size":"crop-500","single_post_gallery_size":"crop-500"}],"trending_post":"0","trending_post_position":"meta","trending_post_label":"Trending","sponsored_post":"0","sponsored_post_label":"Sponsored by","sponsored_post_name":"","sponsored_post_url":"","sponsored_post_logo_enable":"0","sponsored_post_logo":"","sponsored_post_desc":"","disable_ad":"0"},"jnews_primary_category":{"id":"","hide":""},"jnews_social_meta":{"fb_title":"","fb_description":"","fb_image":"","twitter_title":"","twitter_description":"","twitter_image":""},"jnews_review":[],"enable_review":"0","type":"percentage","name":"","summary":"","brand":"","sku":"","good":[{"good_text":""}],"bad":[{"bad_text":""}],"score_override":"","override_value":"","rating":[{"rating_text":"","rating_number":"10"}],"price":[{"shop":"","price":"","link":"","icon":""}],"jnews_override_counter":{"override_view_counter":"0","view_counter_number":"0","override_share_counter":"0","share_counter_number":"0","override_like_counter":"0","like_counter_number":"0","override_dislike_counter":"0","dislike_counter_number":"0"},"jnews_post_split":{"enable_post_split":"0","post_split":[{"template":"1","tag":"h2","numbering":"asc","mode":"normal","first":"0","enable_toc":"0","toc_type":"normal"}]},"footnotes":""},"categories":[1142],"tags":[1704,1987,1197,45,6872,6871,56],"class_list":["post-30609","post","type-post","status-publish","format-standard","has-post-thumbnail","hentry","category-musica","tag-funkfellas","tag-lanzamiento","tag-musica-2","tag-noticias","tag-primer-disco","tag-the-funkfellas-show","tag-venezuela"],"amp_enabled":true,"_links":{"self":[{"href":"https:\/\/esreviral.com\/index.php?rest_route=\/wp\/v2\/posts\/30609"}],"collection":[{"href":"https:\/\/esreviral.com\/index.php?rest_route=\/wp\/v2\/posts"}],"about":[{"href":"https:\/\/esreviral.com\/index.php?rest_route=\/wp\/v2\/types\/post"}],"author":[{"embeddable":true,"href":"https:\/\/esreviral.com\/index.php?rest_route=\/wp\/v2\/users\/3"}],"replies":[{"embeddable":true,"href":"https:\/\/esreviral.com\/index.php?rest_route=%2Fwp%2Fv2%2Fcomments&post=30609"}],"version-history":[{"count":0,"href":"https:\/\/esreviral.com\/index.php?rest_route=\/wp\/v2\/posts\/30609\/revisions"}],"wp:featuredmedia":[{"embeddable":true,"href":"https:\/\/esreviral.com\/index.php?rest_route=\/wp\/v2\/media\/30610"}],"wp:attachment":[{"href":"https:\/\/esreviral.com\/index.php?rest_route=%2Fwp%2Fv2%2Fmedia&parent=30609"}],"wp:term":[{"taxonomy":"category","embeddable":true,"href":"https:\/\/esreviral.com\/index.php?rest_route=%2Fwp%2Fv2%2Fcategories&post=30609"},{"taxonomy":"post_tag","embeddable":true,"href":"https:\/\/esreviral.com\/index.php?rest_route=%2Fwp%2Fv2%2Ftags&post=30609"}],"curies":[{"name":"wp","href":"https:\/\/api.w.org\/{rel}","templated":true}]}}