{"id":3055,"date":"2020-12-30T21:46:07","date_gmt":"2020-12-30T21:46:07","guid":{"rendered":"http:\/\/esreviral.com\/?p=3055"},"modified":"2020-12-30T21:46:07","modified_gmt":"2020-12-30T21:46:07","slug":"venezolanos-en-pilar-repartieron-la-arepa-feliz","status":"publish","type":"post","link":"https:\/\/esreviral.com\/?p=3055","title":{"rendered":"Venezolanos en Pilar repartieron la Arepa Feliz"},"content":{"rendered":"\n<p><strong><em>CIS.- <\/em><\/strong>Por tercer a\u00f1o consecutivo, Yonnier Rodr\u00edguez, presidente de la Asociaci\u00f3n de Venezolanos en Pilar junto a un grupo connacionales, entregaron arepas a los argentinos como muestra de la hermandad entre ambas naciones. <\/p>\n\n\n\n<p>\u00abEn esta oportunidad fuimos al Barrio Agustoni, donde entregamos m\u00e1s de 80 arepas aunque previamente hab\u00edamos hecho otras jornadas. Es una manera de compartir con la gente argentina que nos ha brindado tanto apoyo y cari\u00f1o, agradeciendo por recibirnos como si fuese nuestros pa\u00eds\u00bb, explic\u00f3. <\/p>\n\n\n\n<p>Infom\u00f3 que tambi\u00e9n estuvieron otros extranjeros de Paraguay y Bolivia, a quienes entregaron la Arepa Feliz, \u00abincluso hasta quer\u00edan repartir porque les gust\u00f3 mucho\u00bb. <\/p>\n\n\n\n<p>El a\u00f1o pasado, Rodr\u00edguez realiz\u00f3 la actividad con personas de la calle en Once, Buenos Aires y espera repetir la actividad el pr\u00f3ximo a\u00f1o por lo que invit\u00f3 a las personas que deseen sumarse a la iniciativa. <\/p>\n\n\n\n<figure class=\"wp-block-audio\"><audio controls src=\"http:\/\/esreviral.com\/wp-content\/uploads\/2020\/12\/WhatsApp-Ptt-2020-12-30-at-3.15.08-PM.ogg\"><\/audio><\/figure>\n\n\n\n<figure class=\"wp-block-embed-youtube wp-block-embed is-type-video is-provider-youtube wp-embed-aspect-16-9 wp-has-aspect-ratio\"><div class=\"wp-block-embed__wrapper\">\n<div class=\"jeg_video_container jeg_video_content\"><iframe title=\"Venezolanos en Pilar entregaron la Arepa Feliz\" width=\"500\" height=\"281\" src=\"https:\/\/www.youtube.com\/embed\/x-HriMOt0P4?feature=oembed\" frameborder=\"0\" allow=\"accelerometer; autoplay; clipboard-write; encrypted-media; gyroscope; picture-in-picture; web-share\" referrerpolicy=\"strict-origin-when-cross-origin\" allowfullscreen><\/iframe><\/div>\n<\/div><\/figure>\n","protected":false},"excerpt":{"rendered":"<p>Por tercer a\u00f1o consecutivo se realiz\u00f3 la actividad <\/p>\n","protected":false},"author":2,"featured_media":3062,"comment_status":"open","ping_status":"open","sticky":false,"template":"","format":"standard","meta":{"jnews-multi-image_gallery":[],"jnews_single_post":[],"jnews_primary_category":[],"jnews_social_meta":[],"jnews_review":[],"enable_review":"","type":"","name":"","summary":"","brand":"","sku":"","good":[],"bad":[],"score_override":"","override_value":"","rating":[],"price":[],"jnews_override_counter":[],"jnews_post_split":[],"footnotes":""},"categories":[54],"tags":[55,45,67],"class_list":["post-3055","post","type-post","status-publish","format-standard","has-post-thumbnail","hentry","category-inmigracion","tag-inmigracion","tag-noticias","tag-venezolanos-en-argentina"],"amp_enabled":true,"_links":{"self":[{"href":"https:\/\/esreviral.com\/index.php?rest_route=\/wp\/v2\/posts\/3055"}],"collection":[{"href":"https:\/\/esreviral.com\/index.php?rest_route=\/wp\/v2\/posts"}],"about":[{"href":"https:\/\/esreviral.com\/index.php?rest_route=\/wp\/v2\/types\/post"}],"author":[{"embeddable":true,"href":"https:\/\/esreviral.com\/index.php?rest_route=\/wp\/v2\/users\/2"}],"replies":[{"embeddable":true,"href":"https:\/\/esreviral.com\/index.php?rest_route=%2Fwp%2Fv2%2Fcomments&post=3055"}],"version-history":[{"count":0,"href":"https:\/\/esreviral.com\/index.php?rest_route=\/wp\/v2\/posts\/3055\/revisions"}],"wp:featuredmedia":[{"embeddable":true,"href":"https:\/\/esreviral.com\/index.php?rest_route=\/"}],"wp:attachment":[{"href":"https:\/\/esreviral.com\/index.php?rest_route=%2Fwp%2Fv2%2Fmedia&parent=3055"}],"wp:term":[{"taxonomy":"category","embeddable":true,"href":"https:\/\/esreviral.com\/index.php?rest_route=%2Fwp%2Fv2%2Fcategories&post=3055"},{"taxonomy":"post_tag","embeddable":true,"href":"https:\/\/esreviral.com\/index.php?rest_route=%2Fwp%2Fv2%2Ftags&post=3055"}],"curies":[{"name":"wp","href":"https:\/\/api.w.org\/{rel}","templated":true}]}}