{"id":30529,"date":"2023-02-01T07:35:59","date_gmt":"2023-02-01T12:35:59","guid":{"rendered":"https:\/\/esreviral.com\/?p=30529"},"modified":"2023-02-01T07:36:00","modified_gmt":"2023-02-01T12:36:00","slug":"hallaron-el-cuerpo-congelado-de-una-mujer-que-murio-en-1981-en-el-cerro-mercedario","status":"publish","type":"post","link":"https:\/\/esreviral.com\/?p=30529","title":{"rendered":"Hallaron el cuerpo congelado de una mujer que muri\u00f3 en 1981 en el Cerro Mercedario"},"content":{"rendered":"\n<p>En el a\u00f1o\u00a0<strong>1981 una joven andinista tucumana recorr\u00eda el Cerro Mercedario, en Calingasta, San Juan<\/strong>, con su hermana y su novio cuando en un accidente\u00a0<strong>cay\u00f3 en una zona de dif\u00edcil acceso y muri\u00f3<\/strong>. Su cuerpo nunca pudo ser hallado hasta el martes pasado que fue descubierto por unos turistas<strong>. Estaba adherido a un glaciar a 5000 metros de altura.<\/strong><\/p>\n\n\n\n<p>Tras el alerta a las autoridades, la Polic\u00eda provincial y la Gendarmer\u00eda Nacional<strong>\u00a0realizaron un operativo el s\u00e1bado para acceder al lugar, romper el hielo<\/strong>\u00a0y as\u00ed extraer el cad\u00e1ver y trasladarlo en un helic\u00f3ptero, con el debido apoyo de la Fiscal\u00eda, Criminal\u00edstica y el Grupo Geras, inform\u00f3\u00a0<em>Tiempo de San Juan<\/em>.<\/p>\n\n\n\n<p>Si bien en un primer momento se crey\u00f3 que era el cuerpo de un andinista alem\u00e1n, Andreas Colli, perdido en diciembre del 2002, luego se determin\u00f3 que era una mujer de entre 18 y30 a\u00f1os y el cuerpo ten\u00eda restos de vestimenta de andinista. Debido a los registros del lugar, se realizaron tres denuncias de desaparici\u00f3n de personas en el Cerro Mercedario, de las cuales solo una era una mujer.<\/p>\n\n\n\n<p>As\u00ed es como se cree que el cuerpo ser\u00eda de\u00a0<strong>Marta Emilia Altamirano, una joven de 20 a\u00f1os que se perdi\u00f3 en ese lugar durante una expedici\u00f3n en 1981<\/strong>. Seg\u00fan la autopsia, realizada en la Morgue Judicial de San Juan, el cuerpo tiene uno de sus pies desprendido y la muerte se produjo a causa de politraumatismos.<\/p>\n\n\n\n<figure class=\"wp-block-image size-full\"><img fetchpriority=\"high\" decoding=\"async\" width=\"879\" height=\"586\" src=\"https:\/\/esreviral.com\/wp-content\/uploads\/2023\/02\/AnyConv.com__4RZVOUYP3JHHBC55O6BJM3UIZU.webp\" alt=\"\" class=\"wp-image-30530\" srcset=\"https:\/\/esreviral.com\/wp-content\/uploads\/2023\/02\/AnyConv.com__4RZVOUYP3JHHBC55O6BJM3UIZU.webp 879w, https:\/\/esreviral.com\/wp-content\/uploads\/2023\/02\/AnyConv.com__4RZVOUYP3JHHBC55O6BJM3UIZU-300x200.webp 300w, https:\/\/esreviral.com\/wp-content\/uploads\/2023\/02\/AnyConv.com__4RZVOUYP3JHHBC55O6BJM3UIZU-768x512.webp 768w, https:\/\/esreviral.com\/wp-content\/uploads\/2023\/02\/AnyConv.com__4RZVOUYP3JHHBC55O6BJM3UIZU-750x500.webp 750w\" sizes=\"(max-width: 879px) 100vw, 879px\" \/><\/figure>\n\n\n\n<p><\/p>\n\n\n\n<p>Para verificar la identidad del cuerpo se realiz\u00f3 un examen de ADN y las autoridades est\u00e1n a la espera de los resultados. De acuerdo a los medios locales, fue contactado el hermano de la joven que viaj\u00f3 a San Juan para ponerse al tanto de la investigaci\u00f3n.<\/p>\n\n\n\n<p><strong><mark style=\"background-color:rgba(0, 0, 0, 0)\" class=\"has-inline-color has-vivid-red-color\">Qui\u00e9n era Marta Emilia Altamirano<\/mark><\/strong><\/p>\n\n\n\n<p><strong>Marta Emilia Altamirano, a quien le dec\u00edan \u201cPatty\u201d, su hermana Corina y su novio Sergio Bossini<\/strong>, partieron el 23 de marzo de 1981 desde Barreal y pararon en el paraje Hornadillas, en el destacamento \u00c1lvarez Condarco de Gendarmer\u00eda Nacional.<\/p>\n\n\n\n<p>El 27 de marzo, comenzaron el ascenso al cerro. Ante la llegada de la noche, cerca de las 19, decidieron hacer base al pie de un glaciar de 4300 metros de altura, detallaba el informe que realiz\u00f3 en ese entonces el Club Andino de Tucum\u00e1n.<\/p>\n\n\n\n<p>Mar\u00eda Emilia fue a recorrer la zona y fue cuando en un momento<strong>&nbsp;\u201cno hizo pie y se desliz\u00f3 cientos de metros abajo\u201d, testificaron en 1981 su hermana y Bossini.<\/strong><\/p>\n\n\n\n<p>Ambos intentaron ir a buscarla, pero debido a que ya era de noche, no hab\u00eda luz suficiente para dar con ella. Al d\u00eda siguiente la encontraron, pero estaba muerta. Debido al dif\u00edcil acceso en la zona, decidieron ir a buscar ayuda para recuperar el cuerpo.<\/p>\n\n\n\n<p>El 29 de marzo llegaron a uno de los puestos de Gendarmer\u00eda para pedir auxilio y junto con un grupo de profesionales fueron hasta el lugar de la muerte de Mar\u00eda Emilia, pero el cad\u00e1ver se encontraba ya bajo la nieve.<\/p>\n\n\n\n<p>Bossini regres\u00f3 al a\u00f1o siguiente junto a otros andinistas y nuevamente fue imposible recuperar el cuerpo, hasta ahora, casi 43 a\u00f1os despu\u00e9s.<\/p>\n\n\n\n<p class=\"has-text-align-right\"><strong><em>LA NACION<\/em><\/strong>.-<\/p>\n","protected":false},"excerpt":{"rendered":"<p>Se tratar\u00eda del cadaver de una joven tucumana que no pudo ser rescatado hace m\u00e1s de 40 a\u00f1os por una tormenta de nieve en una zona de dif\u00edcil acceso a 5000 metros de altura<\/p>\n","protected":false},"author":3,"featured_media":30531,"comment_status":"open","ping_status":"closed","sticky":false,"template":"","format":"standard","meta":{"jnews-multi-image_gallery":[],"jnews_single_post":{"subtitle":"","format":"standard","video":"","gallery":"","source_name":"","source_url":"","via_name":"","via_url":"","override_template":"0","override":[{"template":"4","single_blog_custom":"","parallax":"1","fullscreen":"1","layout":"right-sidebar","sidebar":"default-sidebar","second_sidebar":"default-sidebar","sticky_sidebar":"1","share_position":"top","share_float_style":"share-monocrhome","show_share_counter":"1","show_view_counter":"1","show_featured":"1","show_post_meta":"1","show_post_author":"1","show_post_author_image":"1","show_post_date":"1","post_date_format":"default","post_date_format_custom":"Y\/m\/d","show_post_category":"1","show_post_reading_time":"1","post_reading_time_wpm":"300","show_zoom_button":"1","zoom_button_out_step":"2","zoom_button_in_step":"3","show_post_tag":"1","show_prev_next_post":"1","show_popup_post":"1","number_popup_post":"1","show_author_box":"1","show_post_related":"1","show_inline_post_related":"0"}],"override_image_size":"0","image_override":[{"single_post_thumbnail_size":"crop-500","single_post_gallery_size":"crop-500"}],"trending_post":"0","trending_post_position":"meta","trending_post_label":"Trending","sponsored_post":"0","sponsored_post_label":"Sponsored by","sponsored_post_name":"","sponsored_post_url":"","sponsored_post_logo_enable":"0","sponsored_post_logo":"","sponsored_post_desc":"","disable_ad":"0"},"jnews_primary_category":{"id":"","hide":""},"jnews_social_meta":{"fb_title":"","fb_description":"","fb_image":"","twitter_title":"","twitter_description":"","twitter_image":""},"jnews_review":[],"enable_review":"0","type":"percentage","name":"","summary":"","brand":"","sku":"","good":[{"good_text":""}],"bad":[{"bad_text":""}],"score_override":"","override_value":"","rating":[{"rating_text":"","rating_number":"10"}],"price":[{"shop":"","price":"","link":"","icon":""}],"jnews_override_counter":{"override_view_counter":"0","view_counter_number":"0","override_share_counter":"0","share_counter_number":"0","override_like_counter":"0","like_counter_number":"0","override_dislike_counter":"0","dislike_counter_number":"0"},"jnews_post_split":{"enable_post_split":"0","post_split":[{"template":"1","tag":"h2","numbering":"asc","mode":"normal","first":"0","enable_toc":"0","toc_type":"normal"}]},"footnotes":""},"categories":[58,64],"tags":[44,6811,6810,6813,6812,6809,45],"class_list":["post-30529","post","type-post","status-publish","format-standard","has-post-thumbnail","hentry","category-argentina","category-sucesos","tag-argentina","tag-cerro-mercedario","tag-cuerpo-congelado","tag-glaciar","tag-joven-andinista-tucumana","tag-marta-emilia-altamirano","tag-noticias"],"_links":{"self":[{"href":"https:\/\/esreviral.com\/index.php?rest_route=\/wp\/v2\/posts\/30529","targetHints":{"allow":["GET"]}}],"collection":[{"href":"https:\/\/esreviral.com\/index.php?rest_route=\/wp\/v2\/posts"}],"about":[{"href":"https:\/\/esreviral.com\/index.php?rest_route=\/wp\/v2\/types\/post"}],"author":[{"embeddable":true,"href":"https:\/\/esreviral.com\/index.php?rest_route=\/wp\/v2\/users\/3"}],"replies":[{"embeddable":true,"href":"https:\/\/esreviral.com\/index.php?rest_route=%2Fwp%2Fv2%2Fcomments&post=30529"}],"version-history":[{"count":0,"href":"https:\/\/esreviral.com\/index.php?rest_route=\/wp\/v2\/posts\/30529\/revisions"}],"wp:featuredmedia":[{"embeddable":true,"href":"https:\/\/esreviral.com\/index.php?rest_route=\/wp\/v2\/media\/30531"}],"wp:attachment":[{"href":"https:\/\/esreviral.com\/index.php?rest_route=%2Fwp%2Fv2%2Fmedia&parent=30529"}],"wp:term":[{"taxonomy":"category","embeddable":true,"href":"https:\/\/esreviral.com\/index.php?rest_route=%2Fwp%2Fv2%2Fcategories&post=30529"},{"taxonomy":"post_tag","embeddable":true,"href":"https:\/\/esreviral.com\/index.php?rest_route=%2Fwp%2Fv2%2Ftags&post=30529"}],"curies":[{"name":"wp","href":"https:\/\/api.w.org\/{rel}","templated":true}]}}