{"id":30458,"date":"2023-01-31T07:20:07","date_gmt":"2023-01-31T12:20:07","guid":{"rendered":"https:\/\/esreviral.com\/?p=30458"},"modified":"2023-01-31T07:20:08","modified_gmt":"2023-01-31T12:20:08","slug":"aumentan-a-95-los-fallecidos-por-el-atentado-contra-una-mezquita-en-pakistan","status":"publish","type":"post","link":"https:\/\/esreviral.com\/?p=30458","title":{"rendered":"Aumentan a 95 los fallecidos por el atentado contra una mezquita\u00a0en Pakist\u00e1n"},"content":{"rendered":"\n<p>Al menos\u00a0<strong>95 personas murieron\u00a0<\/strong>y m\u00e1s de 200 resultaron heridas<strong>\u00a0<\/strong>en\u00a0un atentado\u00a0en la\u00a0<strong>mezquita<\/strong>\u00a0del cuartel general de la polic\u00eda de Peshawar, en el noroeste de\u00a0<strong>Pakist\u00e1n<\/strong>, donde los socorristas continuaban este martes retirando cuerpos de los escombros.<\/p>\n\n\n\n<p>El ataque ocurri\u00f3 el lunes<strong>&nbsp;durante las oraciones vespertinas&nbsp;<\/strong>en esta ciudad, cerca de zonas fronterizas con Afganist\u00e1n donde ha crecido la militancia islamista.<\/p>\n\n\n\n<p>El ministro jefe de la provincia, Muhammad Azam Khan,<strong>\u00a0confirm\u00f3 que fue un atentado suicida\u00a0<\/strong>y comunic\u00f3 un nuevo balance de 95 muertos y m\u00e1s de 221 heridos.<\/p>\n\n\n\n<p>M\u00e1s del 90% de las v\u00edctimas eran polic\u00edas, seg\u00fan el jefe de la polic\u00eda, Muhammad Ijaz Khan.<\/p>\n\n\n\n<p>\u00abPermanec\u00ed atrapado bajo los escombros con varios cad\u00e1veres encima durante siete horas. Hab\u00eda perdido la esperanza de sobrevivir\u00bb, cont\u00f3 a AFP el polic\u00eda Wajahat Ali, de 23 a\u00f1os, en el hospital local.<\/p>\n\n\n\n<p>Muhammad Asim Khan, portavoz del hospital Lady Reading, en Peshawar, dijo a la AFP que por la noche llegaron m\u00e1s cuerpos de v\u00edctimas.<\/p>\n\n\n\n<p>\u00abEsta ma\u00f1ana (martes)&nbsp;vamos a retirar&nbsp;<strong>la \u00faltima parte del techo colapsado<\/strong>&nbsp;para poder recuperar m\u00e1s cuerpos, pero no esperamos encontrar sobrevivientes\u00bb, declar\u00f3 a la AFP Bilal Ahmad Faizi, portavoz de la organizaci\u00f3n de rescate 1122.<\/p>\n\n\n\n<p>Al menos 20 de los polic\u00edas muertos fueron sepultados tras una ceremonia de oraci\u00f3n, con sus ata\u00fades colocados en fila y cubiertos con la bandera paquistan\u00ed.<\/p>\n\n\n\n<p>Shahid Ali, un polic\u00eda sobreviviente del atentado, dijo que la explosi\u00f3n ocurri\u00f3\u00a0<strong>segundos despu\u00e9s<\/strong>\u00a0de que el im\u00e1n comenzara las oraciones.<\/p>\n\n\n\n<figure class=\"wp-block-image size-full\"><img fetchpriority=\"high\" decoding=\"async\" width=\"720\" height=\"480\" src=\"https:\/\/esreviral.com\/wp-content\/uploads\/2023\/01\/AnyConv.com__szKOaPIbW_720x0__1.webp\" alt=\"\" class=\"wp-image-30460\" srcset=\"https:\/\/esreviral.com\/wp-content\/uploads\/2023\/01\/AnyConv.com__szKOaPIbW_720x0__1.webp 720w, https:\/\/esreviral.com\/wp-content\/uploads\/2023\/01\/AnyConv.com__szKOaPIbW_720x0__1-300x200.webp 300w\" sizes=\"(max-width: 720px) 100vw, 720px\" \/><\/figure>\n\n\n\n<p>\u00abVi una humareda negra subir al cielo. Sal\u00ed corriendo para salvarme\u00bb, relat\u00f3. \u00abTodav\u00eda escucho en mi cabeza los gritos de la gente. Gritaban pidiendo ayuda\u00bb.<\/p>\n\n\n\n<p>\u00abLos terroristas quieren crear el temor atacando a quienes cumplen el deber de defender a Pakist\u00e1n\u00bb, declar\u00f3 en un comunicado el primer ministro Shehbaz Sharif.<\/p>\n\n\n\n<p><strong><mark style=\"background-color:rgba(0, 0, 0, 0)\" class=\"has-inline-color has-vivid-red-color\">Nadie se adjudic\u00f3 el ataque<\/mark><\/strong><\/p>\n\n\n\n<p>Ning\u00fan grupo ha reivindicado el ataque, que se da en medio de&nbsp;<strong>un deterioro de la seguridad en el pa\u00eds.<\/strong><\/p>\n\n\n\n<p>Pakist\u00e1n enfrenta en los \u00faltimos meses un deterioro de la situaci\u00f3n de seguridad, en particular desde que\u00a0los talibanes recuperaron el poder\u00a0en Afganist\u00e1n en agosto de 2021.<\/p>\n\n\n\n<p>Tras varios a\u00f1os de una calma relativa, volvieron a producirse atentados de<strong>&nbsp;la rama pakistan\u00ed de los talibanes,&nbsp;<\/strong>Tehreek-e-Taliban Pakistan (TTP), del EI-K y de grupos separatistas baluch\u00edes.<\/p>\n\n\n\n<p>El cuartel policial de Peshawar es&nbsp;<strong>uno de los sitios m\u00e1s resguardados de la ciudad<\/strong>, con oficinas de inteligencia y antiterrorismo en sus instalaciones.<\/p>\n\n\n\n<p>Varias provincias del pa\u00eds aumentaron el nivel de alerta tras la explosi\u00f3n, con el refuerzo de los puestos de control y el env\u00edo de fuerzas adicionales de seguridad.<\/p>\n\n\n\n<p>En Islamabad, la capital,<strong>&nbsp;se instalaron francotiradores en los edificios y entradas a la ciudad.<\/strong><\/p>\n\n\n\n<p>El atentado ocurri\u00f3 el d\u00eda en que el presidente de Emiratos \u00c1rabes Unidos, Mohamed bin Zayed Al Nahyan, ten\u00eda previsto visitar Islamabad, pero<strong>&nbsp;el viaje fue cancelado<\/strong>&nbsp;a \u00faltima hora por el mal tiempo.<\/p>\n\n\n\n<p>Pakist\u00e1n tambi\u00e9n se prepara para recibir el martes una delegaci\u00f3n del Fondo Monetario Internacional (FMI) para negociar un crucial pr\u00e9stamo para evitar caer en impago de su deuda.<\/p>\n\n\n\n<p>El secretario general de la ONU, Antonio Guterres, conden\u00f3 el lunes el atentado y\u00a0<strong>lo calific\u00f3 de \u00abrepugnante\u00bb<\/strong>, mientras que el secretario de Estado estadounidense, Antony Blinken, envi\u00f3 sus condolencias por el \u00abhorroroso ataque\u00bb.<\/p>\n\n\n\n<p><strong><em><mark style=\"background-color:rgba(0, 0, 0, 0)\" class=\"has-inline-color has-vivid-red-color\">Lea Tambi\u00e9n: <\/mark><\/em><\/strong><\/p>\n\n\n\n<p class=\"has-text-align-right\"><strong><em>Clarin.-<\/em><\/strong><\/p>\n","protected":false},"excerpt":{"rendered":"<p>M\u00e1s del 90% de las v\u00edctimas eran polic\u00edas. El templo se encuentra en una zona fronteriza con Afganist\u00e1n.<\/p>\n","protected":false},"author":3,"featured_media":30459,"comment_status":"open","ping_status":"closed","sticky":false,"template":"","format":"standard","meta":{"jnews-multi-image_gallery":[],"jnews_single_post":{"subtitle":"","format":"standard","video":"","gallery":"","source_name":"","source_url":"","via_name":"","via_url":"","override_template":"0","override":[{"template":"4","single_blog_custom":"","parallax":"1","fullscreen":"1","layout":"right-sidebar","sidebar":"default-sidebar","second_sidebar":"default-sidebar","sticky_sidebar":"1","share_position":"top","share_float_style":"share-monocrhome","show_share_counter":"1","show_view_counter":"1","show_featured":"1","show_post_meta":"1","show_post_author":"1","show_post_author_image":"1","show_post_date":"1","post_date_format":"default","post_date_format_custom":"Y\/m\/d","show_post_category":"1","show_post_reading_time":"1","post_reading_time_wpm":"300","show_zoom_button":"1","zoom_button_out_step":"2","zoom_button_in_step":"3","show_post_tag":"1","show_prev_next_post":"1","show_popup_post":"1","number_popup_post":"1","show_author_box":"1","show_post_related":"1","show_inline_post_related":"0"}],"override_image_size":"0","image_override":[{"single_post_thumbnail_size":"crop-500","single_post_gallery_size":"crop-500"}],"trending_post":"0","trending_post_position":"meta","trending_post_label":"Trending","sponsored_post":"0","sponsored_post_label":"Sponsored by","sponsored_post_name":"","sponsored_post_url":"","sponsored_post_logo_enable":"0","sponsored_post_logo":"","sponsored_post_desc":"","disable_ad":"0"},"jnews_primary_category":{"id":"","hide":""},"jnews_social_meta":{"fb_title":"","fb_description":"","fb_image":"","twitter_title":"","twitter_description":"","twitter_image":""},"jnews_review":[],"enable_review":"0","type":"percentage","name":"","summary":"","brand":"","sku":"","good":[{"good_text":""}],"bad":[{"bad_text":""}],"score_override":"","override_value":"","rating":[{"rating_text":"","rating_number":"10"}],"price":[{"shop":"","price":"","link":"","icon":""}],"jnews_override_counter":{"override_view_counter":"0","view_counter_number":"0","override_share_counter":"0","share_counter_number":"0","override_like_counter":"0","like_counter_number":"0","override_dislike_counter":"0","dislike_counter_number":"0"},"jnews_post_split":{"enable_post_split":"0","post_split":[{"template":"1","tag":"h2","numbering":"asc","mode":"normal","first":"0","enable_toc":"0","toc_type":"normal"}]},"footnotes":""},"categories":[88,64],"tags":[3283,6761,6760,45,6719,6762,2845],"class_list":["post-30458","post","type-post","status-publish","format-standard","has-post-thumbnail","hentry","category-internacionales","category-sucesos","tag-atentado","tag-islam","tag-mezquita-en-pakistan","tag-noticias","tag-pakistan","tag-taliban","tag-terrorismo"],"amp_enabled":true,"_links":{"self":[{"href":"https:\/\/esreviral.com\/index.php?rest_route=\/wp\/v2\/posts\/30458"}],"collection":[{"href":"https:\/\/esreviral.com\/index.php?rest_route=\/wp\/v2\/posts"}],"about":[{"href":"https:\/\/esreviral.com\/index.php?rest_route=\/wp\/v2\/types\/post"}],"author":[{"embeddable":true,"href":"https:\/\/esreviral.com\/index.php?rest_route=\/wp\/v2\/users\/3"}],"replies":[{"embeddable":true,"href":"https:\/\/esreviral.com\/index.php?rest_route=%2Fwp%2Fv2%2Fcomments&post=30458"}],"version-history":[{"count":0,"href":"https:\/\/esreviral.com\/index.php?rest_route=\/wp\/v2\/posts\/30458\/revisions"}],"wp:featuredmedia":[{"embeddable":true,"href":"https:\/\/esreviral.com\/index.php?rest_route=\/wp\/v2\/media\/30459"}],"wp:attachment":[{"href":"https:\/\/esreviral.com\/index.php?rest_route=%2Fwp%2Fv2%2Fmedia&parent=30458"}],"wp:term":[{"taxonomy":"category","embeddable":true,"href":"https:\/\/esreviral.com\/index.php?rest_route=%2Fwp%2Fv2%2Fcategories&post=30458"},{"taxonomy":"post_tag","embeddable":true,"href":"https:\/\/esreviral.com\/index.php?rest_route=%2Fwp%2Fv2%2Ftags&post=30458"}],"curies":[{"name":"wp","href":"https:\/\/api.w.org\/{rel}","templated":true}]}}