{"id":3044,"date":"2020-12-30T20:26:19","date_gmt":"2020-12-30T20:26:19","guid":{"rendered":"http:\/\/esreviral.com\/?p=3044"},"modified":"2020-12-30T20:26:19","modified_gmt":"2020-12-30T20:26:19","slug":"covid-19-fernandez-kicillof-y-larreta-evaluaron-con-preocupacion-el-aumento-de-casos","status":"publish","type":"post","link":"https:\/\/esreviral.com\/?p=3044","title":{"rendered":"Covid-19: Fern\u00e1ndez, Kicillof y Larreta evaluaron con \u201cpreocupaci\u00f3n\u201d el aumento de casos"},"content":{"rendered":"\n<p>El presidente Alberto Fern\u00e1ndez se reuni\u00f3 esta tarde con el gobernador de la provincia de Buenos Aires, Axel Kicillof y el jefe de Gobierno porte\u00f1o, Horacio Rodr\u00edguez Larreta, para evaluar la situaci\u00f3n sanitaria como consecuencia del Covid-19.<\/p>\n\n\n\n<p><br>En el encuentro, que se llev\u00f3 a cabo en la Residencia Presidencial de Olivos, Fern\u00e1ndez, Kicillof y Rodr\u00edguez Larreta evaluaron con \u201cpreocupaci\u00f3n\u201d el aumento de casos que se vienen produciendo en los \u00faltimos d\u00edas y coincidieron en un llamado a la poblaci\u00f3n para que \u201cextremen los cuidados\u201d y apelando a la \u201cresponsabilidad de todos y todas\u201d, a\u00fan m\u00e1s en la celebraci\u00f3n del A\u00f1o Nuevo.<\/p>\n\n\n\n<p><br>Durante la reuni\u00f3n acordaron adem\u00e1s en mantener desde la semana pr\u00f3xima reuniones peri\u00f3dicas para ir evaluando la situaci\u00f3n sanitaria y los partes diarios de casos producto del Covid-19.<\/p>\n\n\n\n<p class=\"has-text-align-right\"><strong><em>Prensa Casa Rosada.-<\/em><\/strong><\/p>\n","protected":false},"excerpt":{"rendered":"<p>El presidente Alberto Fern\u00e1ndez se reuni\u00f3 esta tarde con el gobernador de la provincia de Buenos Aires, Axel Kicillof y el jefe de Gobierno porte\u00f1o, Horacio Rodr\u00edguez Larreta, para evaluar la situaci\u00f3n sanitaria como consecuencia del Covid-19. En el encuentro, que se llev\u00f3 a cabo en la Residencia Presidencial de Olivos, Fern\u00e1ndez, Kicillof y Rodr\u00edguez [&hellip;]<\/p>\n","protected":false},"author":2,"featured_media":3045,"comment_status":"open","ping_status":"open","sticky":false,"template":"","format":"standard","meta":{"jnews-multi-image_gallery":[],"jnews_single_post":[],"jnews_primary_category":[],"jnews_social_meta":[],"jnews_review":[],"enable_review":"","type":"","name":"","summary":"","brand":"","sku":"","good":[],"bad":[],"score_override":"","override_value":"","rating":[],"price":[],"jnews_override_counter":[],"jnews_post_split":[],"footnotes":""},"categories":[76],"tags":[44,77,188],"class_list":["post-3044","post","type-post","status-publish","format-standard","has-post-thumbnail","hentry","category-coronavirus","tag-argentina","tag-coronavirus","tag-covid-19"],"amp_enabled":true,"_links":{"self":[{"href":"https:\/\/esreviral.com\/index.php?rest_route=\/wp\/v2\/posts\/3044"}],"collection":[{"href":"https:\/\/esreviral.com\/index.php?rest_route=\/wp\/v2\/posts"}],"about":[{"href":"https:\/\/esreviral.com\/index.php?rest_route=\/wp\/v2\/types\/post"}],"author":[{"embeddable":true,"href":"https:\/\/esreviral.com\/index.php?rest_route=\/wp\/v2\/users\/2"}],"replies":[{"embeddable":true,"href":"https:\/\/esreviral.com\/index.php?rest_route=%2Fwp%2Fv2%2Fcomments&post=3044"}],"version-history":[{"count":0,"href":"https:\/\/esreviral.com\/index.php?rest_route=\/wp\/v2\/posts\/3044\/revisions"}],"wp:featuredmedia":[{"embeddable":true,"href":"https:\/\/esreviral.com\/index.php?rest_route=\/"}],"wp:attachment":[{"href":"https:\/\/esreviral.com\/index.php?rest_route=%2Fwp%2Fv2%2Fmedia&parent=3044"}],"wp:term":[{"taxonomy":"category","embeddable":true,"href":"https:\/\/esreviral.com\/index.php?rest_route=%2Fwp%2Fv2%2Fcategories&post=3044"},{"taxonomy":"post_tag","embeddable":true,"href":"https:\/\/esreviral.com\/index.php?rest_route=%2Fwp%2Fv2%2Ftags&post=3044"}],"curies":[{"name":"wp","href":"https:\/\/api.w.org\/{rel}","templated":true}]}}