{"id":30383,"date":"2023-01-30T08:08:23","date_gmt":"2023-01-30T13:08:23","guid":{"rendered":"https:\/\/esreviral.com\/?p=30383"},"modified":"2023-01-30T08:08:24","modified_gmt":"2023-01-30T13:08:24","slug":"entre-2003-y-2022-cerraron-284-emisoras-de-radio-en-venezuela","status":"publish","type":"post","link":"https:\/\/esreviral.com\/?p=30383","title":{"rendered":"Entre 2003 y 2022 cerraron 284 emisoras de radio en Venezuela"},"content":{"rendered":"\n<p>Al menos 284 emisoras de radio han sido cerradas en Venezuela entre 2003 y 2022, lo que equivale a 71% del total de medios de comunicaci\u00f3n clausurados en ese periodo. As\u00ed lo dio a conocer un reciente\u00a0informe\u00a0presentado por la organizaci\u00f3n Espacio P\u00fablico.<\/p>\n\n\n\n<p>El documento revel\u00f3 que solo en 2022 el Estado venezolano orden\u00f3 el cierre de al menos 80 emisoras en todo el pa\u00eds, por lo que es\u00a0el a\u00f1o con m\u00e1s clausuras\u00a0de estaciones de radio en las \u00faltimas dos d\u00e9cadas.<\/p>\n\n\n\n<p>La organizaci\u00f3n se\u00f1al\u00f3 que estos cierres fueron ejecutados por la Comisi\u00f3n Nacional de Telecomunicaci\u00f3n (Conatel), que actu\u00f3, en ocasiones, en compa\u00f1\u00eda de cuerpos de seguridad del Estado.<\/p>\n\n\n\n<p>Indic\u00f3 que, en la mayor\u00eda de los casos, los funcionarios alegaron que las estaciones radiales estaban operando de forma clandestina, al no tener su estatus legal apegado a la ley.<\/p>\n\n\n\n<p>\u00abEn la mayor\u00eda de los casos, los funcionarios alegaron que las estaciones radiales estaban operando de forma clandestina, al no tener su estatus legal apegado a la ley\u00bb, agreg\u00f3 el documento.<\/p>\n\n\n\n<p>La mayor\u00eda de los cierres se han dado por motivos pol\u00edticos, de acuerdo con los testimonios documentados por Espacio P\u00fablico.<\/p>\n\n\n\n<p>El 29 de abril del pasado a\u00f1o, la emisora \u00c9xitos 90.5 FM de Gu\u00e1rico qued\u00f3 fuera del aire luego de que un grupo de funcionarios de Conatel y la Guardia Nacional Bolivariana (GNB) apagara y confiscara sus equipos.<\/p>\n\n\n\n<p>\u201cNo es comercial, ni es empresarial, ni tiene que ver con la Ley de Telecomunicaciones, porque si hubiese sido as\u00ed, estuviesen cerradas otras emisoras del pa\u00eds\u201d, se\u00f1al\u00f3 Leonardo Gonz\u00e1lez, director de la emisora.<\/p>\n\n\n\n<p>El 6 de septiembre se orden\u00f3 el cierre de nueve emisoras en las ciudades de Maracaibo y San Francisco, en el estado Zulia. Una fuente an\u00f3nima asegur\u00f3 que un representante de Conatel lleg\u00f3 a las estaciones y les indic\u00f3 que el cierre era una orden del ministro, sin ofrecer mayores detalles.<\/p>\n\n\n\n<p>En el estado T\u00e1chira, seis emisoras de Rubio cerraron por \u00f3rdenes de Conatel el 13 de septiembre. Posteriormente, el 3 de octubre, cesaron sus trasmisiones otras tres estaciones.<\/p>\n\n\n\n<p>Frank Qui\u00f1ones, periodista, productor y locutor de una de las emisoras afectadas en Rubio, dijo a Espacio P\u00fablico que el 13 de septiembre las seis emisoras recibieron llamadas de Conatel, desde Caracas, y recibieron amenazas de confiscaci\u00f3n de equipos si no los apagaban inmediatamente.<\/p>\n\n\n\n<p class=\"has-text-align-right\"><strong><em>ElNacional.-<\/em><\/strong><\/p>\n","protected":false},"excerpt":{"rendered":"<p>La mayor\u00eda de los cierres de las estaciones se han dado por motivos pol\u00edticos, de acuerdo con los testimonios documentados por Espacio P\u00fablico<\/p>\n","protected":false},"author":3,"featured_media":30384,"comment_status":"open","ping_status":"closed","sticky":false,"template":"","format":"standard","meta":{"jnews-multi-image_gallery":[],"jnews_single_post":{"subtitle":"","format":"standard","video":"","gallery":"","source_name":"","source_url":"","via_name":"","via_url":"","override_template":"0","override":[{"template":"4","single_blog_custom":"","parallax":"1","fullscreen":"1","layout":"right-sidebar","sidebar":"default-sidebar","second_sidebar":"default-sidebar","sticky_sidebar":"1","share_position":"top","share_float_style":"share-monocrhome","show_share_counter":"1","show_view_counter":"1","show_featured":"1","show_post_meta":"1","show_post_author":"1","show_post_author_image":"1","show_post_date":"1","post_date_format":"default","post_date_format_custom":"Y\/m\/d","show_post_category":"1","show_post_reading_time":"1","post_reading_time_wpm":"300","show_zoom_button":"1","zoom_button_out_step":"2","zoom_button_in_step":"3","show_post_tag":"1","show_prev_next_post":"1","show_popup_post":"1","number_popup_post":"1","show_author_box":"1","show_post_related":"1","show_inline_post_related":"0"}],"override_image_size":"0","image_override":[{"single_post_thumbnail_size":"crop-500","single_post_gallery_size":"crop-500"}],"trending_post":"0","trending_post_position":"meta","trending_post_label":"Trending","sponsored_post":"0","sponsored_post_label":"Sponsored by","sponsored_post_name":"","sponsored_post_url":"","sponsored_post_logo_enable":"0","sponsored_post_logo":"","sponsored_post_desc":"","disable_ad":"0"},"jnews_primary_category":{"id":"","hide":""},"jnews_social_meta":{"fb_title":"","fb_description":"","fb_image":"","twitter_title":"","twitter_description":"","twitter_image":""},"jnews_review":[],"enable_review":"0","type":"percentage","name":"","summary":"","brand":"","sku":"","good":[{"good_text":""}],"bad":[{"bad_text":""}],"score_override":"","override_value":"","rating":[{"rating_text":"","rating_number":"10"}],"price":[{"shop":"","price":"","link":"","icon":""}],"jnews_override_counter":{"override_view_counter":"0","view_counter_number":"0","override_share_counter":"0","share_counter_number":"0","override_like_counter":"0","like_counter_number":"0","override_dislike_counter":"0","dislike_counter_number":"0"},"jnews_post_split":{"enable_post_split":"0","post_split":[{"template":"1","tag":"h2","numbering":"asc","mode":"normal","first":"0","enable_toc":"0","toc_type":"normal"}]},"footnotes":""},"categories":[66],"tags":[6738,5087,5088,3085,2315,3641,45,6737,56],"class_list":["post-30383","post","type-post","status-publish","format-standard","has-post-thumbnail","hentry","category-venezuela","tag-comision-nacional-de-telecomunicacion","tag-conatel","tag-emisoras-de-radio","tag-espacio-publico","tag-libertad-de-expresion","tag-libertad-de-prensa","tag-noticias","tag-radio-en-venezuela","tag-venezuela"],"amp_enabled":true,"_links":{"self":[{"href":"https:\/\/esreviral.com\/index.php?rest_route=\/wp\/v2\/posts\/30383"}],"collection":[{"href":"https:\/\/esreviral.com\/index.php?rest_route=\/wp\/v2\/posts"}],"about":[{"href":"https:\/\/esreviral.com\/index.php?rest_route=\/wp\/v2\/types\/post"}],"author":[{"embeddable":true,"href":"https:\/\/esreviral.com\/index.php?rest_route=\/wp\/v2\/users\/3"}],"replies":[{"embeddable":true,"href":"https:\/\/esreviral.com\/index.php?rest_route=%2Fwp%2Fv2%2Fcomments&post=30383"}],"version-history":[{"count":0,"href":"https:\/\/esreviral.com\/index.php?rest_route=\/wp\/v2\/posts\/30383\/revisions"}],"wp:featuredmedia":[{"embeddable":true,"href":"https:\/\/esreviral.com\/index.php?rest_route=\/wp\/v2\/media\/30384"}],"wp:attachment":[{"href":"https:\/\/esreviral.com\/index.php?rest_route=%2Fwp%2Fv2%2Fmedia&parent=30383"}],"wp:term":[{"taxonomy":"category","embeddable":true,"href":"https:\/\/esreviral.com\/index.php?rest_route=%2Fwp%2Fv2%2Fcategories&post=30383"},{"taxonomy":"post_tag","embeddable":true,"href":"https:\/\/esreviral.com\/index.php?rest_route=%2Fwp%2Fv2%2Ftags&post=30383"}],"curies":[{"name":"wp","href":"https:\/\/api.w.org\/{rel}","templated":true}]}}