{"id":30361,"date":"2023-01-30T06:38:26","date_gmt":"2023-01-30T11:38:26","guid":{"rendered":"https:\/\/esreviral.com\/?p=30361"},"modified":"2023-01-30T06:38:27","modified_gmt":"2023-01-30T11:38:27","slug":"horror-en-pakistan-un-atentado-suicida-en-una-mezquita-dejo-27-muertos-y-140-heridos","status":"publish","type":"post","link":"https:\/\/esreviral.com\/?p=30361","title":{"rendered":"Horror en Pakist\u00e1n: un atentado suicida en una mezquita dej\u00f3 27 muertos y 140 heridos"},"content":{"rendered":"\n<p>Un ataque suicida contra una mezquita&nbsp;dej\u00f3 este lunes&nbsp;<strong>al menos 27 muertos<\/strong>, entre ellos varios polic\u00edas, y 140 heridos en la ciudad de Peshawar, en el noroeste de Pakist\u00e1n, un suceso que llev\u00f3 a las autoridades a declararse \u00aben estado de guerra\u00bb contra el terrorismo.<\/p>\n\n\n\n<p>\u00abLas muertes aumentaron a 27, y hay m\u00e1s de 140 heridos\u00bb, dijo a los medios de comunicaci\u00f3n un oficial de Polic\u00eda de la ciudad, Muhammad Ijaz Khan, a la entrada de la mezquita atacada, que se encuentra ubicada dentro del cuartel general de la polic\u00eda de la ciudad.<\/p>\n\n\n\n<p><strong>El agresor se inmol\u00f3 cuando unos 200 fieles rezaban<\/strong>\u00a0dentro o se dirig\u00edan a la mezquita para orar. El complejo policial se encuentra en una zona de alta seguridad en la ciudad, al igual que varios edificios del gobierno, y no estaba claro c\u00f3mo hab\u00eda conseguido el atacante adentrarse tanto en el recinto.<\/p>\n\n\n\n<figure class=\"wp-block-image size-full\"><img fetchpriority=\"high\" decoding=\"async\" width=\"720\" height=\"479\" src=\"https:\/\/esreviral.com\/wp-content\/uploads\/2023\/01\/AnyConv.com__AnyConv.com__pFFZBZARK_720x0__1png.webp\" alt=\"\" class=\"wp-image-30364\" srcset=\"https:\/\/esreviral.com\/wp-content\/uploads\/2023\/01\/AnyConv.com__AnyConv.com__pFFZBZARK_720x0__1png.webp 720w, https:\/\/esreviral.com\/wp-content\/uploads\/2023\/01\/AnyConv.com__AnyConv.com__pFFZBZARK_720x0__1png-300x200.webp 300w\" sizes=\"(max-width: 720px) 100vw, 720px\" \/><\/figure>\n\n\n\n<p>La explosi\u00f3n derrumb\u00f3 el tejado del edificio, que&nbsp;<strong>hiri\u00f3 a muchas personas<\/strong>, indic\u00f3 Zafar Khan, agente de la polic\u00eda local.<\/p>\n\n\n\n<p>Un sobreviviente, el agente de polic\u00eda Meena Gul, de 38 a\u00f1os, dijo que estaba dentro de la mezquita cuando estall\u00f3 la bomba, y que no sab\u00eda c\u00f3mo hab\u00eda salido ileso. Tras la detonaci\u00f3n oy\u00f3 gritos y llantos, dijo.<\/p>\n\n\n\n<p>Los rescatistas trataban de retirar los escombros y llegar hasta las personas que segu\u00edan atrapadas, seg\u00fan la polic\u00eda. Muchos de los heridos estaban en estado cr\u00edtico en un hospital cercano y se tem\u00eda que la cifra de muertos subiera.<\/p>\n\n\n\n<figure class=\"wp-block-image size-full\"><img decoding=\"async\" width=\"720\" height=\"480\" src=\"https:\/\/esreviral.com\/wp-content\/uploads\/2023\/01\/AnyConv.com__68KS0PRra_720x0__1.webp\" alt=\"\" class=\"wp-image-30363\" srcset=\"https:\/\/esreviral.com\/wp-content\/uploads\/2023\/01\/AnyConv.com__68KS0PRra_720x0__1.webp 720w, https:\/\/esreviral.com\/wp-content\/uploads\/2023\/01\/AnyConv.com__68KS0PRra_720x0__1-300x200.webp 300w\" sizes=\"(max-width: 720px) 100vw, 720px\" \/><\/figure>\n\n\n\n<p><em>Noticia en desarollo<\/em>.-<\/p>\n\n\n\n<p class=\"has-text-align-right\"><strong><em>Clarin.-<\/em><\/strong><\/p>\n","protected":false},"excerpt":{"rendered":"<p>Ocurri\u00f3 en la ciudad de Peshawar, en el noroeste del pa\u00eds. Las autoridades se declararon \u00aben estado de guerra\u00bb contra el terrorismo.<\/p>\n","protected":false},"author":3,"featured_media":30362,"comment_status":"open","ping_status":"closed","sticky":false,"template":"","format":"standard","meta":{"jnews-multi-image_gallery":[],"jnews_single_post":{"subtitle":"","format":"standard","video":"","gallery":"","source_name":"","source_url":"","via_name":"","via_url":"","override_template":"0","override":[{"template":"4","single_blog_custom":"","parallax":"1","fullscreen":"1","layout":"right-sidebar","sidebar":"default-sidebar","second_sidebar":"default-sidebar","sticky_sidebar":"1","share_position":"top","share_float_style":"share-monocrhome","show_share_counter":"1","show_view_counter":"1","show_featured":"1","show_post_meta":"1","show_post_author":"1","show_post_author_image":"1","show_post_date":"1","post_date_format":"default","post_date_format_custom":"Y\/m\/d","show_post_category":"1","show_post_reading_time":"1","post_reading_time_wpm":"300","show_zoom_button":"1","zoom_button_out_step":"2","zoom_button_in_step":"3","show_post_tag":"1","show_prev_next_post":"1","show_popup_post":"1","number_popup_post":"1","show_author_box":"1","show_post_related":"1","show_inline_post_related":"0"}],"override_image_size":"0","image_override":[{"single_post_thumbnail_size":"crop-500","single_post_gallery_size":"crop-500"}],"trending_post":"0","trending_post_position":"meta","trending_post_label":"Trending","sponsored_post":"0","sponsored_post_label":"Sponsored by","sponsored_post_name":"","sponsored_post_url":"","sponsored_post_logo_enable":"0","sponsored_post_logo":"","sponsored_post_desc":"","disable_ad":"0"},"jnews_primary_category":{"id":"","hide":""},"jnews_social_meta":{"fb_title":"","fb_description":"","fb_image":"","twitter_title":"","twitter_description":"","twitter_image":""},"jnews_review":[],"enable_review":"0","type":"percentage","name":"","summary":"","brand":"","sku":"","good":[{"good_text":""}],"bad":[{"bad_text":""}],"score_override":"","override_value":"","rating":[{"rating_text":"","rating_number":"10"}],"price":[{"shop":"","price":"","link":"","icon":""}],"jnews_override_counter":{"override_view_counter":"0","view_counter_number":"0","override_share_counter":"0","share_counter_number":"0","override_like_counter":"0","like_counter_number":"0","override_dislike_counter":"0","dislike_counter_number":"0"},"jnews_post_split":{"enable_post_split":"0","post_split":[{"template":"1","tag":"h2","numbering":"asc","mode":"normal","first":"0","enable_toc":"0","toc_type":"normal"}]},"footnotes":""},"categories":[88,64],"tags":[6722,6720,3048,6721,2913,45,6719],"class_list":["post-30361","post","type-post","status-publish","format-standard","has-post-thumbnail","hentry","category-internacionales","category-sucesos","tag-ataque-suicida","tag-atentado-suicida","tag-heridos","tag-mezquita","tag-muertos","tag-noticias","tag-pakistan"],"amp_enabled":true,"_links":{"self":[{"href":"https:\/\/esreviral.com\/index.php?rest_route=\/wp\/v2\/posts\/30361"}],"collection":[{"href":"https:\/\/esreviral.com\/index.php?rest_route=\/wp\/v2\/posts"}],"about":[{"href":"https:\/\/esreviral.com\/index.php?rest_route=\/wp\/v2\/types\/post"}],"author":[{"embeddable":true,"href":"https:\/\/esreviral.com\/index.php?rest_route=\/wp\/v2\/users\/3"}],"replies":[{"embeddable":true,"href":"https:\/\/esreviral.com\/index.php?rest_route=%2Fwp%2Fv2%2Fcomments&post=30361"}],"version-history":[{"count":0,"href":"https:\/\/esreviral.com\/index.php?rest_route=\/wp\/v2\/posts\/30361\/revisions"}],"wp:featuredmedia":[{"embeddable":true,"href":"https:\/\/esreviral.com\/index.php?rest_route=\/wp\/v2\/media\/30362"}],"wp:attachment":[{"href":"https:\/\/esreviral.com\/index.php?rest_route=%2Fwp%2Fv2%2Fmedia&parent=30361"}],"wp:term":[{"taxonomy":"category","embeddable":true,"href":"https:\/\/esreviral.com\/index.php?rest_route=%2Fwp%2Fv2%2Fcategories&post=30361"},{"taxonomy":"post_tag","embeddable":true,"href":"https:\/\/esreviral.com\/index.php?rest_route=%2Fwp%2Fv2%2Ftags&post=30361"}],"curies":[{"name":"wp","href":"https:\/\/api.w.org\/{rel}","templated":true}]}}