{"id":30306,"date":"2023-01-27T06:58:36","date_gmt":"2023-01-27T11:58:36","guid":{"rendered":"https:\/\/esreviral.com\/?p=30306"},"modified":"2023-01-27T06:59:28","modified_gmt":"2023-01-27T11:59:28","slug":"shakira-tendra-su-propia-exposicion-interactiva-en-el-museo-de-los-grammy","status":"publish","type":"post","link":"https:\/\/esreviral.com\/?p=30306","title":{"rendered":"Shakira tendr\u00e1 su propia exposici\u00f3n interactiva en el Museo de los Grammy"},"content":{"rendered":"\n<p>El Museo de los Grammy, ubicado en Los \u00c1ngeles, inaugurar\u00e1 el 4 de marzo una muestra interactiva sobre la trayectoria musical de Shakira en la que se incluir\u00e1n objetos de su archivo personal, tres pel\u00edculas y un espacio inmersivo inspirado en su gira \u00abEl Dorado\u00bb.<\/p>\n\n\n\n<p>\u00abEs un honor exponer el recorrido de mi carrera en el Museo de los Grammy. (\u2026) Estas piezas son testimonio de tantos momentos imborrables que aprecio y estoy muy contenta de poder revivirlos\u00bb, afirm\u00f3 la artista colombiana en un\u00a0comunicado\u00a0de prensa emitido este jueves por la Academia de la Grabaci\u00f3n de Estados Unidos.<\/p>\n\n\n\n<p>La instituci\u00f3n, organizadora de los prestigiosos premios Grammy, concret\u00f3 que la exposici\u00f3n \u00abShakira: The Grammy Museum Experience\u00bb tiene como objetivo explorar el legado de la cantautora desde sus or\u00edgenes como amante del rock latino hasta erigirse en una superestrella en otros g\u00e9neros como la bachata y el reguet\u00f3n.<\/p>\n\n\n\n<p>\u00abShakira ha descubierto la manera de seguir evolucionando como artista a la vez que su amplio p\u00fablico no deja de crecer\u00bb, asegur\u00f3 el vicepresidente de Asuntos de Curaci\u00f3n del Museo de los Grammy, Jasen Emons, ante el lanzamiento.<\/p>\n\n\n\n<p><strong><mark style=\"background-color:rgba(0, 0, 0, 0)\" class=\"has-inline-color has-vivid-red-color\">40 objetos del archivo personal de Shakira<\/mark><\/strong><\/p>\n\n\n\n<p>La muestra, que se exhibir\u00e1 de forma permanente en una galer\u00eda dedicada a la m\u00fasica latina, presentar\u00e1 40 objetos del archivo personal de Shakira, como los dos trajes que us\u00f3 durante su actuaci\u00f3n en la Super Bowl de 2020 o su guitarra el\u00e9ctrica Gibson Firebird que est\u00e1 cubierta por 70.000 cristales Swarovski negros.<\/p>\n\n\n\n<p>Asimismo, tambi\u00e9n se expondr\u00e1n varios de los cuadernos de composici\u00f3n y tres pel\u00edculas originales grabadas durante los tours que la ganadora de trece Latin Grammy y tres Grammy estadounidenses ha realizado en distintas partes del mundo.<\/p>\n\n\n\n<p>El recorrido ser\u00e1 complementado con la proyecci\u00f3n de algunos de sus conciertos y v\u00eddeos musicales en una experiencia interactiva de inmersi\u00f3n que permitir\u00e1 a los asistentes conocer cu\u00e1les han sido los hitos que han marcado la carrera de la artista.<\/p>\n\n\n\n<p>El anuncio llega tras el exitoso lanzamiento de \u00abSHAKIRA | BZRP Music Sessions #53\u00bb, junto al productor y DJ argentino Bizarrap, que hizo historia convirti\u00e9ndose en la canci\u00f3n latina que m\u00e1s r\u00e1pido consigui\u00f3 alcanzar los 100 millones de reproducciones digitales.<\/p>\n\n\n\n<p>Adem\u00e1s, el video acumul\u00f3 160 millones de visitas en YouTube en la primera semana y, en este corto per\u00edodo, tambi\u00e9n bati\u00f3 el r\u00e9cord de oyentes mensuales de un artista latino en la plataforma Spotify, con 68 millones de escuchas.<\/p>\n\n\n\n<figure class=\"wp-block-embed is-type-rich is-provider-twitter wp-block-embed-twitter\"><div class=\"wp-block-embed__wrapper\">\n<blockquote class=\"twitter-tweet\" data-width=\"500\" data-dnt=\"true\"><p lang=\"es\" dir=\"ltr\">\ud83c\udfe6\ud83c\udfb5\ud83c\udfb8 El <a href=\"https:\/\/twitter.com\/GRAMMYMuseum?ref_src=twsrc%5Etfw\">@GRAMMYMuseum<\/a> anunci\u00f3 la exposici\u00f3n Shakira, Shakira: The GRAMMY Museum Experience, que se inaugurar\u00e1 el s\u00e1bado 4 de marzo. La muestra es parte de la galer\u00eda permanente de m\u00fasica latina del museo. <a href=\"https:\/\/t.co\/FDVTPHm1ER\">pic.twitter.com\/FDVTPHm1ER<\/a><\/p>&mdash; The Latin Recording Academy \/ Latin GRAMMYs (@LatinGRAMMYs) <a href=\"https:\/\/twitter.com\/LatinGRAMMYs\/status\/1618661768666185729?ref_src=twsrc%5Etfw\">January 26, 2023<\/a><\/blockquote><script async src=\"https:\/\/platform.twitter.com\/widgets.js\" charset=\"utf-8\"><\/script>\n<\/div><\/figure>\n\n\n\n<p class=\"has-text-align-right\"><strong><em>ElNacional.-<\/em><\/strong><\/p>\n","protected":false},"excerpt":{"rendered":"<p>La muestra, que se exhibir\u00e1 de forma permanente en una galer\u00eda dedicada a la m\u00fasica latina, presentar\u00e1 40 objetos del archivo personal de la cantante colombiana, como los dos trajes que us\u00f3 durante su actuaci\u00f3n en la Super Bowl de 2020 o su guitarra el\u00e9ctrica Gibson Firebird que est\u00e1 cubierta por 70.000 cristales Swarovski negros<\/p>\n","protected":false},"author":3,"featured_media":30307,"comment_status":"open","ping_status":"closed","sticky":false,"template":"","format":"standard","meta":{"jnews-multi-image_gallery":[],"jnews_single_post":{"subtitle":"","format":"standard","video":"","gallery":"","source_name":"","source_url":"","via_name":"","via_url":"","override_template":"0","override":[{"template":"4","single_blog_custom":"","parallax":"1","fullscreen":"1","layout":"right-sidebar","sidebar":"default-sidebar","second_sidebar":"default-sidebar","sticky_sidebar":"1","share_position":"top","share_float_style":"share-monocrhome","show_share_counter":"1","show_view_counter":"1","show_featured":"1","show_post_meta":"1","show_post_author":"1","show_post_author_image":"1","show_post_date":"1","post_date_format":"default","post_date_format_custom":"Y\/m\/d","show_post_category":"1","show_post_reading_time":"1","post_reading_time_wpm":"300","show_zoom_button":"1","zoom_button_out_step":"2","zoom_button_in_step":"3","show_post_tag":"1","show_prev_next_post":"1","show_popup_post":"1","number_popup_post":"1","show_author_box":"1","show_post_related":"1","show_inline_post_related":"0"}],"override_image_size":"0","image_override":[{"single_post_thumbnail_size":"crop-500","single_post_gallery_size":"crop-500"}],"trending_post":"0","trending_post_position":"meta","trending_post_label":"Trending","sponsored_post":"0","sponsored_post_label":"Sponsored by","sponsored_post_name":"","sponsored_post_url":"","sponsored_post_logo_enable":"0","sponsored_post_logo":"","sponsored_post_desc":"","disable_ad":"0"},"jnews_primary_category":{"id":"","hide":""},"jnews_social_meta":{"fb_title":"","fb_description":"","fb_image":"","twitter_title":"","twitter_description":"","twitter_image":""},"jnews_review":[],"enable_review":"0","type":"percentage","name":"","summary":"","brand":"","sku":"","good":[{"good_text":""}],"bad":[{"bad_text":""}],"score_override":"","override_value":"","rating":[{"rating_text":"","rating_number":"10"}],"price":[{"shop":"","price":"","link":"","icon":""}],"jnews_override_counter":{"override_view_counter":"0","view_counter_number":"0","override_share_counter":"0","share_counter_number":"0","override_like_counter":"0","like_counter_number":"0","override_dislike_counter":"0","dislike_counter_number":"0"},"jnews_post_split":{"enable_post_split":"0","post_split":[{"template":"1","tag":"h2","numbering":"asc","mode":"normal","first":"0","enable_toc":"0","toc_type":"normal"}]},"footnotes":""},"categories":[50],"tags":[1720,6684,5537,45,6685,537],"class_list":["post-30306","post","type-post","status-publish","format-standard","has-post-thumbnail","hentry","category-entretenimiento","tag-grammy","tag-museo-de-los-grammy","tag-musica-latina","tag-noticias","tag-objetos-del-archivo-personal-de-shakira","tag-shakira"],"amp_enabled":true,"_links":{"self":[{"href":"https:\/\/esreviral.com\/index.php?rest_route=\/wp\/v2\/posts\/30306"}],"collection":[{"href":"https:\/\/esreviral.com\/index.php?rest_route=\/wp\/v2\/posts"}],"about":[{"href":"https:\/\/esreviral.com\/index.php?rest_route=\/wp\/v2\/types\/post"}],"author":[{"embeddable":true,"href":"https:\/\/esreviral.com\/index.php?rest_route=\/wp\/v2\/users\/3"}],"replies":[{"embeddable":true,"href":"https:\/\/esreviral.com\/index.php?rest_route=%2Fwp%2Fv2%2Fcomments&post=30306"}],"version-history":[{"count":0,"href":"https:\/\/esreviral.com\/index.php?rest_route=\/wp\/v2\/posts\/30306\/revisions"}],"wp:featuredmedia":[{"embeddable":true,"href":"https:\/\/esreviral.com\/index.php?rest_route=\/wp\/v2\/media\/30307"}],"wp:attachment":[{"href":"https:\/\/esreviral.com\/index.php?rest_route=%2Fwp%2Fv2%2Fmedia&parent=30306"}],"wp:term":[{"taxonomy":"category","embeddable":true,"href":"https:\/\/esreviral.com\/index.php?rest_route=%2Fwp%2Fv2%2Fcategories&post=30306"},{"taxonomy":"post_tag","embeddable":true,"href":"https:\/\/esreviral.com\/index.php?rest_route=%2Fwp%2Fv2%2Ftags&post=30306"}],"curies":[{"name":"wp","href":"https:\/\/api.w.org\/{rel}","templated":true}]}}