{"id":30303,"date":"2023-01-27T06:50:26","date_gmt":"2023-01-27T11:50:26","guid":{"rendered":"https:\/\/esreviral.com\/?p=30303"},"modified":"2023-01-27T06:50:50","modified_gmt":"2023-01-27T11:50:50","slug":"construiran-nueve-establecimientos-educativos-en-pilar","status":"publish","type":"post","link":"https:\/\/esreviral.com\/?p=30303","title":{"rendered":"Construir\u00e1n nueve establecimientos educativos\u00a0en Pilar\u00a0"},"content":{"rendered":"\n<p>A los quince establecimientos educativos, entre jardines, primarias y secundarias, que ya abrieron sus puertas en Pilar, se sumar\u00e1n otras nueve en este 2023. <\/p>\n\n\n\n<p>As\u00ed lo anunci\u00f3 el intendente Federico Ach\u00e1val, de cara a los directores de escuelas y comunidad educativa, desde la Escuela 20 de Manzanares, \u00fanica secundaria de la localidad, cuyo edificio hab\u00eda inaugurado en agosto pasado junto al gobernador Kicillof. Adem\u00e1s, otras nueve escuelas de todo el distrito van a ampliarse \u2013incluida la de Manzanares-. <\/p>\n\n\n\n<p>La decisi\u00f3n de los nueve establecimientos escolares responde a un an\u00e1lisis del sistema educativo que contempla la situaci\u00f3n escolar actual, con sus prioridades y dificultades, el crecimiento poblacional en las localidades, el funcionamiento de las escuelas ya inauguradas, y un trabajo conjunto con la comunidad educativa y la Provincia de Buenos Aires. Habr\u00e1 nuevos jardines de infantes, secundarias, una escuela t\u00e9cnica, en los distintos barrios del distrito, y se ampliar\u00e1n otras nueve primaras y secundarias. En total, se sum\u00e1co r\u00e1n 110 nuevas aulas al sistema educativo p\u00fablico de Pilar. <\/p>\n\n\n\n<p>Durante la presentaci\u00f3n del plan, Ach\u00e1val destac\u00f3 que \u201cEsto significa que 7.700 chicos van a poder aprender en escuelas nuevas que los abrazan, donde se construyen los sue\u00f1os de las futuras generaciones. Creemos en los chicos y por eso invertimos en educaci\u00f3n. Eso es poner a la educaci\u00f3n como parte fundamental de las pol\u00edticas p\u00fablicas. Asumimos el compromiso de transformar la educaci\u00f3n en Pilar y lo estamos cumpliendo, eso nos permite mirar al pr\u00f3ximo ciclo lectivo de manera distinta\u201d. <\/p>\n\n\n\n<p>Particip\u00f3 del acto el director general de Cultura y Educaci\u00f3n de la Provincia de Buenos Aires, Alberto Sileoni, con quien se firm\u00f3 el convenio de construcci\u00f3n de las nuevas escuelas. <\/p>\n\n\n\n<p>Sileoni ponder\u00f3 que \u201cEste anuncio es sobre la base del trabajo hecho\u201d, en alusi\u00f3n a las quince escuelas ya abiertas en Pilar. Tambi\u00e9n se refiri\u00f3 al proyecto de creaci\u00f3n de la Universidad Nacional de Pilar, que aguarda ser tratado en el Congreso: \u201crepresenta un enorme valor para los ciudadanos del distrito y toda la regi\u00f3n\u201d, dijo durante su discurso, \u201cdebe existir la Universidad de Pilar para mejorar la vida de los pilarenses y la sociedad\u201d. <\/p>\n\n\n\n<p>Mientras los pilarenses esperan la aprobaci\u00f3n de la Universidad, en los barrios seguir\u00e1n aflorando escuelas que preparen a los chicos para la educaci\u00f3n superior. Las quince ya hechas, casi todas durante el a\u00f1o pasado, se suman a otras 17 escuelas ya ampliadas. Unas 139 aulas hasta ahora, que benefician a m\u00e1s de 9 mil estudiantes. <\/p>\n\n\n\n<p>Cuando concluya su mandato, Ach\u00e1val va a haber dejado para Pilar 24 nuevos edificios escolares, adem\u00e1s de los 26 establecimientos ampliados y de la lucha, junto a los vecinos, para conseguir el sue\u00f1o de la Universidad.<\/p>\n\n\n\n<p>\u00abAsumimos el compromiso de transformar la educaci\u00f3n en Pilar y lo estamos cumpliendo, eso nos permite mirar al pr\u00f3ximo ciclo lectivo de manera distinta\u00bb.<\/p>\n\n\n\n<p class=\"has-text-align-right\"><strong><em>LaNaci\u00f3n.-<\/em><\/strong><\/p>\n","protected":false},"excerpt":{"rendered":"<p>El intendente Federico Ach\u00e1val realiz\u00f3 el anuncio en la Escuela 20 de Manzanares, una de las quince que ya lleva inauguradas durante su gobierno. Tambi\u00e9n se ampliar\u00e1n otras nueve escuelas<\/p>\n","protected":false},"author":3,"featured_media":30304,"comment_status":"open","ping_status":"closed","sticky":false,"template":"","format":"standard","meta":{"jnews-multi-image_gallery":[],"jnews_single_post":{"subtitle":"","format":"standard","video":"","gallery":"","source_name":"","source_url":"","via_name":"","via_url":"","override_template":"0","override":[{"template":"4","single_blog_custom":"","parallax":"1","fullscreen":"1","layout":"right-sidebar","sidebar":"default-sidebar","second_sidebar":"default-sidebar","sticky_sidebar":"1","share_position":"top","share_float_style":"share-monocrhome","show_share_counter":"1","show_view_counter":"1","show_featured":"1","show_post_meta":"1","show_post_author":"1","show_post_author_image":"1","show_post_date":"1","post_date_format":"default","post_date_format_custom":"Y\/m\/d","show_post_category":"1","show_post_reading_time":"1","post_reading_time_wpm":"300","show_zoom_button":"1","zoom_button_out_step":"2","zoom_button_in_step":"3","show_post_tag":"1","show_prev_next_post":"1","show_popup_post":"1","number_popup_post":"1","show_author_box":"1","show_post_related":"1","show_inline_post_related":"0"}],"override_image_size":"0","image_override":[{"single_post_thumbnail_size":"crop-500","single_post_gallery_size":"crop-500"}],"trending_post":"0","trending_post_position":"meta","trending_post_label":"Trending","sponsored_post":"0","sponsored_post_label":"Sponsored by","sponsored_post_name":"","sponsored_post_url":"","sponsored_post_logo_enable":"0","sponsored_post_logo":"","sponsored_post_desc":"","disable_ad":"0"},"jnews_primary_category":{"id":"","hide":""},"jnews_social_meta":{"fb_title":"","fb_description":"","fb_image":"","twitter_title":"","twitter_description":"","twitter_image":""},"jnews_review":[],"enable_review":"0","type":"percentage","name":"","summary":"","brand":"","sku":"","good":[{"good_text":""}],"bad":[{"bad_text":""}],"score_override":"","override_value":"","rating":[{"rating_text":"","rating_number":"10"}],"price":[{"shop":"","price":"","link":"","icon":""}],"jnews_override_counter":{"override_view_counter":"0","view_counter_number":"0","override_share_counter":"0","share_counter_number":"0","override_like_counter":"0","like_counter_number":"0","override_dislike_counter":"0","dislike_counter_number":"0"},"jnews_post_split":{"enable_post_split":"0","post_split":[{"template":"1","tag":"h2","numbering":"asc","mode":"normal","first":"0","enable_toc":"0","toc_type":"normal"}]},"footnotes":""},"categories":[58],"tags":[44,202,6681,6682,45,6683,429],"class_list":["post-30303","post","type-post","status-publish","format-standard","has-post-thumbnail","hentry","category-argentina","tag-argentina","tag-educacion","tag-federico-achaval-2","tag-intendente-federico-achaval","tag-noticias","tag-nueve-establecimientos-escolares","tag-pilar"],"amp_enabled":true,"_links":{"self":[{"href":"https:\/\/esreviral.com\/index.php?rest_route=\/wp\/v2\/posts\/30303"}],"collection":[{"href":"https:\/\/esreviral.com\/index.php?rest_route=\/wp\/v2\/posts"}],"about":[{"href":"https:\/\/esreviral.com\/index.php?rest_route=\/wp\/v2\/types\/post"}],"author":[{"embeddable":true,"href":"https:\/\/esreviral.com\/index.php?rest_route=\/wp\/v2\/users\/3"}],"replies":[{"embeddable":true,"href":"https:\/\/esreviral.com\/index.php?rest_route=%2Fwp%2Fv2%2Fcomments&post=30303"}],"version-history":[{"count":0,"href":"https:\/\/esreviral.com\/index.php?rest_route=\/wp\/v2\/posts\/30303\/revisions"}],"wp:featuredmedia":[{"embeddable":true,"href":"https:\/\/esreviral.com\/index.php?rest_route=\/wp\/v2\/media\/30304"}],"wp:attachment":[{"href":"https:\/\/esreviral.com\/index.php?rest_route=%2Fwp%2Fv2%2Fmedia&parent=30303"}],"wp:term":[{"taxonomy":"category","embeddable":true,"href":"https:\/\/esreviral.com\/index.php?rest_route=%2Fwp%2Fv2%2Fcategories&post=30303"},{"taxonomy":"post_tag","embeddable":true,"href":"https:\/\/esreviral.com\/index.php?rest_route=%2Fwp%2Fv2%2Ftags&post=30303"}],"curies":[{"name":"wp","href":"https:\/\/api.w.org\/{rel}","templated":true}]}}