{"id":30299,"date":"2023-01-27T06:41:46","date_gmt":"2023-01-27T11:41:46","guid":{"rendered":"https:\/\/esreviral.com\/?p=30299"},"modified":"2023-01-27T06:41:47","modified_gmt":"2023-01-27T11:41:47","slug":"vicente-lopez-incorporaron-nueva-patrulla-motorizada","status":"publish","type":"post","link":"https:\/\/esreviral.com\/?p=30299","title":{"rendered":"Vicente L\u00f3pez: Incorporaron Nueva Patrulla Motorizada"},"content":{"rendered":"\n<p>La intendenta de Vicente L\u00f3pez, Soledad Mart\u00ednez, estuvo acompa\u00f1ada del Secretario de Seguridad, Juan Jos\u00e9 Ben\u00edtez: \u201cEs un d\u00eda muy importante para todo el equipo de seguridad de Vicente L\u00f3pez. Estamos sumando un nuevo cuerpo de patrulla completamente motorizado que va a estar circulando, patrullando y vigilando cada uno de los barrios de nuestro municipio\u201d indic\u00f3 la jefa comunal.<\/p>\n\n\n\n<p>Gracias a la incorporaci\u00f3n de nuevos agentes y motos, la Patrulla Motorizada podr\u00e1 realizar tareas de prevenci\u00f3n, disuasi\u00f3n, persecuci\u00f3n y asistencia en situaciones de emergencia.<\/p>\n\n\n\n<p>Los agentes que se incorporaron fueron capacitados en distintas t\u00e9cnicas de seguridad, uso del veh\u00edculo, RCP, Primeros Auxilios y manejo de desfibriladores autom\u00e1ticos (DEA). Adem\u00e1s, participaron en cursos de Derechos Humanos, proceso penal, derechos y garant\u00edas de v\u00edctimas y herramientas de preservaci\u00f3n de la escena del crimen.<\/p>\n\n\n\n<figure class=\"wp-block-image size-full\"><img fetchpriority=\"high\" decoding=\"async\" width=\"910\" height=\"599\" src=\"https:\/\/esreviral.com\/wp-content\/uploads\/2023\/01\/AnyConv.com__690180-whatsapp-20image-202023-01-20-20at-2010-52-59.webp\" alt=\"\" class=\"wp-image-30301\" srcset=\"https:\/\/esreviral.com\/wp-content\/uploads\/2023\/01\/AnyConv.com__690180-whatsapp-20image-202023-01-20-20at-2010-52-59.webp 910w, https:\/\/esreviral.com\/wp-content\/uploads\/2023\/01\/AnyConv.com__690180-whatsapp-20image-202023-01-20-20at-2010-52-59-300x197.webp 300w, https:\/\/esreviral.com\/wp-content\/uploads\/2023\/01\/AnyConv.com__690180-whatsapp-20image-202023-01-20-20at-2010-52-59-768x506.webp 768w, https:\/\/esreviral.com\/wp-content\/uploads\/2023\/01\/AnyConv.com__690180-whatsapp-20image-202023-01-20-20at-2010-52-59-750x494.webp 750w\" sizes=\"(max-width: 910px) 100vw, 910px\" \/><\/figure>\n\n\n\n<p>Para la nueva Patrulla Motorizada, se sumaron motos Kawasaki KLR650, uno de los modelos m\u00e1s modernos y mejor equipados del mundo, permitiendo poder perseguir y atrapar a quienes cometen un il\u00edcito de manera m\u00e1s r\u00e1pida y efectiva. La unidad tambi\u00e9n cuenta con body cams, que permiten registrar todos los procedimientos realizados por los agentes y equipos de comunicaci\u00f3n de \u00faltima generaci\u00f3n.<\/p>\n\n\n\n<p>Este nuevo cuerpo de patrulla va a dar una respuesta m\u00e1s veloz y eficaz para ayudar a los vecinos ante cualquier emergencia, permitiendo mejorar el patrullaje y con mayor rapidez en las persecuciones urbanas.<\/p>\n\n\n\n<p>\u201cEsta Patrulla Motorizada se suma al plan integral de seguridad que hace muchos a\u00f1os tuvimos la decisi\u00f3n pol\u00edtica y que hoy sostenemos con mucha firmeza, lo que impulsamos con Jorge Macri hoy lo estamos continuando. La conversaci\u00f3n con los vecinos tambi\u00e9n nos lleva a ir mejorando y exigi\u00e9ndonos cada d\u00eda. Y que los delincuentes sepan que si vienen a Vicente L\u00f3pez vamos a estar preparados para defender a nuestros vecinos\u201d, concluy\u00f3 Soledad Mart\u00ednez.<\/p>\n\n\n\n<p>El municipio contin\u00faa incorporando tecnolog\u00edas de \u00faltima generaci\u00f3n al servicio de la seguridad. Para ello, cuenta con m\u00e1s de 2100 c\u00e1maras HD de videovigilancia, casi 120 Puntos Seguros, m\u00e1s de 265 botones de seguridad en instituciones como clubes y escuelas municipales y 12 destacamentos policiales en los nueve barrios del partido. Adem\u00e1s, trabaja con herramientas innovadoras como la plataforma para casos de violencia de g\u00e9nero y el control digital de patentes en los accesos.<\/p>\n\n\n\n<p class=\"has-text-align-right\"><strong><em>pagina12.com.ar.<\/em><\/strong>&#8211;<\/p>\n","protected":false},"excerpt":{"rendered":"<p>La intendenta de Vicente L\u00f3pez, Soledad Mart\u00ednez, estuvo acompa\u00f1ada del Secretario de Seguridad, Juan Jos\u00e9 Ben\u00edtez: \u201cEs un d\u00eda muy importante para todo el equipo de seguridad de Vicente L\u00f3pez. Estamos sumando un nuevo cuerpo de patrulla completamente motorizado que va a estar circulando, patrullando y vigilando cada uno de los barrios de nuestro municipio\u201d [&hellip;]<\/p>\n","protected":false},"author":3,"featured_media":30300,"comment_status":"open","ping_status":"closed","sticky":false,"template":"","format":"standard","meta":{"jnews-multi-image_gallery":[],"jnews_single_post":{"subtitle":"","format":"standard","video":"","gallery":"","source_name":"","source_url":"","via_name":"","via_url":"","override_template":"0","override":[{"template":"4","single_blog_custom":"","parallax":"1","fullscreen":"1","layout":"right-sidebar","sidebar":"default-sidebar","second_sidebar":"default-sidebar","sticky_sidebar":"1","share_position":"top","share_float_style":"share-monocrhome","show_share_counter":"1","show_view_counter":"1","show_featured":"1","show_post_meta":"1","show_post_author":"1","show_post_author_image":"1","show_post_date":"1","post_date_format":"default","post_date_format_custom":"Y\/m\/d","show_post_category":"1","show_post_reading_time":"1","post_reading_time_wpm":"300","show_zoom_button":"1","zoom_button_out_step":"2","zoom_button_in_step":"3","show_post_tag":"1","show_prev_next_post":"1","show_popup_post":"1","number_popup_post":"1","show_author_box":"1","show_post_related":"1","show_inline_post_related":"0"}],"override_image_size":"0","image_override":[{"single_post_thumbnail_size":"crop-500","single_post_gallery_size":"crop-500"}],"trending_post":"0","trending_post_position":"meta","trending_post_label":"Trending","sponsored_post":"0","sponsored_post_label":"Sponsored by","sponsored_post_name":"","sponsored_post_url":"","sponsored_post_logo_enable":"0","sponsored_post_logo":"","sponsored_post_desc":"","disable_ad":"0"},"jnews_primary_category":{"id":"","hide":""},"jnews_social_meta":{"fb_title":"","fb_description":"","fb_image":"","twitter_title":"","twitter_description":"","twitter_image":""},"jnews_review":[],"enable_review":"0","type":"percentage","name":"","summary":"","brand":"","sku":"","good":[{"good_text":""}],"bad":[{"bad_text":""}],"score_override":"","override_value":"","rating":[{"rating_text":"","rating_number":"10"}],"price":[{"shop":"","price":"","link":"","icon":""}],"jnews_override_counter":{"override_view_counter":"0","view_counter_number":"0","override_share_counter":"0","share_counter_number":"0","override_like_counter":"0","like_counter_number":"0","override_dislike_counter":"0","dislike_counter_number":"0"},"jnews_post_split":{"enable_post_split":"0","post_split":[{"template":"1","tag":"h2","numbering":"asc","mode":"normal","first":"0","enable_toc":"0","toc_type":"normal"}]},"footnotes":""},"categories":[58],"tags":[44,6678,6680,45,6677,6679,3696,941],"class_list":["post-30299","post","type-post","status-publish","format-standard","has-post-thumbnail","hentry","category-argentina","tag-argentina","tag-intendenta-de-vicente-lopez","tag-juan-jose-benitez","tag-noticias","tag-patrulla-motorizada","tag-secretario-de-seguridad","tag-soledad-martinez","tag-vicente-lopez"],"amp_enabled":true,"_links":{"self":[{"href":"https:\/\/esreviral.com\/index.php?rest_route=\/wp\/v2\/posts\/30299"}],"collection":[{"href":"https:\/\/esreviral.com\/index.php?rest_route=\/wp\/v2\/posts"}],"about":[{"href":"https:\/\/esreviral.com\/index.php?rest_route=\/wp\/v2\/types\/post"}],"author":[{"embeddable":true,"href":"https:\/\/esreviral.com\/index.php?rest_route=\/wp\/v2\/users\/3"}],"replies":[{"embeddable":true,"href":"https:\/\/esreviral.com\/index.php?rest_route=%2Fwp%2Fv2%2Fcomments&post=30299"}],"version-history":[{"count":0,"href":"https:\/\/esreviral.com\/index.php?rest_route=\/wp\/v2\/posts\/30299\/revisions"}],"wp:featuredmedia":[{"embeddable":true,"href":"https:\/\/esreviral.com\/index.php?rest_route=\/wp\/v2\/media\/30300"}],"wp:attachment":[{"href":"https:\/\/esreviral.com\/index.php?rest_route=%2Fwp%2Fv2%2Fmedia&parent=30299"}],"wp:term":[{"taxonomy":"category","embeddable":true,"href":"https:\/\/esreviral.com\/index.php?rest_route=%2Fwp%2Fv2%2Fcategories&post=30299"},{"taxonomy":"post_tag","embeddable":true,"href":"https:\/\/esreviral.com\/index.php?rest_route=%2Fwp%2Fv2%2Ftags&post=30299"}],"curies":[{"name":"wp","href":"https:\/\/api.w.org\/{rel}","templated":true}]}}