{"id":30293,"date":"2023-01-27T06:15:02","date_gmt":"2023-01-27T11:15:02","guid":{"rendered":"https:\/\/esreviral.com\/?p=30293"},"modified":"2023-01-27T06:15:03","modified_gmt":"2023-01-27T11:15:03","slug":"alto-comisionado-de-dd-hh-de-la-onu-visita-a-venezuela-es-de-dialogo-y-accion","status":"publish","type":"post","link":"https:\/\/esreviral.com\/?p=30293","title":{"rendered":"Alto comisionado de DD HH de la ONU: \u00abVisita a Venezuela es de di\u00e1logo y acci\u00f3n\u00bb"},"content":{"rendered":"\n<p>El alto comisionado de la ONU para los Derechos Humanos, Volker T\u00fcrk, afirm\u00f3 este jueves que su visita a Venezuela es de \u00absolidaridad, di\u00e1logo y acci\u00f3n\u00bb, tras reunirse con varios grupos de v\u00edctimas y de la sociedad civil en su primer d\u00eda en Caracas.<\/p>\n\n\n\n<p>\u00abSatisfecho de relacionarme con varios grupos de v\u00edctimas y de la sociedad civil en mi primer d\u00eda en Venezuela. Mi visita es de solidaridad, di\u00e1logo y acci\u00f3n. Todos los pa\u00edses necesitan y merecen un espacio c\u00edvico libre y vibrante\u00bb, public\u00f3 T\u00fcrk en\u00a0Twitter.<\/p>\n\n\n\n<p>El alto comisionado lleg\u00f3 este jueves a Venezuela, desde Colombia, donde desarrollar\u00e1 una misi\u00f3n oficial de dos d\u00edas, hasta el s\u00e1bado, 28 de enero, seg\u00fan inform\u00f3 Naciones Unidas Venezuela.<\/p>\n\n\n\n<p>Reiter\u00f3 que el funcionario se reunir\u00e1 con \u00abautoridades de gobierno, organizaciones de sociedad civil, defensores de derechos humanos, representantes de grupos de v\u00edctimas y otros\u00bb, sin ofrecer mayores detalles de la agenda.<\/p>\n\n\n\n<p>M\u00e1s temprano, el gobierno inform\u00f3 que la visita oficial del funcionario de ONU se llevar\u00e1 a cabo \u00aben ejecuci\u00f3n de los mecanismos de di\u00e1logo constructivo, cooperaci\u00f3n y asistencia t\u00e9cnica existentes entre Venezuela y la oficina a su cargo\u00bb.<\/p>\n\n\n\n<p>En un comunicado, el Ejecutivo nacional reiter\u00f3 su \u00abcompromiso inquebrantable\u00bb con los derechos humanos y su disposici\u00f3n a dialogar ante la visita del alto comisionado.<\/p>\n\n\n\n<p>Amnist\u00eda Internacional pidi\u00f3 este jueves a T\u00fcrk que fortalezca la presencia de su oficina en el pa\u00eds caribe\u00f1o para lograr la prevenci\u00f3n de violaciones a derechos humanos.<\/p>\n\n\n\n<p>Es necesario \u00abfortalecer la presencia de su oficina en el terreno, no solo con capacidades financieras y recursos humanos, sino con el respaldo institucional para que su labor de denuncia en el pa\u00eds tenga un real efecto disuasorio de prevenci\u00f3n de violaciones graves de derechos humanos\u00bb, dice la carta enviada al funcionario y compartida con los medios.<\/p>\n\n\n\n<p>Se espera que T\u00fcrk ofrezca declaraciones este s\u00e1bado, al concluir su misi\u00f3n en el pa\u00eds petrolero, seg\u00fan se detall\u00f3 en un escrito oficial de su oficina.<\/p>\n\n\n\n<p class=\"has-text-align-right\"><strong><em>ElNacional.-<\/em><\/strong><\/p>\n\n\n\n<p><\/p>\n","protected":false},"excerpt":{"rendered":"<p>Se espera que Volker T\u00fcrk ofrezca declaraciones este s\u00e1bado, al concluir su misi\u00f3n en el pa\u00eds petrolero, seg\u00fan se detall\u00f3 en un escrito oficial de su oficina<\/p>\n","protected":false},"author":3,"featured_media":30294,"comment_status":"open","ping_status":"closed","sticky":false,"template":"","format":"standard","meta":{"jnews-multi-image_gallery":[],"jnews_single_post":{"subtitle":"","format":"standard","video":"","gallery":"","source_name":"","source_url":"","via_name":"","via_url":"","override_template":"0","override":[{"template":"4","single_blog_custom":"","parallax":"1","fullscreen":"1","layout":"right-sidebar","sidebar":"default-sidebar","second_sidebar":"default-sidebar","sticky_sidebar":"1","share_position":"top","share_float_style":"share-monocrhome","show_share_counter":"1","show_view_counter":"1","show_featured":"1","show_post_meta":"1","show_post_author":"1","show_post_author_image":"1","show_post_date":"1","post_date_format":"default","post_date_format_custom":"Y\/m\/d","show_post_category":"1","show_post_reading_time":"1","post_reading_time_wpm":"300","show_zoom_button":"1","zoom_button_out_step":"2","zoom_button_in_step":"3","show_post_tag":"1","show_prev_next_post":"1","show_popup_post":"1","number_popup_post":"1","show_author_box":"1","show_post_related":"1","show_inline_post_related":"0"}],"override_image_size":"0","image_override":[{"single_post_thumbnail_size":"crop-500","single_post_gallery_size":"crop-500"}],"trending_post":"0","trending_post_position":"meta","trending_post_label":"Trending","sponsored_post":"0","sponsored_post_label":"Sponsored by","sponsored_post_name":"","sponsored_post_url":"","sponsored_post_logo_enable":"0","sponsored_post_logo":"","sponsored_post_desc":"","disable_ad":"0"},"jnews_primary_category":{"id":"","hide":""},"jnews_social_meta":{"fb_title":"","fb_description":"","fb_image":"","twitter_title":"","twitter_description":"","twitter_image":""},"jnews_review":[],"enable_review":"0","type":"percentage","name":"","summary":"","brand":"","sku":"","good":[{"good_text":""}],"bad":[{"bad_text":""}],"score_override":"","override_value":"","rating":[{"rating_text":"","rating_number":"10"}],"price":[{"shop":"","price":"","link":"","icon":""}],"jnews_override_counter":{"override_view_counter":"0","view_counter_number":"0","override_share_counter":"0","share_counter_number":"0","override_like_counter":"0","like_counter_number":"0","override_dislike_counter":"0","dislike_counter_number":"0"},"jnews_post_split":{"enable_post_split":"0","post_split":[{"template":"1","tag":"h2","numbering":"asc","mode":"normal","first":"0","enable_toc":"0","toc_type":"normal"}]},"footnotes":""},"categories":[66],"tags":[6675,45,1434,56,6674],"class_list":["post-30293","post","type-post","status-publish","format-standard","has-post-thumbnail","hentry","category-venezuela","tag-comisionado-de-la-onu","tag-noticias","tag-onu","tag-venezuela","tag-volker-turk"],"amp_enabled":true,"_links":{"self":[{"href":"https:\/\/esreviral.com\/index.php?rest_route=\/wp\/v2\/posts\/30293"}],"collection":[{"href":"https:\/\/esreviral.com\/index.php?rest_route=\/wp\/v2\/posts"}],"about":[{"href":"https:\/\/esreviral.com\/index.php?rest_route=\/wp\/v2\/types\/post"}],"author":[{"embeddable":true,"href":"https:\/\/esreviral.com\/index.php?rest_route=\/wp\/v2\/users\/3"}],"replies":[{"embeddable":true,"href":"https:\/\/esreviral.com\/index.php?rest_route=%2Fwp%2Fv2%2Fcomments&post=30293"}],"version-history":[{"count":0,"href":"https:\/\/esreviral.com\/index.php?rest_route=\/wp\/v2\/posts\/30293\/revisions"}],"wp:featuredmedia":[{"embeddable":true,"href":"https:\/\/esreviral.com\/index.php?rest_route=\/wp\/v2\/media\/30294"}],"wp:attachment":[{"href":"https:\/\/esreviral.com\/index.php?rest_route=%2Fwp%2Fv2%2Fmedia&parent=30293"}],"wp:term":[{"taxonomy":"category","embeddable":true,"href":"https:\/\/esreviral.com\/index.php?rest_route=%2Fwp%2Fv2%2Fcategories&post=30293"},{"taxonomy":"post_tag","embeddable":true,"href":"https:\/\/esreviral.com\/index.php?rest_route=%2Fwp%2Fv2%2Ftags&post=30293"}],"curies":[{"name":"wp","href":"https:\/\/api.w.org\/{rel}","templated":true}]}}