{"id":30241,"date":"2023-01-26T08:41:37","date_gmt":"2023-01-26T13:41:37","guid":{"rendered":"https:\/\/esreviral.com\/?p=30241"},"modified":"2023-01-26T08:43:00","modified_gmt":"2023-01-26T13:43:00","slug":"la-foto-de-gerard-pique-con-clara-chia-marti-reavivo-los-rumores-de-casamiento-y-provoco-a-shakira","status":"publish","type":"post","link":"https:\/\/esreviral.com\/?p=30241","title":{"rendered":"#EsReViral que la foto de Gerard Piqu\u00e9 con Clara Ch\u00eda Marti reaviv\u00f3 los rumores de casamiento y provoc\u00f3 a Shakira"},"content":{"rendered":"\n<p>Hace pocas horas, el exfutbolista <strong>Gerard Piqu\u00e9<\/strong>\u00a0revolucion\u00f3 las redes sociales\u00a0al compartir una\u00a0<strong>foto\u00a0junto a su novia<\/strong>,<strong>Clara Ch\u00eda Marti. El movimiento digital surgi\u00f3 luego de que\u00a0Shakira<\/strong>\u00a0les dedicara a los dos una canci\u00f3n\u00a0y de que se difundieran\u00a0rumores de infidelidad en la pareja.<\/p>\n\n\n\n<p>Pero la imagen que circul\u00f3 por todos lados aliment\u00f3 una pregunta para los que siguen palmo a palmo este culebr\u00f3n. \u00bf<strong>Piqu\u00e9\u00a0<\/strong>est\u00e1 a punto de\u00a0<strong>poner una fecha de casamiento\u00a0<\/strong>como se dijo hace algunos meses?<\/p>\n\n\n\n<p>Ya desde hace algunos d\u00edas se viene hablando del tema. Fuela astr\u00f3loga cubana\u00a0<strong>Mhoni Vidente<\/strong>\u00a0la que vaticin\u00f3 que la joven estudiante de publicidad llevar\u00e1 a\u00a0<strong>Piqu\u00e9\u00a0<\/strong>al Registro Civil, algo que nunca pudo lograr la colombiana. \u201c<strong>Se casan ahora el 2 de febrero o 14 de febrero<\/strong>\u201d, coment\u00f3 la vidente.<\/p>\n\n\n\n<figure class=\"wp-block-image size-large\"><img fetchpriority=\"high\" decoding=\"async\" width=\"1024\" height=\"573\" src=\"https:\/\/esreviral.com\/wp-content\/uploads\/2023\/01\/AnyConv.com__WHXNJHKAJREDRKNB7TBUK3NK2A-1024x573.webp\" alt=\"\" class=\"wp-image-30242\" srcset=\"https:\/\/esreviral.com\/wp-content\/uploads\/2023\/01\/AnyConv.com__WHXNJHKAJREDRKNB7TBUK3NK2A-1024x573.webp 1024w, https:\/\/esreviral.com\/wp-content\/uploads\/2023\/01\/AnyConv.com__WHXNJHKAJREDRKNB7TBUK3NK2A-300x168.webp 300w, https:\/\/esreviral.com\/wp-content\/uploads\/2023\/01\/AnyConv.com__WHXNJHKAJREDRKNB7TBUK3NK2A-768x430.webp 768w, https:\/\/esreviral.com\/wp-content\/uploads\/2023\/01\/AnyConv.com__WHXNJHKAJREDRKNB7TBUK3NK2A-750x420.webp 750w, https:\/\/esreviral.com\/wp-content\/uploads\/2023\/01\/AnyConv.com__WHXNJHKAJREDRKNB7TBUK3NK2A-1140x638.webp 1140w, https:\/\/esreviral.com\/wp-content\/uploads\/2023\/01\/AnyConv.com__WHXNJHKAJREDRKNB7TBUK3NK2A.webp 1440w\" sizes=\"(max-width: 1024px) 100vw, 1024px\" \/><\/figure>\n\n\n\n<p>La eventual convivencia formal de la pareja llev\u00f3 a Shakira, seg\u00fan algunos diarios espa\u00f1oles, a una dr\u00e1stica decisi\u00f3n. Como su casa de Barcelona se comunica con la de sus suegros, la cantante&nbsp;<strong>no quiere saber absolutamente nada&nbsp;<\/strong>con cruzarse con&nbsp;<strong>Piqu\u00e9&nbsp;<\/strong>y su futura prometida si van de visita.<\/p>\n\n\n\n<p>Por eso, seg\u00fan se\u00f1al\u00f3 el diario mexicano&nbsp;<em>Panorama<\/em>, encomend\u00f3 una reforma en la propiedad por la que&nbsp;<strong>colocar\u00e1 un muro entre las dos mansiones<\/strong>&nbsp;y modificar\u00e1 la manera en la que se entra a su hogar.<\/p>\n\n\n\n<p><strong><mark style=\"background-color:rgba(0, 0, 0, 0)\" class=\"has-inline-color has-vivid-red-color\">C\u00f3mo fue la repercusi\u00f3n de la foto de Piqu\u00e9 y Clara Ch\u00eda Marti<\/mark><\/strong><\/p>\n\n\n\n<p>A pesar de todos los comentarios negativos que aparecen muchas veces sobre\u00a0<strong>Piqu\u00e9\u00a0<\/strong>por la manera en la que se dio la relaci\u00f3n con su actual pareja mientras estaba junto a\u00a0<strong>Shakira<\/strong>, la imagen tuvo en pocas horas\u00a0<strong>casi 3 millones de\u00a0<\/strong><em><strong>likes<\/strong><\/em><strong>.<\/strong><\/p>\n\n\n\n<figure class=\"wp-block-image size-large\"><img decoding=\"async\" width=\"1024\" height=\"573\" src=\"https:\/\/esreviral.com\/wp-content\/uploads\/2023\/01\/AnyConv.com__6YN4WHOGEBCFPDBI6RBTBMXSWQ-1024x573.webp\" alt=\"\" class=\"wp-image-30243\" srcset=\"https:\/\/esreviral.com\/wp-content\/uploads\/2023\/01\/AnyConv.com__6YN4WHOGEBCFPDBI6RBTBMXSWQ-1024x573.webp 1024w, https:\/\/esreviral.com\/wp-content\/uploads\/2023\/01\/AnyConv.com__6YN4WHOGEBCFPDBI6RBTBMXSWQ-300x168.webp 300w, https:\/\/esreviral.com\/wp-content\/uploads\/2023\/01\/AnyConv.com__6YN4WHOGEBCFPDBI6RBTBMXSWQ-768x430.webp 768w, https:\/\/esreviral.com\/wp-content\/uploads\/2023\/01\/AnyConv.com__6YN4WHOGEBCFPDBI6RBTBMXSWQ-750x420.webp 750w, https:\/\/esreviral.com\/wp-content\/uploads\/2023\/01\/AnyConv.com__6YN4WHOGEBCFPDBI6RBTBMXSWQ-1140x638.webp 1140w, https:\/\/esreviral.com\/wp-content\/uploads\/2023\/01\/AnyConv.com__6YN4WHOGEBCFPDBI6RBTBMXSWQ.webp 1440w\" sizes=\"(max-width: 1024px) 100vw, 1024px\" \/><\/figure>\n\n\n\n<p>La foto es la primera que publica el exjugador del Barcelona junto a&nbsp;<strong>Clara Ch\u00eda Marti<\/strong>. El posteo lleg\u00f3 despu\u00e9s de que el paparazzi&nbsp;<strong>Jordi Martin&nbsp;<\/strong>compartiera una captura en sus redes sociales y&nbsp;<strong>despertara rumores de una supuesta traici\u00f3n del futbolista hacia su nueva pareja<\/strong>.<\/p>\n\n\n\n<p>En los \u00faltimos, el periodista espa\u00f1ol revel\u00f3 que\u00a0<strong>Piqu\u00e9\u00a0<\/strong>habr\u00eda tenido una relaci\u00f3n paralela con una joven abogada llamada\u00a0<strong>Julia Puiggali<\/strong>. \u201c<strong>\u00bfLa conoces, Gerard?<\/strong>\u00a0Luego,\u00a0<strong>no te extra\u00f1e que Shakira te tire al mundo entero encima<\/strong>\u201d, escribi\u00f3 el paparazzi en sus historias de Instagram. El texto lo acompa\u00f1\u00f3 con una captura del perfil de la tambi\u00e9n\u00a0<em>influencer<\/em>.<\/p>\n\n\n\n<p>Si bien\u00a0<strong>la infidelidad a\u00fan no fue confirmada o desmentida<\/strong>\u00a0por ninguno de los dos involucrados, muchos usuarios conf\u00edan en las sospechas de Jordi, que sigue la historia desde hace varios a\u00f1os.<\/p>\n\n\n\n<p class=\"has-text-align-right\"><strong><em>TN.-<\/em><\/strong><\/p>\n","protected":false},"excerpt":{"rendered":"<p>El exfutbolista public\u00f3 por primera vez una foto con su nueva novia en sus redes. El hecho ocurri\u00f3 a pocos d\u00edas del lanzamiento de la \u201cMusic Sessions #53\u2033 que la cantante grab\u00f3 con Bizarrap.<\/p>\n","protected":false},"author":3,"featured_media":30244,"comment_status":"open","ping_status":"closed","sticky":false,"template":"","format":"standard","meta":{"jnews-multi-image_gallery":[],"jnews_single_post":{"subtitle":"","format":"standard","video":"","gallery":"","source_name":"","source_url":"","via_name":"","via_url":"","override_template":"0","override":[{"template":"4","single_blog_custom":"","parallax":"1","fullscreen":"1","layout":"right-sidebar","sidebar":"default-sidebar","second_sidebar":"default-sidebar","sticky_sidebar":"1","share_position":"top","share_float_style":"share-monocrhome","show_share_counter":"1","show_view_counter":"1","show_featured":"1","show_post_meta":"1","show_post_author":"1","show_post_author_image":"1","show_post_date":"1","post_date_format":"default","post_date_format_custom":"Y\/m\/d","show_post_category":"1","show_post_reading_time":"1","post_reading_time_wpm":"300","show_zoom_button":"1","zoom_button_out_step":"2","zoom_button_in_step":"3","show_post_tag":"1","show_prev_next_post":"1","show_popup_post":"1","number_popup_post":"1","show_author_box":"1","show_post_related":"1","show_inline_post_related":"0"}],"override_image_size":"0","image_override":[{"single_post_thumbnail_size":"crop-500","single_post_gallery_size":"crop-500"}],"trending_post":"0","trending_post_position":"meta","trending_post_label":"Trending","sponsored_post":"0","sponsored_post_label":"Sponsored by","sponsored_post_name":"","sponsored_post_url":"","sponsored_post_logo_enable":"0","sponsored_post_logo":"","sponsored_post_desc":"","disable_ad":"0"},"jnews_primary_category":{"id":"","hide":""},"jnews_social_meta":{"fb_title":"","fb_description":"","fb_image":"","twitter_title":"","twitter_description":"","twitter_image":""},"jnews_review":[],"enable_review":"0","type":"percentage","name":"","summary":"","brand":"","sku":"","good":[{"good_text":""}],"bad":[{"bad_text":""}],"score_override":"","override_value":"","rating":[{"rating_text":"","rating_number":"10"}],"price":[{"shop":"","price":"","link":"","icon":""}],"jnews_override_counter":{"override_view_counter":"0","view_counter_number":"0","override_share_counter":"0","share_counter_number":"0","override_like_counter":"0","like_counter_number":"0","override_dislike_counter":"0","dislike_counter_number":"0"},"jnews_post_split":{"enable_post_split":"0","post_split":[{"template":"1","tag":"h2","numbering":"asc","mode":"normal","first":"0","enable_toc":"0","toc_type":"normal"}]},"footnotes":""},"categories":[50],"tags":[1975,1798,6649,2451,45,537],"class_list":["post-30241","post","type-post","status-publish","format-standard","has-post-thumbnail","hentry","category-entretenimiento","tag-celebridades","tag-celebrities","tag-clara-chia-marti","tag-gerard-pique","tag-noticias","tag-shakira"],"_links":{"self":[{"href":"https:\/\/esreviral.com\/index.php?rest_route=\/wp\/v2\/posts\/30241","targetHints":{"allow":["GET"]}}],"collection":[{"href":"https:\/\/esreviral.com\/index.php?rest_route=\/wp\/v2\/posts"}],"about":[{"href":"https:\/\/esreviral.com\/index.php?rest_route=\/wp\/v2\/types\/post"}],"author":[{"embeddable":true,"href":"https:\/\/esreviral.com\/index.php?rest_route=\/wp\/v2\/users\/3"}],"replies":[{"embeddable":true,"href":"https:\/\/esreviral.com\/index.php?rest_route=%2Fwp%2Fv2%2Fcomments&post=30241"}],"version-history":[{"count":0,"href":"https:\/\/esreviral.com\/index.php?rest_route=\/wp\/v2\/posts\/30241\/revisions"}],"wp:featuredmedia":[{"embeddable":true,"href":"https:\/\/esreviral.com\/index.php?rest_route=\/wp\/v2\/media\/30244"}],"wp:attachment":[{"href":"https:\/\/esreviral.com\/index.php?rest_route=%2Fwp%2Fv2%2Fmedia&parent=30241"}],"wp:term":[{"taxonomy":"category","embeddable":true,"href":"https:\/\/esreviral.com\/index.php?rest_route=%2Fwp%2Fv2%2Fcategories&post=30241"},{"taxonomy":"post_tag","embeddable":true,"href":"https:\/\/esreviral.com\/index.php?rest_route=%2Fwp%2Fv2%2Ftags&post=30241"}],"curies":[{"name":"wp","href":"https:\/\/api.w.org\/{rel}","templated":true}]}}