{"id":30139,"date":"2023-01-25T07:20:30","date_gmt":"2023-01-25T12:20:30","guid":{"rendered":"https:\/\/esreviral.com\/?p=30139"},"modified":"2023-01-25T07:20:31","modified_gmt":"2023-01-25T12:20:31","slug":"colombia-dejara-de-exigir-el-check-mig-para-ingresar-o-salir-de-ese-pais-por-via-terrestre","status":"publish","type":"post","link":"https:\/\/esreviral.com\/?p=30139","title":{"rendered":"Colombia dejar\u00e1 de exigir el Check-Mig para ingresar o salir de ese pa\u00eds por v\u00eda terrestre"},"content":{"rendered":"\n<p>Migraci\u00f3n Colombia\u00a0inform\u00f3 este martes, 24 de enero, que a partir de esta jornada dej\u00f3 de de exigir el Check-Mig tanto para ingresar como para salir del territorio neogranadino utilizando las fronteras terrestres.<\/p>\n\n\n\n<p>La informaci\u00f3n la comparti\u00f3 el ente migratorio colombiano en sus redes sociales, donde explic\u00f3 que ninguno de los puestos de control migratorio terrestre solicitar\u00e1 la herramienta. Sin embargo, se mantiene la exigencia del Check-Mig para entrar o salir de Colombia por v\u00eda a\u00e9rea.<\/p>\n\n\n\n<p><strong><mark style=\"background-color:rgba(0, 0, 0, 0)\" class=\"has-inline-color has-vivid-red-color\">Check-Mig<\/mark><\/strong><\/p>\n\n\n\n<p>El Check-Mig consiste en un formulario en el cual los viajeros que desean entran o salir del territorio colombiano deben precargar la informaci\u00f3n concerniente al viaje. La finalidad del formulario es agilizar las entrevistas de control migratorio.<\/p>\n\n\n\n<p>A partir de este 24 de enero la obligatoriedad de cumplir con este requisito ser\u00e1 \u00fanicamente para los viajeros que ingresen o salgan por vuelos.<\/p>\n\n\n\n<figure class=\"wp-block-embed is-type-rich is-provider-twitter wp-block-embed-twitter\"><div class=\"wp-block-embed__wrapper\">\n<blockquote class=\"twitter-tweet\" data-width=\"500\" data-dnt=\"true\"><p lang=\"es\" dir=\"ltr\">\u26a0\ufe0f <a href=\"https:\/\/twitter.com\/hashtag\/Atenci%C3%B3nViajeros?src=hash&amp;ref_src=twsrc%5Etfw\">#Atenci\u00f3nViajeros<\/a> | <a href=\"https:\/\/twitter.com\/MigracionCol?ref_src=twsrc%5Etfw\">@MigracionCol<\/a> ya no exigir\u00e1 <a href=\"https:\/\/twitter.com\/hashtag\/CheckMig?src=hash&amp;ref_src=twsrc%5Etfw\">#CheckMig<\/a> para entrar o salir del pa\u00eds en ninguno de los Puestos de Control Migratorio Terrestres. <a href=\"https:\/\/twitter.com\/hashtag\/Migraci%C3%B3nM%C3%A1s%C3%81gil?src=hash&amp;ref_src=twsrc%5Etfw\">#Migraci\u00f3nM\u00e1s\u00c1gil<\/a> <a href=\"https:\/\/t.co\/rPvpX6fxTQ\">pic.twitter.com\/rPvpX6fxTQ<\/a><\/p>&mdash; Migraci\u00f3n Colombia (@MigracionCol) <a href=\"https:\/\/twitter.com\/MigracionCol\/status\/1617698388463734784?ref_src=twsrc%5Etfw\">January 24, 2023<\/a><\/blockquote><script async src=\"https:\/\/platform.twitter.com\/widgets.js\" charset=\"utf-8\"><\/script>\n<\/div><\/figure>\n\n\n\n<p><strong><mark style=\"background-color:rgba(0, 0, 0, 0)\" class=\"has-inline-color has-vivid-red-color\">Venezolanos<\/mark><\/strong><\/p>\n\n\n\n<p>Por otro lado, Migraci\u00f3n Colombia record\u00f3 que los venezolanos que quieren ingresar y permanecer en el territorio neogranadino deben presentar alguno de los siguientes documentos: Pasaporte vigente o con un m\u00e1ximo de 10 a\u00f1os de haber perdido su vigencia; Permiso Especial de Permanencia (PEP) acompa\u00f1ado de la c\u00e9dula de identidad o el acta de nacimiento; o el Permiso de Protecci\u00f3n temporal (PPT).<\/p>\n\n\n\n<p class=\"has-text-align-right\"><strong><em>ElNacional.-<\/em><\/strong><\/p>\n","protected":false},"excerpt":{"rendered":"<p>Se mantiene el requisito para los viajeros que ingresen o salgan del territorio colombiano por v\u00eda a\u00e9rea<\/p>\n","protected":false},"author":3,"featured_media":30140,"comment_status":"open","ping_status":"closed","sticky":false,"template":"","format":"standard","meta":{"jnews-multi-image_gallery":[],"jnews_single_post":{"subtitle":"","format":"standard","video":"","gallery":"","source_name":"","source_url":"","via_name":"","via_url":"","override_template":"0","override":[{"template":"4","single_blog_custom":"","parallax":"1","fullscreen":"1","layout":"right-sidebar","sidebar":"default-sidebar","second_sidebar":"default-sidebar","sticky_sidebar":"1","share_position":"top","share_float_style":"share-monocrhome","show_share_counter":"1","show_view_counter":"1","show_featured":"1","show_post_meta":"1","show_post_author":"1","show_post_author_image":"1","show_post_date":"1","post_date_format":"default","post_date_format_custom":"Y\/m\/d","show_post_category":"1","show_post_reading_time":"1","post_reading_time_wpm":"300","show_zoom_button":"1","zoom_button_out_step":"2","zoom_button_in_step":"3","show_post_tag":"1","show_prev_next_post":"1","show_popup_post":"1","number_popup_post":"1","show_author_box":"1","show_post_related":"1","show_inline_post_related":"0"}],"override_image_size":"0","image_override":[{"single_post_thumbnail_size":"crop-500","single_post_gallery_size":"crop-500"}],"trending_post":"0","trending_post_position":"meta","trending_post_label":"Trending","sponsored_post":"0","sponsored_post_label":"Sponsored by","sponsored_post_name":"","sponsored_post_url":"","sponsored_post_logo_enable":"0","sponsored_post_logo":"","sponsored_post_desc":"","disable_ad":"0"},"jnews_primary_category":{"id":"","hide":""},"jnews_social_meta":{"fb_title":"","fb_description":"","fb_image":"","twitter_title":"","twitter_description":"","twitter_image":""},"jnews_review":[],"enable_review":"0","type":"percentage","name":"","summary":"","brand":"","sku":"","good":[{"good_text":""}],"bad":[{"bad_text":""}],"score_override":"","override_value":"","rating":[{"rating_text":"","rating_number":"10"}],"price":[{"shop":"","price":"","link":"","icon":""}],"jnews_override_counter":{"override_view_counter":"0","view_counter_number":"0","override_share_counter":"0","share_counter_number":"0","override_like_counter":"0","like_counter_number":"0","override_dislike_counter":"0","dislike_counter_number":"0"},"jnews_post_split":{"enable_post_split":"0","post_split":[{"template":"1","tag":"h2","numbering":"asc","mode":"normal","first":"0","enable_toc":"0","toc_type":"normal"}]},"footnotes":""},"categories":[88],"tags":[6595,283,6597,6594,45,6596],"class_list":["post-30139","post","type-post","status-publish","format-standard","has-post-thumbnail","hentry","category-internacionales","tag-check-mig","tag-colombia","tag-fronteras-terrestres","tag-migracion-colombia","tag-noticias","tag-via-terrestre"],"amp_enabled":true,"_links":{"self":[{"href":"https:\/\/esreviral.com\/index.php?rest_route=\/wp\/v2\/posts\/30139"}],"collection":[{"href":"https:\/\/esreviral.com\/index.php?rest_route=\/wp\/v2\/posts"}],"about":[{"href":"https:\/\/esreviral.com\/index.php?rest_route=\/wp\/v2\/types\/post"}],"author":[{"embeddable":true,"href":"https:\/\/esreviral.com\/index.php?rest_route=\/wp\/v2\/users\/3"}],"replies":[{"embeddable":true,"href":"https:\/\/esreviral.com\/index.php?rest_route=%2Fwp%2Fv2%2Fcomments&post=30139"}],"version-history":[{"count":0,"href":"https:\/\/esreviral.com\/index.php?rest_route=\/wp\/v2\/posts\/30139\/revisions"}],"wp:featuredmedia":[{"embeddable":true,"href":"https:\/\/esreviral.com\/index.php?rest_route=\/wp\/v2\/media\/30140"}],"wp:attachment":[{"href":"https:\/\/esreviral.com\/index.php?rest_route=%2Fwp%2Fv2%2Fmedia&parent=30139"}],"wp:term":[{"taxonomy":"category","embeddable":true,"href":"https:\/\/esreviral.com\/index.php?rest_route=%2Fwp%2Fv2%2Fcategories&post=30139"},{"taxonomy":"post_tag","embeddable":true,"href":"https:\/\/esreviral.com\/index.php?rest_route=%2Fwp%2Fv2%2Ftags&post=30139"}],"curies":[{"name":"wp","href":"https:\/\/api.w.org\/{rel}","templated":true}]}}