{"id":30115,"date":"2023-01-24T14:34:34","date_gmt":"2023-01-24T19:34:34","guid":{"rendered":"https:\/\/esreviral.com\/?p=30115"},"modified":"2023-01-24T14:42:06","modified_gmt":"2023-01-24T19:42:06","slug":"presidente-de-uruguay-cuestiono-la-celac-aca-hay-paises-que-no-respetan-la-democracia-ni-los-derechos-humanos","status":"publish","type":"post","link":"https:\/\/esreviral.com\/?p=30115","title":{"rendered":"Presidente de Uruguay, cuestion\u00f3 la CELAC: \u201cAc\u00e1 hay pa\u00edses que no respetan la democracia ni los derechos humanos\u201d"},"content":{"rendered":"\n<p><a href=\"https:\/\/esreviral.com\/por-esta-razon-nicolas-maduro-afirmo-que-no-asistio-a-la-celac\/\">Antes del video de Nicol\u00e1s Maduro en el que explica las razones por las cuales no viaj\u00f3 a Buenos Aires,<\/a> habl\u00f3 Luis Lacalle Pou, el presidente de Uruguay, quien ha sido gran cr\u00edtico del r\u00e9gimen venezolano y como era de esperarse, habl\u00f3 al respecto. <\/p>\n\n\n\n<p>\u201cSe habla del&nbsp;<strong>respeto a la democracia<\/strong>, a las instituciones y los derechos humanos (en el documento conjunto que suscribir\u00e1n los miembros del bloque). Pero<strong> hay pa\u00edses ac\u00e1 que no respetan la democracia, ni las instituciones\u201d,<\/strong> dijo Lacalle Pou. En la anterior cumbre de 2021 de la Celac el presidente hizo esta misma cr\u00edtica y se refiri\u00f3 en concreto a Venezuela, Cuba y Nicaragua.<\/p>\n\n\n\n<p>Cuestion\u00f3 la ideologizaci\u00f3n porque \u00abesto no es un club de amigos\u00bb. <\/p>\n\n\n\n<p>Tambi\u00e9n se refiri\u00f3 a los temas econ\u00f3micos. \u201c\u00bfNo ser\u00e1 momento de sincerar las relaciones? Y que desde la Celac se impulse una zona de libre comercio, desde M\u00e9xico hasta Am\u00e9rica del Sur\u201d, dijo el mandatario uruguayo. Y a\u00f1adi\u00f3: \u201cMuchas de nuestras econom\u00edas son complementarias y estoy seguro de que podr\u00edamos avanzar en este sentido\u201d.<\/p>\n\n\n\n<p>Lacalle Pou opini\u00f3 que en numerosas ocasiones no se pasa a la acci\u00f3n los discursos que se llevan a cabo en foros como la Celac. Destac\u00f3 que era momento de llevar la teor\u00eda a la acci\u00f3n.<\/p>\n\n\n\n<p>Lea tambi\u00e9n: <\/p>\n","protected":false},"excerpt":{"rendered":"<p>Antes del video de Nicol\u00e1s Maduro en el que explica las razones por las cuales no viaj\u00f3 a Buenos Aires, habl\u00f3 Luis Lacalle Pou, el presidente de Uruguay, quien ha sido gran cr\u00edtico del r\u00e9gimen venezolano y como era de esperarse, habl\u00f3 al respecto. \u201cSe habla del&nbsp;respeto a la democracia, a las instituciones y los [&hellip;]<\/p>\n","protected":false},"author":2,"featured_media":30117,"comment_status":"open","ping_status":"closed","sticky":false,"template":"","format":"standard","meta":{"jnews-multi-image_gallery":[],"jnews_single_post":{"subtitle":"","format":"standard","video":"","gallery":"","source_name":"","source_url":"","via_name":"","via_url":"","override_template":"0","override":[{"template":"4","single_blog_custom":"","parallax":"1","fullscreen":"1","layout":"right-sidebar","sidebar":"default-sidebar","second_sidebar":"default-sidebar","sticky_sidebar":"1","share_position":"top","share_float_style":"share-monocrhome","show_share_counter":"1","show_view_counter":"1","show_featured":"1","show_post_meta":"1","show_post_author":"1","show_post_author_image":"1","show_post_date":"1","post_date_format":"default","post_date_format_custom":"Y\/m\/d","show_post_category":"1","show_post_reading_time":"1","post_reading_time_wpm":"300","show_zoom_button":"1","zoom_button_out_step":"2","zoom_button_in_step":"3","show_post_tag":"1","show_prev_next_post":"1","show_popup_post":"1","number_popup_post":"1","show_author_box":"1","show_post_related":"1","show_inline_post_related":"0"}],"override_image_size":"0","image_override":[{"single_post_thumbnail_size":"crop-500","single_post_gallery_size":"crop-500"}],"trending_post":"0","trending_post_position":"meta","trending_post_label":"Trending","sponsored_post":"0","sponsored_post_label":"Sponsored by","sponsored_post_name":"","sponsored_post_url":"","sponsored_post_logo_enable":"0","sponsored_post_logo":"","sponsored_post_desc":"","disable_ad":"0"},"jnews_primary_category":{"id":"","hide":""},"jnews_social_meta":{"fb_title":"","fb_description":"","fb_image":"","twitter_title":"","twitter_description":"","twitter_image":""},"jnews_review":[],"enable_review":"0","type":"percentage","name":"","summary":"","brand":"","sku":"","good":[{"good_text":""}],"bad":[{"bad_text":""}],"score_override":"","override_value":"","rating":[{"rating_text":"","rating_number":"10"}],"price":[{"shop":"","price":"","link":"","icon":""}],"jnews_override_counter":{"override_view_counter":"0","view_counter_number":"0","override_share_counter":"0","share_counter_number":"0","override_like_counter":"0","like_counter_number":"0","override_dislike_counter":"0","dislike_counter_number":"0"},"jnews_post_split":{"enable_post_split":"0","post_split":[{"template":"1","tag":"h2","numbering":"asc","mode":"normal","first":"0","enable_toc":"0","toc_type":"normal"}]},"footnotes":""},"categories":[88,59],"tags":[],"class_list":["post-30115","post","type-post","status-publish","format-standard","has-post-thumbnail","hentry","category-internacionales","category-politica"],"_links":{"self":[{"href":"https:\/\/esreviral.com\/index.php?rest_route=\/wp\/v2\/posts\/30115","targetHints":{"allow":["GET"]}}],"collection":[{"href":"https:\/\/esreviral.com\/index.php?rest_route=\/wp\/v2\/posts"}],"about":[{"href":"https:\/\/esreviral.com\/index.php?rest_route=\/wp\/v2\/types\/post"}],"author":[{"embeddable":true,"href":"https:\/\/esreviral.com\/index.php?rest_route=\/wp\/v2\/users\/2"}],"replies":[{"embeddable":true,"href":"https:\/\/esreviral.com\/index.php?rest_route=%2Fwp%2Fv2%2Fcomments&post=30115"}],"version-history":[{"count":0,"href":"https:\/\/esreviral.com\/index.php?rest_route=\/wp\/v2\/posts\/30115\/revisions"}],"wp:featuredmedia":[{"embeddable":true,"href":"https:\/\/esreviral.com\/index.php?rest_route=\/wp\/v2\/media\/30117"}],"wp:attachment":[{"href":"https:\/\/esreviral.com\/index.php?rest_route=%2Fwp%2Fv2%2Fmedia&parent=30115"}],"wp:term":[{"taxonomy":"category","embeddable":true,"href":"https:\/\/esreviral.com\/index.php?rest_route=%2Fwp%2Fv2%2Fcategories&post=30115"},{"taxonomy":"post_tag","embeddable":true,"href":"https:\/\/esreviral.com\/index.php?rest_route=%2Fwp%2Fv2%2Ftags&post=30115"}],"curies":[{"name":"wp","href":"https:\/\/api.w.org\/{rel}","templated":true}]}}