{"id":30046,"date":"2023-01-24T06:00:23","date_gmt":"2023-01-24T11:00:23","guid":{"rendered":"https:\/\/esreviral.com\/?p=30046"},"modified":"2023-01-24T06:00:24","modified_gmt":"2023-01-24T11:00:24","slug":"una-nina-de-dos-anos-de-edad-fue-asesinada-en-merlo-la-madre-y-su-pareja-dijeron-en-el-hospital-que-se-habia-caido-de-la-cama","status":"publish","type":"post","link":"https:\/\/esreviral.com\/?p=30046","title":{"rendered":"Una ni\u00f1a de dos a\u00f1os de edad fue asesinada en Merlo: la madre y su pareja dijeron en el hospital que se hab\u00eda ca\u00eddo de la cama"},"content":{"rendered":"\n<p><\/p>\n\n\n\n<p>Una joven de 22 a\u00f1os llev\u00f3 a su\u00a0<strong>hija de dos a\u00f1os de edad muerta<\/strong>\u00a0al hospital H\u00e9roes de Malvinas de Merlo y asegur\u00f3 que se hab\u00eda ca\u00eddo de la cama. Sin embargo, los hematomas hicieron sospechar a los m\u00e9dicos y la autopsia confirm\u00f3 lo peor:\u00a0<strong>la ni\u00f1a\u00a0hab\u00eda sido asesinada<\/strong>. La madre de la v\u00edctima, al igual que su pareja, de 26 a\u00f1os, quedaron detenidos.<\/p>\n\n\n\n<p>Todo comenz\u00f3 el pasado jueves, cuando&nbsp;<strong>Milagros Esther Torres<\/strong>&nbsp;lleg\u00f3 al centro m\u00e9dico&nbsp;junto a su hija,&nbsp;<strong>Milena<\/strong>, quien&nbsp;no presentaba signos vitales. Seg\u00fan su relato, alrededor de las 22 de este martes, en su vivienda de la calle Jos\u00e9 Ingenieros al 1.200, en la localidad de Mariano Acosta, se descuid\u00f3 mientras cocinaba y Milena&nbsp;<strong>se cay\u00f3 de la cama donde estaba descansando<\/strong>. Al d\u00eda siguiente, tal como afirm\u00f3, ella se despert\u00f3 entre v\u00f3mitos y convulsiones.<\/p>\n\n\n\n<p>No obstante, las&nbsp;<strong>marcas en el cuerpo<\/strong>&nbsp;de la beba hicieron que los m\u00e9dicos dudaran de esa versi\u00f3n. Por eso, les comunicaron sus sospechas a la Polic\u00eda y, finalmente, la fiscal Alejandra Su\u00e1rez Corripio orden\u00f3 la autopsia.<\/p>\n\n\n\n<p>El resultado del an\u00e1lisis realizado por los forenses dej\u00f3 en evidencia el horror que Milena hab\u00eda sufrido en las \u00faltimas horas de su vida. Es que presentaba un\u00a0<strong>golpe en la cabeza muy fuerte<\/strong>, una\u00a0<strong>laceraci\u00f3n en el h\u00edgado con hemorragia interna<\/strong>, golpes en el abdomen y una fisura en la tibia de su pierna derecha que databa de hac\u00eda un mes.<\/p>\n\n\n\n<figure class=\"wp-block-image size-full\"><img fetchpriority=\"high\" decoding=\"async\" width=\"720\" height=\"809\" src=\"https:\/\/esreviral.com\/wp-content\/uploads\/2023\/01\/AnyConv.com__AnyConv.com__s5NT_JaZz_720x0__1png.webp\" alt=\"\" class=\"wp-image-30047\" srcset=\"https:\/\/esreviral.com\/wp-content\/uploads\/2023\/01\/AnyConv.com__AnyConv.com__s5NT_JaZz_720x0__1png.webp 720w, https:\/\/esreviral.com\/wp-content\/uploads\/2023\/01\/AnyConv.com__AnyConv.com__s5NT_JaZz_720x0__1png-267x300.webp 267w\" sizes=\"(max-width: 720px) 100vw, 720px\" \/><\/figure>\n\n\n\n<p><\/p>\n\n\n\n<p>Adem\u00e1s, concluyeron que&nbsp;<strong>la nena hab\u00eda agonizado durante toda la noche<\/strong>&nbsp;y que su muerte hab\u00eda ocurrido varias horas antes de que su mam\u00e1 la llevara al hospital.<\/p>\n\n\n\n<p>Tras conocerse el informe, la Justicia orden\u00f3 la detenci\u00f3n de Milagros Esther Torres y de su pareja y padrastro de la menor,&nbsp;<strong>Dar\u00edo Chamorro<\/strong>. Ella fue capturada mientras hac\u00eda los tr\u00e1mites del entierro. Ambos&nbsp;<strong>se negaron a brindar declaraciones<\/strong>&nbsp;durante la indagatoria.<\/p>\n\n\n\n<p>La mujer qued\u00f3 imputada\u00a0en una causa que fue recaratulada a\u00a0<strong>homicidio agravado por el v\u00ednculo<\/strong>\u00a0y que qued\u00f3 a cargo de la fiscal Adriana Elizabeth Su\u00e1rez Corripio, de la Unidad Funcional N\u00b0 8 de los tribunales de esa jurisdicci\u00f3n. En tanto, a Chamorro se lo acus\u00f3 del delito de\u00a0<strong>homicidio simple<\/strong>, dado que no es el padre biol\u00f3gico de la v\u00edctima.\u00a0<\/p>\n\n\n\n<figure class=\"wp-block-image size-full\"><img decoding=\"async\" width=\"720\" height=\"953\" src=\"https:\/\/esreviral.com\/wp-content\/uploads\/2023\/01\/AnyConv.com__AnyConv.com__rzSdw0npN_720x0__1png.webp\" alt=\"\" class=\"wp-image-30048\" srcset=\"https:\/\/esreviral.com\/wp-content\/uploads\/2023\/01\/AnyConv.com__AnyConv.com__rzSdw0npN_720x0__1png.webp 720w, https:\/\/esreviral.com\/wp-content\/uploads\/2023\/01\/AnyConv.com__AnyConv.com__rzSdw0npN_720x0__1png-227x300.webp 227w\" sizes=\"(max-width: 720px) 100vw, 720px\" \/><\/figure>\n\n\n\n<p><\/p>\n\n\n\n<p>Asimismo, la Justicia decidi\u00f3 reubicar a otro&nbsp;hijo de Chamorro, de 4 a\u00f1os. Seg\u00fan el acusado, \u00abla madre lo abandon\u00f3 cuando ten\u00eda un a\u00f1o porque se parec\u00eda mucho a \u00e9l y no quer\u00eda verlo m\u00e1s\u00bb. La misma determinaci\u00f3n se tom\u00f3 con el restante medio hermano menor de Milena, de un a\u00f1o. Ambos, seg\u00fan trascendi\u00f3, ten\u00edan signos de maltrato f\u00edsico.<\/p>\n\n\n\n<p>\u201cLos chicos no tienen lesiones visibles. Pero no est\u00e1n en el estado en el que uno est\u00e1 acostumbrado a ver a ciertos ni\u00f1os, complejo y de abandono\u201d, explicaron fuentes de la causa.&nbsp;<\/p>\n\n\n\n<p><strong><mark style=\"background-color:rgba(0, 0, 0, 0)\" class=\"has-inline-color has-vivid-red-color\">El caso de Lucio Dupuy: cu\u00e1ndo se conocer\u00e1 el veredicto<\/mark><\/strong><\/p>\n\n\n\n<p>El caso r\u00e1pidamente fue relacionado con\u00a0el\u00a0crimen de Lucio Dupuy\u00a0en La Pampa.\u00a0La fiscal\u00eda pidi\u00f3 que Abigail P\u00e1ez y Magdalena Esp\u00f3sito Valenti, las dos acusadas,\u00a0sean declaradas culpables del \u201c<strong>homicidio calificado y abuso sexual gravemente ultrajante<\/strong>\u201d y que se las condene a prisi\u00f3n perpetua.<\/p>\n\n\n\n<figure class=\"wp-block-image size-full\"><img decoding=\"async\" width=\"720\" height=\"378\" src=\"https:\/\/esreviral.com\/wp-content\/uploads\/2023\/01\/AnyConv.com__AnyConv.com__rW7bXhRMC_720x0__1png.webp\" alt=\"\" class=\"wp-image-30049\" srcset=\"https:\/\/esreviral.com\/wp-content\/uploads\/2023\/01\/AnyConv.com__AnyConv.com__rW7bXhRMC_720x0__1png.webp 720w, https:\/\/esreviral.com\/wp-content\/uploads\/2023\/01\/AnyConv.com__AnyConv.com__rW7bXhRMC_720x0__1png-300x158.webp 300w\" sizes=\"(max-width: 720px) 100vw, 720px\" \/><\/figure>\n\n\n\n<p>A su vez, la querella introdujo en su acusaci\u00f3n el agravante de \u00ab<strong>odio de g\u00e9nero<\/strong>\u00ab; en cambio, las defensas plantearon la hip\u00f3tesis de un hecho \u00abpreterintencional\u00bb. Es decir, cuando el agresor tiene intenciones de causar un da\u00f1o pero no la muerte.<\/p>\n\n\n\n<p>El debate se reanudar\u00e1 el jueves de la semana pr\u00f3xima cuando la jueza Alejandra Ongaro y sus vocales Andr\u00e9s Oli\u00e9 y Daniel S\u00e1ez Zamora decidir\u00e1n el\u00a0<strong>veredicto para las dos mujeres acusadas<\/strong>.<\/p>\n\n\n\n<p class=\"has-text-align-right\"><strong><em>Clarin.-<\/em><\/strong><\/p>\n","protected":false},"excerpt":{"rendered":"<p>La autopsia revel\u00f3 el horror que Milena sufri\u00f3 antes de su muerte. Milagros Torres (22) y Dar\u00edo Chamorro (26) quedaron detenidos.<\/p>\n","protected":false},"author":3,"featured_media":30050,"comment_status":"open","ping_status":"closed","sticky":false,"template":"","format":"standard","meta":{"jnews-multi-image_gallery":[],"jnews_single_post":{"subtitle":"","format":"standard","video":"","gallery":"","source_name":"","source_url":"","via_name":"","via_url":"","override_template":"0","override":[{"template":"4","single_blog_custom":"","parallax":"1","fullscreen":"1","layout":"right-sidebar","sidebar":"default-sidebar","second_sidebar":"default-sidebar","sticky_sidebar":"1","share_position":"top","share_float_style":"share-monocrhome","show_share_counter":"1","show_view_counter":"1","show_featured":"1","show_post_meta":"1","show_post_author":"1","show_post_author_image":"1","show_post_date":"1","post_date_format":"default","post_date_format_custom":"Y\/m\/d","show_post_category":"1","show_post_reading_time":"1","post_reading_time_wpm":"300","show_zoom_button":"1","zoom_button_out_step":"2","zoom_button_in_step":"3","show_post_tag":"1","show_prev_next_post":"1","show_popup_post":"1","number_popup_post":"1","show_author_box":"1","show_post_related":"1","show_inline_post_related":"0"}],"override_image_size":"0","image_override":[{"single_post_thumbnail_size":"crop-500","single_post_gallery_size":"crop-500"}],"trending_post":"0","trending_post_position":"meta","trending_post_label":"Trending","sponsored_post":"0","sponsored_post_label":"Sponsored by","sponsored_post_name":"","sponsored_post_url":"","sponsored_post_logo_enable":"0","sponsored_post_logo":"","sponsored_post_desc":"","disable_ad":"0"},"jnews_primary_category":{"id":"","hide":""},"jnews_social_meta":{"fb_title":"","fb_description":"","fb_image":"","twitter_title":"","twitter_description":"","twitter_image":""},"jnews_review":[],"enable_review":"0","type":"percentage","name":"","summary":"","brand":"","sku":"","good":[{"good_text":""}],"bad":[{"bad_text":""}],"score_override":"","override_value":"","rating":[{"rating_text":"","rating_number":"10"}],"price":[{"shop":"","price":"","link":"","icon":""}],"jnews_override_counter":{"override_view_counter":"0","view_counter_number":"0","override_share_counter":"0","share_counter_number":"0","override_like_counter":"0","like_counter_number":"0","override_dislike_counter":"0","dislike_counter_number":"0"},"jnews_post_split":{"enable_post_split":"0","post_split":[{"template":"1","tag":"h2","numbering":"asc","mode":"normal","first":"0","enable_toc":"0","toc_type":"normal"}]},"footnotes":""},"categories":[64],"tags":[44,282,6569,3277,3550,6568,45],"class_list":["post-30046","post","type-post","status-publish","format-standard","has-post-thumbnail","hentry","category-sucesos","tag-argentina","tag-homicidio","tag-hospital-heroes-de-malvinas","tag-maltrato-infantil","tag-merlo","tag-milagros-esther-torres","tag-noticias"],"_links":{"self":[{"href":"https:\/\/esreviral.com\/index.php?rest_route=\/wp\/v2\/posts\/30046","targetHints":{"allow":["GET"]}}],"collection":[{"href":"https:\/\/esreviral.com\/index.php?rest_route=\/wp\/v2\/posts"}],"about":[{"href":"https:\/\/esreviral.com\/index.php?rest_route=\/wp\/v2\/types\/post"}],"author":[{"embeddable":true,"href":"https:\/\/esreviral.com\/index.php?rest_route=\/wp\/v2\/users\/3"}],"replies":[{"embeddable":true,"href":"https:\/\/esreviral.com\/index.php?rest_route=%2Fwp%2Fv2%2Fcomments&post=30046"}],"version-history":[{"count":0,"href":"https:\/\/esreviral.com\/index.php?rest_route=\/wp\/v2\/posts\/30046\/revisions"}],"wp:featuredmedia":[{"embeddable":true,"href":"https:\/\/esreviral.com\/index.php?rest_route=\/wp\/v2\/media\/30050"}],"wp:attachment":[{"href":"https:\/\/esreviral.com\/index.php?rest_route=%2Fwp%2Fv2%2Fmedia&parent=30046"}],"wp:term":[{"taxonomy":"category","embeddable":true,"href":"https:\/\/esreviral.com\/index.php?rest_route=%2Fwp%2Fv2%2Fcategories&post=30046"},{"taxonomy":"post_tag","embeddable":true,"href":"https:\/\/esreviral.com\/index.php?rest_route=%2Fwp%2Fv2%2Ftags&post=30046"}],"curies":[{"name":"wp","href":"https:\/\/api.w.org\/{rel}","templated":true}]}}