{"id":30043,"date":"2023-01-24T05:40:59","date_gmt":"2023-01-24T10:40:59","guid":{"rendered":"https:\/\/esreviral.com\/?p=30043"},"modified":"2023-01-24T05:41:00","modified_gmt":"2023-01-24T10:41:00","slug":"la-sip-pide-pide-a-gobiernos-democraticos-que-exijan-fin-de-la-represion-en-nicaragua-cuba-y-venezuela","status":"publish","type":"post","link":"https:\/\/esreviral.com\/?p=30043","title":{"rendered":"\u00a0La SIP pide pide a gobiernos democr\u00e1ticos que exijan fin de la represi\u00f3n en Nicaragua, Cuba y Venezuela\u00a0"},"content":{"rendered":"\n<p><\/p>\n\n\n\n<p>La Sociedad Interamericana de Prensa (SIP) lament\u00f3 la presencia en la s\u00e9ptima cumbre de CELAC del presidente de Cuba, Miguel D\u00edaz-Canel, as\u00ed como la los cancilleres Denis Moncada de Nicaragua y Gil Pinto de Venezuela, al considerar que \u00abson los tres gobiernos m\u00e1s represores de las libertades de prensa y expresi\u00f3n y del periodismo en las Am\u00e9ricas\u00bb.<\/p>\n\n\n\n<p>La reuni\u00f3n de la Comunidad de Estados Latinoamericanos y Caribe\u00f1os comienza este martes en la capital argentina. Los dirigentes fueron invitados a Buenos Aires por el gobierno de Alberto Fern\u00e1ndez, quien es a su vez presidente pro tempore de CELAC.<\/p>\n\n\n\n<p>\u00abSi la invitaci\u00f3n obedece a cumplir el objetivo de promover el di\u00e1logo y el acuerdo pol\u00edtico en el continente, ello exig\u00eda un compromiso previo de cada integrante del foro regional de poner fin a la represi\u00f3n y a la violaci\u00f3n sistem\u00e1tica de los derechos humanos\u00bb, se\u00f1al\u00f3 la entidad que re\u00fane a m\u00e1s de 1.300 medios de todo el continente.<\/p>\n\n\n\n<p>Las tres dictaduras ocupan los \u00faltimos tres puestos de 22 pa\u00edses en el\u00a0\u00cdndice Chapultepec, un bar\u00f3metro que mide el estado de las libertades de prensa y expresi\u00f3n en las Am\u00e9ricas.<\/p>\n\n\n\n<p>El presidente de la SIP, Michael Greenspon, dijo: \u00abEstamos hablando de los tres gobiernos m\u00e1s represores de las libertades de prensa y expresi\u00f3n y del periodismo en las Am\u00e9ricas. Lamentamos que estos dirigentes que violan los derechos humanos y descreen de la democracia hayan sido invitados por una organizaci\u00f3n que, entre sus objetivos, incluye la promoci\u00f3n de un di\u00e1logo respetuoso capaz de construir consenso sobre temas de inter\u00e9s com\u00fan\u00bb, afirm\u00f3.<\/p>\n\n\n\n<p>Greenspon, director global de Licencias e Innovaci\u00f3n de Impresi\u00f3n,<em>&nbsp;The New York Times Company<\/em>, Estados Unidos, consider\u00f3 que habr\u00eda que revisar los est\u00e1ndares de la CELAC bajo la \u00f3ptica de la Carta Democr\u00e1tica Interamericana, que obliga a todos los pa\u00edses del continente a respetar las libertades de prensa y expresi\u00f3n. \u00abSin ese compromiso asumido, ning\u00fan gobierno puede ser considerado democr\u00e1tico\u00bb, subray\u00f3.<\/p>\n\n\n\n<p>El presidente de la Comisi\u00f3n de Libertad de Prensa e Informaci\u00f3n de la SIP, Carlos Jornet, dijo que los gobernantes democr\u00e1ticos de la regi\u00f3n, cualquiera sea su signo ideol\u00f3gico, deber\u00edan exigir a Nicaragua, Cuba y Venezuela \u00abque pongan freno a la represi\u00f3n contra periodistas, dirigentes sociales y disidentes pol\u00edticos\u00bb. \u00abLa democracia se basa en el respeto al pluralismo, el control ciudadano sobre quienes gobiernan, la periodicidad de los mandatos, el equilibrio de poderes, el libre acceso a informaci\u00f3n p\u00fablica y el respeto a los derechos humanos esenciales, entre los cuales la libertad de expresi\u00f3n es una pieza central\u00bb, sostuvo.<\/p>\n\n\n\n<p>Jornet, director period\u00edstico de&nbsp;<em>La Voz del Interior<\/em>, Argentina, agreg\u00f3: \u00abReiteramos nuestro reclamo a estos gobiernos para que liberen a decenas de presos de conciencia que fueron condenados en juicios sin derecho de defensa. Tambi\u00e9n a que cese la persecuci\u00f3n contra quienes se atreven a criticar las pol\u00edticas p\u00fablicas en esos pa\u00edses\u00bb.<\/p>\n\n\n\n<p>En las\u00a0Conclusiones de la 78 Asamblea General de SIP\u00a0realizada en octubre pasado en Madrid, la SIP fue contundente: \u00abEl\u00a0caso de Nicaragua, bajo el r\u00e9gimen de Daniel Ortega, sigue siendo el m\u00e1s alarmante. Seis periodistas condenados permanecen privados de su libertad desde hace m\u00e1s de un a\u00f1o. Son m\u00e1s de 150 los que han salido al exilio en los \u00faltimos cuatro a\u00f1os. El gobierno continu\u00f3 cerrando medios, entre ellos varias radioemisoras de la Iglesia Cat\u00f3lica, y cort\u00f3 la se\u00f1al de CNN en espa\u00f1ol\u00bb.<\/p>\n\n\n\n<p>Sobre Cuba, la SIP expres\u00f3: \u00abEs otro protagonista cr\u00edtico de exilios y detenciones que lesionan gravemente la libertad de expresi\u00f3n. Un periodista y dos &#8216;influencers&#8217; y cuatro ciudadanos est\u00e1n detenidos por cr\u00edticas al gobierno en redes sociales. Tres periodistas independientes se exiliaron y a otros 20 se les &#8216;ofert\u00f3&#8217; la opci\u00f3n de salir del pa\u00eds, con la amenaza de no regresar\u00bb.<\/p>\n\n\n\n<p>\u00abEn Venezuela, el gobierno de Nicol\u00e1s Maduro cerr\u00f3 41 radioemisoras. Tambi\u00e9n intensific\u00f3 su ofensiva contra el libre acceso a la informaci\u00f3n mediante el bloqueo de sitios de internet de medios nacionales e internacionales. Para lograrlo, orden\u00f3 a las compa\u00f1\u00edas telef\u00f3nicas, oficiales y privadas, sacar del aire esos sitios web, lo cual abri\u00f3 una controversia sobre el papel de Movistar, filial de la multinacional Telef\u00f3nica, en el cumplimiento a este tipo de intervenciones antidemocr\u00e1ticas\u00bb.<\/p>\n\n\n\n<p><strong><u><mark style=\"background-color:rgba(0, 0, 0, 0)\" class=\"has-inline-color has-vivid-red-color\">Andamiaje represivo<\/mark><\/u><\/strong><\/p>\n\n\n\n<p>El \u00faltimo informe semestral sobre libertad de prensa de la SIP evidencia el clima de persecuci\u00f3n contra el periodismo independiente en los tres pa\u00edses. A continuaci\u00f3n, algunos extractos de esos informes.<\/p>\n\n\n\n<p><strong><mark style=\"background-color:rgba(0, 0, 0, 0)\" class=\"has-inline-color has-vivid-red-color\">Cuba<\/mark>:<\/strong>\u00a0\u00abLa represi\u00f3n constante, el hundimiento progresivo de la econom\u00eda y el mayor \u00e9xodo de la historia marcan la vida de la prensa independiente. Sobre todo, se mantiene el andamiaje represivo contra la libertad de prensa, que involucra al sistema legal y de justicia, la represi\u00f3n policial, la propaganda por los medios estatales y el control de las telecomunicaciones.<\/p>\n\n\n\n<p>\u00abCumple cinco a\u00f1os de prisi\u00f3n, en grave estado de salud, el reportero L\u00e1zaro Yuri Valle Roca, condenado por filmar y publicar el lanzamiento de octavillas con frases patriotas en una calle habanera. &#8216;Propaganda enemiga de car\u00e1cter continuado y resistencia&#8217;, son los motivos legales de su condena. Varios ciudadanos permanecen encarcelados por haber filmado protestas populares, como un youtuber que se burl\u00f3 del presidente Miguel D\u00edaz-Canel y fue condenado por desacato a la autoridad\u00bb.\u00a0<\/p>\n\n\n\n<p><strong><mark style=\"background-color:rgba(0, 0, 0, 0)\" class=\"has-inline-color has-vivid-red-color\">Nicaragua:<\/mark><\/strong>\u00a0\u00abLa dictadura de Daniel Ortega sigue barriendo sin descanso todo vestigio de libertad de prensa. En este per\u00edodo usurp\u00f3 las instalaciones de La Prensa, cerr\u00f3 la se\u00f1al de CNN, clausur\u00f3 varias radioemisoras de la Iglesia Cat\u00f3lica y cancel\u00f3 las operaciones de cientos de organizaciones no gubernamentales.<\/p>\n\n\n\n<p>\u00abAntes, el r\u00e9gimen hab\u00eda confiscado los medios Confidencial y 100% Noticias, cuyas sedes fueron convertidas en una casa materna y en un centro de atenci\u00f3n para adictos, respectivamente. El gerente general de La Prensa, Juan Lorenzo Holmann, permanece en prisi\u00f3n desde hace 18 meses. Otros dos miembros de su junta directiva, Cristiana Chamorro y Pedro Joaqu\u00edn Chamorro, cumplen sus condenas en arresto domiciliario. Tambi\u00e9n las autoridades detuvieron a dos choferes del medio y acusaron a cuatro empleados m\u00e1s. En julio, todos los integrantes de la sala de Redacci\u00f3n, 15 personas, debieron salir del pa\u00eds por temor a las amenazas y represalias del r\u00e9gimen. Se calcula en m\u00e1s de 150 los periodistas que se exiliaron desde la sangrienta represi\u00f3n de abril de 2018.<\/p>\n\n\n\n<p>\u00abTambi\u00e9n contin\u00faan presos los periodistas Miguel Mora, fundador y director del canal 100% Noticias, y Miguel Mendoza, cronista deportivo, sentenciados a 13 y nueve a\u00f1os de c\u00e1rcel, respectivamente. Sus familias denunciaron las deplorables condiciones carcelarias y el deterioro de su salud. El comentarista televisivo Jaime Arellano cumple su condena de 13 a\u00f1os en arresto domiciliario. El r\u00e9gimen exhibi\u00f3 en los medios oficiales a 27 prisioneros pol\u00edticos encarcelados desde hace m\u00e1s de un a\u00f1o, entre ellos Mora, Mendoza y Holmann. Todos con marcado deterioro de la salud y p\u00e9rdida de peso\u00bb.\u00a0<\/p>\n\n\n\n<p><strong><mark style=\"background-color:rgba(0, 0, 0, 0)\" class=\"has-inline-color has-vivid-red-color\">Venezuela:<\/mark><\/strong>\u00a0\u00abEn este per\u00edodo se puede afirmar que dej\u00f3 de existir el periodismo independiente en el pa\u00eds, desde que el gobierno increment\u00f3 la represi\u00f3n a la labor de los periodistas y aument\u00f3 la censura mediante el bloqueo y cierre de medios digitales y radioemisoras.<\/p>\n\n\n\n<p>\u00abDesde hace tiempo pr\u00e1cticamente desapareci\u00f3 la prensa. Adquirir papel prensa es imposible. No hay imprenta que quiera o pueda producir una publicaci\u00f3n con noticias contrarias a los intereses del r\u00e9gimen.<\/p>\n\n\n\n<p>\u00abLa radio y la televisi\u00f3n independientes est\u00e1n sometidas a la Ley Resorte (Ley de Responsabilidad Social en Radio y Televisi\u00f3n), una norma discrecional y punitiva que da poderes ilimitados al \u00f3rgano regulador para que imponga censura absoluta. El r\u00e9gimen determin\u00f3 el cierre de 41 estaciones de radio en todo el pa\u00eds, no todas noticiosas. Cualquier pretexto se utiliza para anular las concesiones y traspasarlas a personas vinculadas al gobierno.<\/p>\n\n\n\n<p>\u00abEl bloqueo de p\u00e1ginas noticiosas en internet es masivo. Seg\u00fan la organizaci\u00f3n VE sin Filtro, desde 2021 fueron bloqueados 59 sitios web de 68 dominios, entre ellos 45 medios de comunicaci\u00f3n, ocho portales con contenido pol\u00edtico, cuatro de contenido multimedia y tres de organizaciones de derechos humanos. Entre los medios internacionales bloqueados figuran CNN, Infobae y NTN24. Conatel, el \u00f3rgano regulador, bloquea las p\u00e1ginas a trav\u00e9s de las tres compa\u00f1\u00edas telef\u00f3nicas, proveedoras de internet: la estatal CANTV; Digitel, empresa privada nacional, cuyos due\u00f1os son los herederos de Oswaldo Cisneros, y la multinacional espa\u00f1ola Telef\u00f3nica\u00bb.<\/p>\n\n\n\n<p class=\"has-text-align-right\"><strong><em>Prensa SIP.-<\/em><\/strong><\/p>\n","protected":false},"excerpt":{"rendered":"<p>La entidad lamenta que representantes de esos pa\u00edses hayan sido invitados al encuentro que comienza este martes en Argentina.<\/p>\n","protected":false},"author":3,"featured_media":30044,"comment_status":"open","ping_status":"closed","sticky":false,"template":"","format":"standard","meta":{"jnews-multi-image_gallery":[],"jnews_single_post":{"subtitle":"","format":"standard","video":"","gallery":"","source_name":"","source_url":"","via_name":"","via_url":"","override_template":"0","override":[{"template":"4","single_blog_custom":"","parallax":"1","fullscreen":"1","layout":"right-sidebar","sidebar":"default-sidebar","second_sidebar":"default-sidebar","sticky_sidebar":"1","share_position":"top","share_float_style":"share-monocrhome","show_share_counter":"1","show_view_counter":"1","show_featured":"1","show_post_meta":"1","show_post_author":"1","show_post_author_image":"1","show_post_date":"1","post_date_format":"default","post_date_format_custom":"Y\/m\/d","show_post_category":"1","show_post_reading_time":"1","post_reading_time_wpm":"300","show_zoom_button":"1","zoom_button_out_step":"2","zoom_button_in_step":"3","show_post_tag":"1","show_prev_next_post":"1","show_popup_post":"1","number_popup_post":"1","show_author_box":"1","show_post_related":"1","show_inline_post_related":"0"}],"override_image_size":"0","image_override":[{"single_post_thumbnail_size":"crop-500","single_post_gallery_size":"crop-500"}],"trending_post":"0","trending_post_position":"meta","trending_post_label":"Trending","sponsored_post":"0","sponsored_post_label":"Sponsored by","sponsored_post_name":"","sponsored_post_url":"","sponsored_post_logo_enable":"0","sponsored_post_logo":"","sponsored_post_desc":"","disable_ad":"0"},"jnews_primary_category":{"id":"","hide":""},"jnews_social_meta":{"fb_title":"","fb_description":"","fb_image":"","twitter_title":"","twitter_description":"","twitter_image":""},"jnews_review":[],"enable_review":"0","type":"percentage","name":"","summary":"","brand":"","sku":"","good":[{"good_text":""}],"bad":[{"bad_text":""}],"score_override":"","override_value":"","rating":[{"rating_text":"","rating_number":"10"}],"price":[{"shop":"","price":"","link":"","icon":""}],"jnews_override_counter":{"override_view_counter":"0","view_counter_number":"0","override_share_counter":"0","share_counter_number":"0","override_like_counter":"0","like_counter_number":"0","override_dislike_counter":"0","dislike_counter_number":"0"},"jnews_post_split":{"enable_post_split":"0","post_split":[{"template":"1","tag":"h2","numbering":"asc","mode":"normal","first":"0","enable_toc":"0","toc_type":"normal"}]},"footnotes":""},"categories":[88],"tags":[957,6540,1289,3641,6566,895,1550,45,2511,6565,308,2904,56],"class_list":["post-30043","post","type-post","status-publish","format-standard","has-post-thumbnail","hentry","category-internacionales","tag-cuba","tag-cumbre-de-celac","tag-daniel-ortega","tag-libertad-de-prensa","tag-miguel-diaz-canel-2","tag-nicaragua","tag-nicolas-maduro-2","tag-noticias","tag-periodismo","tag-represion","tag-sip","tag-sociedad-interamericana-de-prensa","tag-venezuela"],"_links":{"self":[{"href":"https:\/\/esreviral.com\/index.php?rest_route=\/wp\/v2\/posts\/30043","targetHints":{"allow":["GET"]}}],"collection":[{"href":"https:\/\/esreviral.com\/index.php?rest_route=\/wp\/v2\/posts"}],"about":[{"href":"https:\/\/esreviral.com\/index.php?rest_route=\/wp\/v2\/types\/post"}],"author":[{"embeddable":true,"href":"https:\/\/esreviral.com\/index.php?rest_route=\/wp\/v2\/users\/3"}],"replies":[{"embeddable":true,"href":"https:\/\/esreviral.com\/index.php?rest_route=%2Fwp%2Fv2%2Fcomments&post=30043"}],"version-history":[{"count":0,"href":"https:\/\/esreviral.com\/index.php?rest_route=\/wp\/v2\/posts\/30043\/revisions"}],"wp:featuredmedia":[{"embeddable":true,"href":"https:\/\/esreviral.com\/index.php?rest_route=\/wp\/v2\/media\/30044"}],"wp:attachment":[{"href":"https:\/\/esreviral.com\/index.php?rest_route=%2Fwp%2Fv2%2Fmedia&parent=30043"}],"wp:term":[{"taxonomy":"category","embeddable":true,"href":"https:\/\/esreviral.com\/index.php?rest_route=%2Fwp%2Fv2%2Fcategories&post=30043"},{"taxonomy":"post_tag","embeddable":true,"href":"https:\/\/esreviral.com\/index.php?rest_route=%2Fwp%2Fv2%2Ftags&post=30043"}],"curies":[{"name":"wp","href":"https:\/\/api.w.org\/{rel}","templated":true}]}}