{"id":30038,"date":"2023-01-23T17:58:57","date_gmt":"2023-01-23T22:58:57","guid":{"rendered":"https:\/\/esreviral.com\/?p=30038"},"modified":"2023-01-23T17:58:59","modified_gmt":"2023-01-23T22:58:59","slug":"lula-da-silva-pidio-respeto-por-venezuela-y-se-cuestiono-la-designacion-de-guaido-como-presidente-interino","status":"publish","type":"post","link":"https:\/\/esreviral.com\/?p=30038","title":{"rendered":"Lula Da Silva pidi\u00f3 respeto por Venezuela y se cuestion\u00f3 la designaci\u00f3n de Guaid\u00f3 como presidente interino"},"content":{"rendered":"\n<p>El presidente de Brasil, Luis Inacio Lula Da Silva, fiel amigo del gobierno de Hugo Ch\u00e1vez y ahora de Nicol\u00e1s Maduro, defendi\u00f3 las relaciones diplom\u00e1ticas entre ambas naciones y asegur\u00f3 que en marzo se restablecer\u00e1n, adem\u00e1s rechaz\u00f3 la \u00abinjerencia extranjera\u00bb en problemas nacionales. <\/p>\n\n\n\n<p>\u00abFue un error reconocer a un tipo que <strong>no hab\u00eda sido electo como presidente que fue Guaid\u00f3.<\/strong> Ese sujeto estuvo ejerciendo el papel sin serlo. <strong>Hasta las reservas de oro venezolanas depositadas en un banco ingl\u00e9s, a \u00e9l se le dio la garant\u00eda<\/strong> de ese dinero, entonces pregunto, \u00bfqui\u00e9n est\u00e1 equivocado.?\u00bb <\/p>\n\n\n\n<p><strong>\u00abBrasil va a restablecer las relaciones diplom\u00e1ticas con Venezuela. Queremos que Venezuela tenga embajada en Brasil, que Brasil tenga embajada en Venezuela y vamos a establecer una relaci\u00f3n civilizada entre dos estados aut\u00f3nomos, libres e independientes\u00bb, afirm\u00f3.<\/strong><\/p>\n\n\n\n<p>\u00abPara resolver el problema de Venezuela se necesita di\u00e1logo, no bloqueos\u00bb, coment\u00f3 en medio de la rueda de prensa desde la Casa Rosada argentina, \u00ab<strong>se va a resolver con di\u00e1logo y no con amenazas de ocupaci\u00f3n\u00bb,<\/strong> dijo Lula, quien volvi\u00f3 a criticar el embargo econ\u00f3mico impuesto por Estados Unidos a Cuba.<\/p>\n\n\n\n<p>Asimismo rechaz\u00f3 la \u00abinvasi\u00f3n al territorio ucraniano\u00bb.<\/p>\n\n\n\n<p><\/p>\n\n\n\n<figure class=\"wp-block-embed is-type-rich is-provider-twitter wp-block-embed-twitter\"><div class=\"wp-block-embed__wrapper\">\n<blockquote class=\"twitter-tweet\" data-width=\"500\" data-dnt=\"true\"><p lang=\"es\" dir=\"ltr\">Presidente de Brasil \ud83c\udde7\ud83c\uddf7, Luis Lula Da Silva, arremeti\u00f3 contra Juan Guaid\u00f3 y prometi\u00f3 restablecer las relaciones con Venezuela \ud83c\uddfb\ud83c\uddea <a href=\"https:\/\/twitter.com\/hashtag\/23ene?src=hash&amp;ref_src=twsrc%5Etfw\">#23ene<\/a> <a href=\"https:\/\/t.co\/BF0xy30zBF\">pic.twitter.com\/BF0xy30zBF<\/a><\/p>&mdash; ES RE VIRAL (@esreviral) <a href=\"https:\/\/twitter.com\/esreviral\/status\/1617657009238839296?ref_src=twsrc%5Etfw\">January 23, 2023<\/a><\/blockquote><script async src=\"https:\/\/platform.twitter.com\/widgets.js\" charset=\"utf-8\"><\/script>\n<\/div><\/figure>\n","protected":false},"excerpt":{"rendered":"<p>El presidente de Brasil, Luis Inacio Lula Da Silva, fiel amigo del gobierno de Hugo Ch\u00e1vez y ahora de Nicol\u00e1s Maduro, defendi\u00f3 las relaciones diplom\u00e1ticas entre ambas naciones y asegur\u00f3 que en marzo se restablecer\u00e1n, adem\u00e1s rechaz\u00f3 la \u00abinjerencia extranjera\u00bb en problemas nacionales. \u00abFue un error reconocer a un tipo que no hab\u00eda sido electo [&hellip;]<\/p>\n","protected":false},"author":2,"featured_media":30039,"comment_status":"open","ping_status":"closed","sticky":false,"template":"","format":"standard","meta":{"jnews-multi-image_gallery":[],"jnews_single_post":{"subtitle":"","format":"standard","video":"","gallery":"","source_name":"","source_url":"","via_name":"","via_url":"","override_template":"0","override":[{"template":"4","single_blog_custom":"","parallax":"1","fullscreen":"1","layout":"right-sidebar","sidebar":"default-sidebar","second_sidebar":"default-sidebar","sticky_sidebar":"1","share_position":"top","share_float_style":"share-monocrhome","show_share_counter":"1","show_view_counter":"1","show_featured":"1","show_post_meta":"1","show_post_author":"1","show_post_author_image":"1","show_post_date":"1","post_date_format":"default","post_date_format_custom":"Y\/m\/d","show_post_category":"1","show_post_reading_time":"1","post_reading_time_wpm":"300","show_zoom_button":"1","zoom_button_out_step":"2","zoom_button_in_step":"3","show_post_tag":"1","show_prev_next_post":"1","show_popup_post":"1","number_popup_post":"1","show_author_box":"1","show_post_related":"1","show_inline_post_related":"0"}],"override_image_size":"0","image_override":[{"single_post_thumbnail_size":"crop-500","single_post_gallery_size":"crop-500"}],"trending_post":"0","trending_post_position":"meta","trending_post_label":"Trending","sponsored_post":"0","sponsored_post_label":"Sponsored by","sponsored_post_name":"","sponsored_post_url":"","sponsored_post_logo_enable":"0","sponsored_post_logo":"","sponsored_post_desc":"","disable_ad":"0"},"jnews_primary_category":{"id":"","hide":""},"jnews_social_meta":{"fb_title":"","fb_description":"","fb_image":"","twitter_title":"","twitter_description":"","twitter_image":""},"jnews_review":[],"enable_review":"0","type":"percentage","name":"","summary":"","brand":"","sku":"","good":[{"good_text":""}],"bad":[{"bad_text":""}],"score_override":"","override_value":"","rating":[{"rating_text":"","rating_number":"10"}],"price":[{"shop":"","price":"","link":"","icon":""}],"jnews_override_counter":{"override_view_counter":"0","view_counter_number":"0","override_share_counter":"0","share_counter_number":"0","override_like_counter":"0","like_counter_number":"0","override_dislike_counter":"0","dislike_counter_number":"0"},"jnews_post_split":{"enable_post_split":"0","post_split":[{"template":"1","tag":"h2","numbering":"asc","mode":"normal","first":"0","enable_toc":"0","toc_type":"normal"}]},"footnotes":""},"categories":[88,59],"tags":[44,227,1489,3824,45],"class_list":["post-30038","post","type-post","status-publish","format-standard","has-post-thumbnail","hentry","category-internacionales","category-politica","tag-argentina","tag-brasil","tag-guaido-2","tag-lula-da-silva","tag-noticias"],"amp_enabled":true,"_links":{"self":[{"href":"https:\/\/esreviral.com\/index.php?rest_route=\/wp\/v2\/posts\/30038"}],"collection":[{"href":"https:\/\/esreviral.com\/index.php?rest_route=\/wp\/v2\/posts"}],"about":[{"href":"https:\/\/esreviral.com\/index.php?rest_route=\/wp\/v2\/types\/post"}],"author":[{"embeddable":true,"href":"https:\/\/esreviral.com\/index.php?rest_route=\/wp\/v2\/users\/2"}],"replies":[{"embeddable":true,"href":"https:\/\/esreviral.com\/index.php?rest_route=%2Fwp%2Fv2%2Fcomments&post=30038"}],"version-history":[{"count":0,"href":"https:\/\/esreviral.com\/index.php?rest_route=\/wp\/v2\/posts\/30038\/revisions"}],"wp:featuredmedia":[{"embeddable":true,"href":"https:\/\/esreviral.com\/index.php?rest_route=\/wp\/v2\/media\/30039"}],"wp:attachment":[{"href":"https:\/\/esreviral.com\/index.php?rest_route=%2Fwp%2Fv2%2Fmedia&parent=30038"}],"wp:term":[{"taxonomy":"category","embeddable":true,"href":"https:\/\/esreviral.com\/index.php?rest_route=%2Fwp%2Fv2%2Fcategories&post=30038"},{"taxonomy":"post_tag","embeddable":true,"href":"https:\/\/esreviral.com\/index.php?rest_route=%2Fwp%2Fv2%2Ftags&post=30038"}],"curies":[{"name":"wp","href":"https:\/\/api.w.org\/{rel}","templated":true}]}}