{"id":30033,"date":"2023-01-23T17:17:06","date_gmt":"2023-01-23T22:17:06","guid":{"rendered":"https:\/\/esreviral.com\/?p=30033"},"modified":"2023-01-23T17:19:18","modified_gmt":"2023-01-23T22:19:18","slug":"el-re-viral-error-del-presidente-fernandez-al-mencionar-a-maduro","status":"publish","type":"post","link":"https:\/\/esreviral.com\/?p=30033","title":{"rendered":"El Re Viral error del presidente Fern\u00e1ndez al mencionar a Maduro"},"content":{"rendered":"\n<p>El presidente de\u00a0<a href=\"https:\/\/www.instagram.com\/explore\/tags\/argentina\/\">Argentina,<\/a>\u00a0Alberto Fern\u00e1ndez volvi\u00f3 a cometer un error en medio de sus declaraciones y es que al ser interrogado sobre la posible llegada de Maduro al pa\u00eds para participar en la\u00a0<a href=\"https:\/\/www.instagram.com\/explore\/tags\/celac\/\">#celac<\/a>\u00a0, respondi\u00f3 que no ten\u00eda noticias \u201csi el presidente Ch\u00e1vez vendr\u00e1\u201d.+<\/p>\n\n\n\n<p>Previamente hab\u00eda declarado que <strong>su preocupaci\u00f3n \u00abdebe ser favorecer el di\u00e1logo entre los venezolanos, que los<\/strong> <strong>venezolanos recuperen la convivencia democr\u00e1tica y sus derechos sean respetados\u201d<\/strong>. <\/p>\n\n\n\n<p>Tambi\u00e9n se refiri\u00f3 a los frutos que ha dado el di\u00e1logo en M\u00e9xico entre la oposici\u00f3n y el oficialismo y puso como ejemplo las \u00ablibres\u00bb elecciones en las que el chavismo perdi\u00f3 \u00abel distrito donde naci\u00f3 Ch\u00e1vez\u00bb. <\/p>\n\n\n\n<p>R\u00e1pidamente acomod\u00f3 el error. Tambi\u00e9n afirm\u00f3 que la inflaci\u00f3n en el pa\u00eds<strong> \u201cest\u00e1 en la cabeza de la gente\u201d.<\/strong><\/p>\n\n\n\n<p>Lea tambi\u00e9n: <\/p>\n\n\n\n<p><a href=\"https:\/\/esreviral.com\/maduro-denuncio-un-plan-de-la-derecha-neofacista-y-no-vendra-a-argentina\/\">Maduro denunci\u00f3 un \u00abplan de la derecha neofacista\u00bb y no vendr\u00e1 a Argentina<\/a><\/p>\n\n\n\n<figure class=\"wp-block-embed is-type-rich is-provider-twitter wp-block-embed-twitter\"><div class=\"wp-block-embed__wrapper\">\n<blockquote class=\"twitter-tweet\" data-width=\"500\" data-dnt=\"true\"><p lang=\"es\" dir=\"ltr\">El error que cometi\u00f3 el presidente Alberto Fern\u00e1ndez en medio de la rueda de prensa  <a href=\"https:\/\/twitter.com\/hashtag\/23ene?src=hash&amp;ref_src=twsrc%5Etfw\">#23ene<\/a> <a href=\"https:\/\/t.co\/m07Uk4SD82\">pic.twitter.com\/m07Uk4SD82<\/a><\/p>&mdash; ES RE VIRAL (@esreviral) <a href=\"https:\/\/twitter.com\/esreviral\/status\/1617645182731837442?ref_src=twsrc%5Etfw\">January 23, 2023<\/a><\/blockquote><script async src=\"https:\/\/platform.twitter.com\/widgets.js\" charset=\"utf-8\"><\/script>\n<\/div><\/figure>\n","protected":false},"excerpt":{"rendered":"<p>El presidente de\u00a0Argentina,\u00a0Alberto Fern\u00e1ndez volvi\u00f3 a cometer un error en medio de sus declaraciones y es que al ser interrogado sobre la posible llegada de Maduro al pa\u00eds para participar en la\u00a0#celac\u00a0, respondi\u00f3 que no ten\u00eda noticias \u201csi el presidente Ch\u00e1vez vendr\u00e1\u201d.+ Previamente hab\u00eda declarado que su preocupaci\u00f3n \u00abdebe ser favorecer el di\u00e1logo entre los [&hellip;]<\/p>\n","protected":false},"author":2,"featured_media":30034,"comment_status":"open","ping_status":"closed","sticky":false,"template":"","format":"standard","meta":{"jnews-multi-image_gallery":[],"jnews_single_post":{"subtitle":"","format":"standard","video":"","gallery":"","source_name":"","source_url":"","via_name":"","via_url":"","override_template":"0","override":[{"template":"4","single_blog_custom":"","parallax":"1","fullscreen":"1","layout":"right-sidebar","sidebar":"default-sidebar","second_sidebar":"default-sidebar","sticky_sidebar":"1","share_position":"top","share_float_style":"share-monocrhome","show_share_counter":"1","show_view_counter":"1","show_featured":"1","show_post_meta":"1","show_post_author":"1","show_post_author_image":"1","show_post_date":"1","post_date_format":"default","post_date_format_custom":"Y\/m\/d","show_post_category":"1","show_post_reading_time":"1","post_reading_time_wpm":"300","show_zoom_button":"1","zoom_button_out_step":"2","zoom_button_in_step":"3","show_post_tag":"1","show_prev_next_post":"1","show_popup_post":"1","number_popup_post":"1","show_author_box":"1","show_post_related":"1","show_inline_post_related":"0"}],"override_image_size":"0","image_override":[{"single_post_thumbnail_size":"crop-500","single_post_gallery_size":"crop-500"}],"trending_post":"0","trending_post_position":"meta","trending_post_label":"Trending","sponsored_post":"0","sponsored_post_label":"Sponsored by","sponsored_post_name":"","sponsored_post_url":"","sponsored_post_logo_enable":"0","sponsored_post_logo":"","sponsored_post_desc":"","disable_ad":"0"},"jnews_primary_category":{"id":"","hide":""},"jnews_social_meta":{"fb_title":"","fb_description":"","fb_image":"","twitter_title":"","twitter_description":"","twitter_image":""},"jnews_review":[],"enable_review":"0","type":"percentage","name":"","summary":"","brand":"","sku":"","good":[{"good_text":""}],"bad":[{"bad_text":""}],"score_override":"","override_value":"","rating":[{"rating_text":"","rating_number":"10"}],"price":[{"shop":"","price":"","link":"","icon":""}],"jnews_override_counter":{"override_view_counter":"0","view_counter_number":"0","override_share_counter":"0","share_counter_number":"0","override_like_counter":"0","like_counter_number":"0","override_dislike_counter":"0","dislike_counter_number":"0"},"jnews_post_split":{"enable_post_split":"0","post_split":[{"template":"1","tag":"h2","numbering":"asc","mode":"normal","first":"0","enable_toc":"0","toc_type":"normal"}]},"footnotes":""},"categories":[58,59],"tags":[86,44,6492],"class_list":["post-30033","post","type-post","status-publish","format-standard","has-post-thumbnail","hentry","category-argentina","category-politica","tag-alberto-fernandez","tag-argentina","tag-cumbre-del-celac"],"amp_enabled":true,"_links":{"self":[{"href":"https:\/\/esreviral.com\/index.php?rest_route=\/wp\/v2\/posts\/30033"}],"collection":[{"href":"https:\/\/esreviral.com\/index.php?rest_route=\/wp\/v2\/posts"}],"about":[{"href":"https:\/\/esreviral.com\/index.php?rest_route=\/wp\/v2\/types\/post"}],"author":[{"embeddable":true,"href":"https:\/\/esreviral.com\/index.php?rest_route=\/wp\/v2\/users\/2"}],"replies":[{"embeddable":true,"href":"https:\/\/esreviral.com\/index.php?rest_route=%2Fwp%2Fv2%2Fcomments&post=30033"}],"version-history":[{"count":0,"href":"https:\/\/esreviral.com\/index.php?rest_route=\/wp\/v2\/posts\/30033\/revisions"}],"wp:featuredmedia":[{"embeddable":true,"href":"https:\/\/esreviral.com\/index.php?rest_route=\/wp\/v2\/media\/30034"}],"wp:attachment":[{"href":"https:\/\/esreviral.com\/index.php?rest_route=%2Fwp%2Fv2%2Fmedia&parent=30033"}],"wp:term":[{"taxonomy":"category","embeddable":true,"href":"https:\/\/esreviral.com\/index.php?rest_route=%2Fwp%2Fv2%2Fcategories&post=30033"},{"taxonomy":"post_tag","embeddable":true,"href":"https:\/\/esreviral.com\/index.php?rest_route=%2Fwp%2Fv2%2Ftags&post=30033"}],"curies":[{"name":"wp","href":"https:\/\/api.w.org\/{rel}","templated":true}]}}