{"id":29964,"date":"2023-01-23T05:53:22","date_gmt":"2023-01-23T10:53:22","guid":{"rendered":"https:\/\/esreviral.com\/?p=29964"},"modified":"2023-01-23T05:53:23","modified_gmt":"2023-01-23T10:53:23","slug":"fallecio-el-padre-de-maria-corina-machado-a-los-92-anos-de-edad","status":"publish","type":"post","link":"https:\/\/esreviral.com\/?p=29964","title":{"rendered":"Falleci\u00f3 el padre de Mar\u00eda Corina Machado a los 92 a\u00f1os de edad"},"content":{"rendered":"\n<p><\/p>\n\n\n\n<p>Este domingo 22 de enero falleci\u00f3 en Caracas, a los 92 a\u00f1os de edad, el empresario y promotor cultural y educativo Henrique Machado Zuloaga, padre de la dirigente pol\u00edtica Mar\u00eda Corina Machado. As\u00ed lo inform\u00f3 el partido pol\u00edtico Vente Venezuela a trav\u00e9s de sus redes sociales.<\/p>\n\n\n\n<p>\u201cCon mucho pesar informamos el fallecimiento del se\u00f1or Henrique Machado Zuloaga, padre de nuestra Coordinadora Nacional, Mar\u00eda Corina Machado. A ella, a su esposa Corina, a sus hijas y nietos, nuestro abrazo y fortaleza en este momento\u201d, escribi\u00f3 la organizaci\u00f3n pol\u00edtica en su cuenta de Twitter.<\/p>\n\n\n\n<figure class=\"wp-block-embed is-type-rich is-provider-twitter wp-block-embed-twitter\"><div class=\"wp-block-embed__wrapper\">\n<blockquote class=\"twitter-tweet\" data-width=\"500\" data-dnt=\"true\"><p lang=\"es\" dir=\"ltr\">Con mucho pesar informamos el fallecimiento del se\u00f1or Henrique Machado Zuloaga, padre de nuestra Coordinadora Nacional, Mar\u00eda Corina Machado (<a href=\"https:\/\/twitter.com\/MariaCorinaYA?ref_src=twsrc%5Etfw\">@MariaCorinaYA<\/a>). <br><br>A ella, a su esposa Corina, a sus hijas y nietos, nuestro abrazo y fortaleza en este momento. <a href=\"https:\/\/t.co\/L8o7XKd3BZ\">pic.twitter.com\/L8o7XKd3BZ<\/a><\/p>&mdash; Vente Venezuela (@VenteVenezuela) <a href=\"https:\/\/twitter.com\/VenteVenezuela\/status\/1617184340126867456?ref_src=twsrc%5Etfw\">January 22, 2023<\/a><\/blockquote><script async src=\"https:\/\/platform.twitter.com\/widgets.js\" charset=\"utf-8\"><\/script>\n<\/div><\/figure>\n\n\n\n<p>En un&nbsp;<a href=\"https:\/\/www.ventevenezuela.org\/2023\/01\/22\/fallece-don-henrique-machado-zuloaga\/\" target=\"_blank\" rel=\"noreferrer noopener\">comunicado<\/a>, la organizaci\u00f3n describi\u00f3 a Machado Zuloaga como un hombre \u201clleno de principios\u201d y apegado a sus valores. Y pese a que era un hombre de pocas palabras, \u201ccuando dec\u00eda algo, lo dec\u00eda\u201d.<\/p>\n\n\n\n<p>\u201cSus hijas lo describen como el hombre m\u00e1s positivo que conoc\u00edan, un gran ejemplo a seguir\u201d, continu\u00f3 Vente Venezuela.<\/p>\n\n\n\n<p>El partido de Mar\u00eda Corina apunt\u00f3 que Henrique Machado Zuloaga era un gran venezolano, un maravilloso esposo, un padre cari\u00f1oso y un abuelo joven que amaba a sus nietos.<\/p>\n\n\n\n<p>\u201cSe va un legado de un pa\u00eds trabajador, decente, repleto de valores que nunca dud\u00f3 que Venezuela ser\u00e1 un pa\u00eds mejor muy pronto\u201d, coment\u00f3 la agrupaci\u00f3n.<\/p>\n\n\n\n<p>Diversas organizaciones y personalidades de la pol\u00edtica venezolana expresaron su pesar por el fallecimiento de Don Machado Zuloaga y extendieron sus condolencias a la dirigente opositora.<\/p>\n\n\n\n<figure class=\"wp-block-embed is-type-rich is-provider-twitter wp-block-embed-twitter\"><div class=\"wp-block-embed__wrapper\">\n<blockquote class=\"twitter-tweet\" data-width=\"500\" data-dnt=\"true\"><p lang=\"es\" dir=\"ltr\">Recibimos la lamentable noticia del fallecimiento del Sr.Henrique Machado Zuloaga, padre de <a href=\"https:\/\/twitter.com\/MariaCorinaYA?ref_src=twsrc%5Etfw\">@MariaCorinaYA<\/a> a quien acompa\u00f1amos en este duro d\u00eda<br><br>Nuestra sentida palabra de aliento y condolencias a su esposa, hijas y familiares<br><br>Que descanse en paz y brille para \u00e9l la luz perpetua<\/p>&mdash; Henrique Capriles R. (@hcapriles) <a href=\"https:\/\/twitter.com\/hcapriles\/status\/1617197042727632899?ref_src=twsrc%5Etfw\">January 22, 2023<\/a><\/blockquote><script async src=\"https:\/\/platform.twitter.com\/widgets.js\" charset=\"utf-8\"><\/script>\n<\/div><\/figure>\n\n\n\n<p><\/p>\n\n\n\n<figure class=\"wp-block-embed is-type-rich is-provider-twitter wp-block-embed-twitter\"><div class=\"wp-block-embed__wrapper\">\n<blockquote class=\"twitter-tweet\" data-width=\"500\" data-dnt=\"true\"><p lang=\"es\" dir=\"ltr\">Desde la direcci\u00f3n nacional de La Causa \u042f le expresamos a Mar\u00eda Corina Machado <a href=\"https:\/\/twitter.com\/MariaCorinaYA?ref_src=twsrc%5Etfw\">@MariaCorinaYA<\/a> nuestro m\u00e1s sentido p\u00e9same por el fallecimiento de su padre Henrique Machado Zuloaga (QEPD). Sentimientos de solidaridad que hacemos extensivos a familiares y amigos. <a href=\"https:\/\/t.co\/YAvIqcCN6s\">pic.twitter.com\/YAvIqcCN6s<\/a><\/p>&mdash; La Causa \u042f (@LaCausaRVe) <a href=\"https:\/\/twitter.com\/LaCausaRVe\/status\/1617217660621656067?ref_src=twsrc%5Etfw\">January 22, 2023<\/a><\/blockquote><script async src=\"https:\/\/platform.twitter.com\/widgets.js\" charset=\"utf-8\"><\/script>\n<\/div><\/figure>\n\n\n\n<p><\/p>\n\n\n\n<figure class=\"wp-block-embed is-type-rich is-provider-twitter wp-block-embed-twitter\"><div class=\"wp-block-embed__wrapper\">\n<blockquote class=\"twitter-tweet\" data-width=\"500\" data-dnt=\"true\"><p lang=\"es\" dir=\"ltr\">Se ha ido un venezolano ejemplar. Quienes tuvimos el honor de conocer a Don Henrique, nos quedamos con una de las lecciones m\u00e1s especiales de todas: amor a Venezuela, por encima de todo.<br><br>Mi abrazo a <a href=\"https:\/\/twitter.com\/MariaCorinaYA?ref_src=twsrc%5Etfw\">@MariaCorinaYA<\/a> y a toda su familia en esta hora aciaga. Que descanse en paz. <a href=\"https:\/\/t.co\/alnhYdxgYn\">https:\/\/t.co\/alnhYdxgYn<\/a><\/p>&mdash; Pedro Urruchurtu Noselli (@Urruchurtu) <a href=\"https:\/\/twitter.com\/Urruchurtu\/status\/1617213043049627648?ref_src=twsrc%5Etfw\">January 22, 2023<\/a><\/blockquote><script async src=\"https:\/\/platform.twitter.com\/widgets.js\" charset=\"utf-8\"><\/script>\n<\/div><\/figure>\n\n\n\n<p><\/p>\n\n\n\n<figure class=\"wp-block-embed is-type-rich is-provider-twitter wp-block-embed-twitter\"><div class=\"wp-block-embed__wrapper\">\n<blockquote class=\"twitter-tweet\" data-width=\"500\" data-dnt=\"true\"><p lang=\"es\" dir=\"ltr\">Hace unas horas, falleci\u00f3 Henrique Machado Zuloaga. Notable empresario venezolano. Padre de Maria Corina Machado.<br><br>A ella, a sus dem\u00e1s hijos y familiares mis palabras de condolencias.<\/p>&mdash; Luis Olavarrieta (@LuisOlavarrieta) <a href=\"https:\/\/twitter.com\/LuisOlavarrieta\/status\/1617191782277685250?ref_src=twsrc%5Etfw\">January 22, 2023<\/a><\/blockquote><script async src=\"https:\/\/platform.twitter.com\/widgets.js\" charset=\"utf-8\"><\/script>\n<\/div><\/figure>\n\n\n\n<figure class=\"wp-block-embed is-type-rich is-provider-twitter wp-block-embed-twitter\"><div class=\"wp-block-embed__wrapper\">\n<blockquote class=\"twitter-tweet\" data-width=\"500\" data-dnt=\"true\"><p lang=\"es\" dir=\"ltr\">Expresamos nuestras sentidas condolencias a la familia Machado Parisca por la partida del Sr. Henrique Machado Zuloaga. A su esposa Sra.Corina, a sus hijas: Ana Teresa, Mariana, @Mar\u00eda Corina Machado (<a href=\"https:\/\/twitter.com\/MariaCorinaYA?ref_src=twsrc%5Etfw\">@MariaCorinaYA<\/a>) y Clarisa, a sus nietos, nuestro acompa\u00f1amiento. Paz a su alma.<\/p>&mdash; Orlando Viera-Blanco (@ovierablanco) <a href=\"https:\/\/twitter.com\/ovierablanco\/status\/1617207054032142336?ref_src=twsrc%5Etfw\">January 22, 2023<\/a><\/blockquote><script async src=\"https:\/\/platform.twitter.com\/widgets.js\" charset=\"utf-8\"><\/script>\n<\/div><\/figure>\n\n\n\n<p class=\"has-text-align-right\"><strong><em>ElNacional.-<\/em><\/strong><\/p>\n","protected":false},"excerpt":{"rendered":"<p>En un comunicado, el partido pol\u00edtico Vente Venezuela lo describi\u00f3 como un hombre \u201clleno de principios\u201d y apegado a sus valores<\/p>\n","protected":false},"author":3,"featured_media":29965,"comment_status":"open","ping_status":"closed","sticky":false,"template":"","format":"standard","meta":{"jnews-multi-image_gallery":[],"jnews_single_post":{"subtitle":"","format":"standard","video":"","gallery":"","source_name":"","source_url":"","via_name":"","via_url":"","override_template":"0","override":[{"template":"4","single_blog_custom":"","parallax":"1","fullscreen":"1","layout":"right-sidebar","sidebar":"default-sidebar","second_sidebar":"default-sidebar","sticky_sidebar":"1","share_position":"top","share_float_style":"share-monocrhome","show_share_counter":"1","show_view_counter":"1","show_featured":"1","show_post_meta":"1","show_post_author":"1","show_post_author_image":"1","show_post_date":"1","post_date_format":"default","post_date_format_custom":"Y\/m\/d","show_post_category":"1","show_post_reading_time":"1","post_reading_time_wpm":"300","show_zoom_button":"1","zoom_button_out_step":"2","zoom_button_in_step":"3","show_post_tag":"1","show_prev_next_post":"1","show_popup_post":"1","number_popup_post":"1","show_author_box":"1","show_post_related":"1","show_inline_post_related":"0"}],"override_image_size":"0","image_override":[{"single_post_thumbnail_size":"crop-500","single_post_gallery_size":"crop-500"}],"trending_post":"0","trending_post_position":"meta","trending_post_label":"Trending","sponsored_post":"0","sponsored_post_label":"Sponsored by","sponsored_post_name":"","sponsored_post_url":"","sponsored_post_logo_enable":"0","sponsored_post_logo":"","sponsored_post_desc":"","disable_ad":"0"},"jnews_primary_category":{"id":"","hide":""},"jnews_social_meta":{"fb_title":"","fb_description":"","fb_image":"","twitter_title":"","twitter_description":"","twitter_image":""},"jnews_review":[],"enable_review":"0","type":"percentage","name":"","summary":"","brand":"","sku":"","good":[{"good_text":""}],"bad":[{"bad_text":""}],"score_override":"","override_value":"","rating":[{"rating_text":"","rating_number":"10"}],"price":[{"shop":"","price":"","link":"","icon":""}],"jnews_override_counter":{"override_view_counter":"0","view_counter_number":"0","override_share_counter":"0","share_counter_number":"0","override_like_counter":"0","like_counter_number":"0","override_dislike_counter":"0","dislike_counter_number":"0"},"jnews_post_split":{"enable_post_split":"0","post_split":[{"template":"1","tag":"h2","numbering":"asc","mode":"normal","first":"0","enable_toc":"0","toc_type":"normal"}]},"footnotes":""},"categories":[59,66],"tags":[4522,6535,6534,3265,45,56],"class_list":["post-29964","post","type-post","status-publish","format-standard","has-post-thumbnail","hentry","category-politica","category-venezuela","tag-fallecimiento","tag-fallecio-el-padre-de-maria-corina-machado","tag-henrique-machado-zuloaga","tag-maria-corina-machado-2","tag-noticias","tag-venezuela"],"_links":{"self":[{"href":"https:\/\/esreviral.com\/index.php?rest_route=\/wp\/v2\/posts\/29964","targetHints":{"allow":["GET"]}}],"collection":[{"href":"https:\/\/esreviral.com\/index.php?rest_route=\/wp\/v2\/posts"}],"about":[{"href":"https:\/\/esreviral.com\/index.php?rest_route=\/wp\/v2\/types\/post"}],"author":[{"embeddable":true,"href":"https:\/\/esreviral.com\/index.php?rest_route=\/wp\/v2\/users\/3"}],"replies":[{"embeddable":true,"href":"https:\/\/esreviral.com\/index.php?rest_route=%2Fwp%2Fv2%2Fcomments&post=29964"}],"version-history":[{"count":0,"href":"https:\/\/esreviral.com\/index.php?rest_route=\/wp\/v2\/posts\/29964\/revisions"}],"wp:featuredmedia":[{"embeddable":true,"href":"https:\/\/esreviral.com\/index.php?rest_route=\/wp\/v2\/media\/29965"}],"wp:attachment":[{"href":"https:\/\/esreviral.com\/index.php?rest_route=%2Fwp%2Fv2%2Fmedia&parent=29964"}],"wp:term":[{"taxonomy":"category","embeddable":true,"href":"https:\/\/esreviral.com\/index.php?rest_route=%2Fwp%2Fv2%2Fcategories&post=29964"},{"taxonomy":"post_tag","embeddable":true,"href":"https:\/\/esreviral.com\/index.php?rest_route=%2Fwp%2Fv2%2Ftags&post=29964"}],"curies":[{"name":"wp","href":"https:\/\/api.w.org\/{rel}","templated":true}]}}