{"id":29841,"date":"2023-01-19T07:10:16","date_gmt":"2023-01-19T12:10:16","guid":{"rendered":"https:\/\/esreviral.com\/?p=29841"},"modified":"2023-01-19T07:10:17","modified_gmt":"2023-01-19T12:10:17","slug":"rusia-amenaza-con-desatar-una-guerra-nuclear-si-fracasa-la-invasion-a-ucrania","status":"publish","type":"post","link":"https:\/\/esreviral.com\/?p=29841","title":{"rendered":"Rusia amenaza con desatar una guerra nuclear si fracasa la invasi\u00f3n a Ucrania"},"content":{"rendered":"\n<p><\/p>\n\n\n\n<p>Con una serie de chicanas a los l\u00edderes de Occidente, el vicepresidente del Consejo de Seguridad ruso, el expresidente\u00a0<strong>Dmitri Medv\u00e9dev<\/strong>, advirti\u00f3 este jueves\u00a0 que la derrota de una potencia nuclear como Rusia en una guerra convencional puede provocar\u00a0<strong>el estallido de un conflicto nuclear<\/strong>.\u00a0Lo hizo en medio de cuestionamientos al\u00a0env\u00edo de armamento pesado y sistemas de ataque a Ucrania.<\/p>\n\n\n\n<p>\u00abMa\u00f1ana, en la base Ramstein de la OTAN, los grandes l\u00edderes militares discutir\u00e1n nuevas t\u00e1cticas y estrategias, as\u00ed como el suministro a Ucrania de nuevos armamentos pesados y sistemas de ataque. Y esto ser\u00e1 justo despu\u00e9s del Foro de Davos, donde juerguistas retrasados repitieron como un mantra: para lograr la paz, Rusia debe perder\u00bb, se\u00f1al\u00f3 Medv\u00e9dev en su canal de Telegram.<\/p>\n\n\n\n<p>\u00abY a ninguno de esos miserables se le ocurre sacar de esto la siguiente conclusi\u00f3n elemental: la derrota de una potencia nuclear en una guerra convencional puede provocar<strong>\u00a0el estallido de una guerra nuclear<\/strong>\u00ab, recalc\u00f3.<\/p>\n\n\n\n<figure class=\"wp-block-image size-full\"><img fetchpriority=\"high\" decoding=\"async\" width=\"720\" height=\"480\" src=\"https:\/\/esreviral.com\/wp-content\/uploads\/2023\/01\/AnyConv.com__zIlTaqnIF_720x0__1.webp\" alt=\"\" class=\"wp-image-29842\" srcset=\"https:\/\/esreviral.com\/wp-content\/uploads\/2023\/01\/AnyConv.com__zIlTaqnIF_720x0__1.webp 720w, https:\/\/esreviral.com\/wp-content\/uploads\/2023\/01\/AnyConv.com__zIlTaqnIF_720x0__1-300x200.webp 300w\" sizes=\"(max-width: 720px) 100vw, 720px\" \/><\/figure>\n\n\n\n<p><\/p>\n\n\n\n<p>Medv\u00e9dev sostiene en su en\u00e9sima arremetida contra Occidente, que \u00ablas potencias nucleares<strong>&nbsp;no pierden grandes conflictos<\/strong>&nbsp;de los que depende su destino\u00bb.<\/p>\n\n\n\n<p>\u00abPero esto deber\u00eda ser obvio para cualquiera. Incluso para un pol\u00edtico occidental que haya conservado al menos alg\u00fan rastro de inteligencia\u00bb, insiste con las chicanas.<\/p>\n\n\n\n<p>El expresidente de Rusia hizo estas declaraciones la v\u00edspera de la reuni\u00f3n del Grupo de Contacto para la Defensa de Ucrania en la base a\u00e9rea estadounidense de Ramstein, en Alemania, donde los socios de Kiev prev\u00e9n anunciar una nueva e importante ayuda militar que incluir\u00e1 m\u00e1s armas y munici\u00f3n, adem\u00e1s de veh\u00edculos blindados y, seg\u00fan espera el Gobierno de Volod\u00edmir Zelenski, tanques modernos.<\/p>\n\n\n\n<figure class=\"wp-block-image size-full\"><img decoding=\"async\" width=\"720\" height=\"480\" src=\"https:\/\/esreviral.com\/wp-content\/uploads\/2023\/01\/AnyConv.com__RNkKKy2nS_720x0__1.webp\" alt=\"\" class=\"wp-image-29843\" srcset=\"https:\/\/esreviral.com\/wp-content\/uploads\/2023\/01\/AnyConv.com__RNkKKy2nS_720x0__1.webp 720w, https:\/\/esreviral.com\/wp-content\/uploads\/2023\/01\/AnyConv.com__RNkKKy2nS_720x0__1-300x200.webp 300w\" sizes=\"(max-width: 720px) 100vw, 720px\" \/><\/figure>\n\n\n\n<p><\/p>\n\n\n\n<p>Los dichos&nbsp;tienen lugar despu\u00e9s de que el presidente ucraniano, Volodimir Zelenski, criticara las dudas de Berl\u00edn para suministrar tanques a su pa\u00eds, la v\u00edspera de una reuni\u00f3n clave de sus aliados en Alemania para coordinar la ayuda militar a Kiev.<\/p>\n\n\n\n<p>Desde el inicio del conflicto, los pa\u00edses occidentales se han negado a entregar misiles de largo alcance a Kiev, por temor a que se desencadene una escalada.<\/p>\n\n\n\n<p>Rusia ha acusado al ej\u00e9rcito ucraniano de haber realizado ataques con drones en la pen\u00ednsula anexionada de Crimea y contra objetivos en Rusia, a cientos de kil\u00f3metros de la frontera ucraniana.<\/p>\n\n\n\n<p class=\"has-text-align-right\"><strong><em>Clarin.-<\/em><\/strong><\/p>\n","protected":false},"excerpt":{"rendered":"<p>El expresidente Dmitri Medv\u00e9dev, actual vice del Consejo de Seguridad ruso, advirti\u00f3 por la escalada del conflicto en respuesta al apoyo de Occidente a Kiev.<\/p>\n","protected":false},"author":3,"featured_media":29844,"comment_status":"open","ping_status":"closed","sticky":false,"template":"","format":"standard","meta":{"jnews-multi-image_gallery":[],"jnews_single_post":{"subtitle":"","format":"standard","video":"","gallery":"","source_name":"","source_url":"","via_name":"","via_url":"","override_template":"0","override":[{"template":"4","single_blog_custom":"","parallax":"1","fullscreen":"1","layout":"right-sidebar","sidebar":"default-sidebar","second_sidebar":"default-sidebar","sticky_sidebar":"1","share_position":"top","share_float_style":"share-monocrhome","show_share_counter":"1","show_view_counter":"1","show_featured":"1","show_post_meta":"1","show_post_author":"1","show_post_author_image":"1","show_post_date":"1","post_date_format":"default","post_date_format_custom":"Y\/m\/d","show_post_category":"1","show_post_reading_time":"1","post_reading_time_wpm":"300","show_zoom_button":"1","zoom_button_out_step":"2","zoom_button_in_step":"3","show_post_tag":"1","show_prev_next_post":"1","show_popup_post":"1","number_popup_post":"1","show_author_box":"1","show_post_related":"1","show_inline_post_related":"0"}],"override_image_size":"0","image_override":[{"single_post_thumbnail_size":"crop-500","single_post_gallery_size":"crop-500"}],"trending_post":"0","trending_post_position":"meta","trending_post_label":"Trending","sponsored_post":"0","sponsored_post_label":"Sponsored by","sponsored_post_name":"","sponsored_post_url":"","sponsored_post_logo_enable":"0","sponsored_post_logo":"","sponsored_post_desc":"","disable_ad":"0"},"jnews_primary_category":{"id":"","hide":""},"jnews_social_meta":{"fb_title":"","fb_description":"","fb_image":"","twitter_title":"","twitter_description":"","twitter_image":""},"jnews_review":[],"enable_review":"0","type":"percentage","name":"","summary":"","brand":"","sku":"","good":[{"good_text":""}],"bad":[{"bad_text":""}],"score_override":"","override_value":"","rating":[{"rating_text":"","rating_number":"10"}],"price":[{"shop":"","price":"","link":"","icon":""}],"jnews_override_counter":{"override_view_counter":"0","view_counter_number":"0","override_share_counter":"0","share_counter_number":"0","override_like_counter":"0","like_counter_number":"0","override_dislike_counter":"0","dislike_counter_number":"0"},"jnews_post_split":{"enable_post_split":"0","post_split":[{"template":"1","tag":"h2","numbering":"asc","mode":"normal","first":"0","enable_toc":"0","toc_type":"normal"}]},"footnotes":""},"categories":[88],"tags":[6478,6476,1980,6477,45,235],"class_list":["post-29841","post","type-post","status-publish","format-standard","has-post-thumbnail","hentry","category-internacionales","tag-dmitri-medvedev","tag-guerra-nuclear","tag-guerra-rusia-ucrania","tag-invasion-a-ucrania","tag-noticias","tag-rusia"],"amp_enabled":true,"_links":{"self":[{"href":"https:\/\/esreviral.com\/index.php?rest_route=\/wp\/v2\/posts\/29841"}],"collection":[{"href":"https:\/\/esreviral.com\/index.php?rest_route=\/wp\/v2\/posts"}],"about":[{"href":"https:\/\/esreviral.com\/index.php?rest_route=\/wp\/v2\/types\/post"}],"author":[{"embeddable":true,"href":"https:\/\/esreviral.com\/index.php?rest_route=\/wp\/v2\/users\/3"}],"replies":[{"embeddable":true,"href":"https:\/\/esreviral.com\/index.php?rest_route=%2Fwp%2Fv2%2Fcomments&post=29841"}],"version-history":[{"count":0,"href":"https:\/\/esreviral.com\/index.php?rest_route=\/wp\/v2\/posts\/29841\/revisions"}],"wp:featuredmedia":[{"embeddable":true,"href":"https:\/\/esreviral.com\/index.php?rest_route=\/wp\/v2\/media\/29844"}],"wp:attachment":[{"href":"https:\/\/esreviral.com\/index.php?rest_route=%2Fwp%2Fv2%2Fmedia&parent=29841"}],"wp:term":[{"taxonomy":"category","embeddable":true,"href":"https:\/\/esreviral.com\/index.php?rest_route=%2Fwp%2Fv2%2Fcategories&post=29841"},{"taxonomy":"post_tag","embeddable":true,"href":"https:\/\/esreviral.com\/index.php?rest_route=%2Fwp%2Fv2%2Ftags&post=29841"}],"curies":[{"name":"wp","href":"https:\/\/api.w.org\/{rel}","templated":true}]}}