{"id":29838,"date":"2023-01-19T06:56:51","date_gmt":"2023-01-19T11:56:51","guid":{"rendered":"https:\/\/esreviral.com\/?p=29838"},"modified":"2023-01-19T06:56:52","modified_gmt":"2023-01-19T11:56:52","slug":"venezuela-detuvo-a-siete-personas-por-abuso-sexual-en-lo-que-va-de-2023","status":"publish","type":"post","link":"https:\/\/esreviral.com\/?p=29838","title":{"rendered":"Venezuela detuvo a siete personas por abuso sexual en lo que va de 2023"},"content":{"rendered":"\n<p><\/p>\n\n\n\n<p>En los primeros 18 d\u00edas del a\u00f1o detuvieron al menos 7 personas en Venezuela por abuso sexual. Seg\u00fan el historial de casos del\u00a0Ministerio P\u00fablico\u00a0(MP), la captura m\u00e1s reciente, es contra un hombre de 34 a\u00f1os de edad, acusado de abusar de una adolescente de 13.<\/p>\n\n\n\n<p>El pasado 6 de enero, la madre de la v\u00edctima denunci\u00f3 al agresor, quien tambi\u00e9n era su pareja, ante la Polic\u00eda Nacional Bolivariana (PNB). La noche anterior la adolescente revel\u00f3 que el sujeto \u00able hab\u00eda hecho propuestas obscenas y le mostr\u00f3 contenido obsceno\u00bb en su celular. As\u00ed lo rese\u00f1a una nota de prensa del\u00a0MP, que lo acusa de abuso sexual sin penetraci\u00f3n.<\/p>\n\n\n\n<p>De las 7 personas, 6 son hombres y la s\u00e9ptima una adolescente de 14 a\u00f1os. Esta \u00faltima llev\u00f3 a 3 ni\u00f1as de 8, 10 y 11 a\u00f1os a su vivienda, donde un sujeto de 62 a\u00f1os, presuntamente, abus\u00f3 de ellas. Luego las amenaz\u00f3 para que guardaran silencio, seg\u00fan la Fiscal\u00eda.<\/p>\n\n\n\n<p>Adem\u00e1s, en estos casos de 8 v\u00edctimas computadas en total, 7 son menores de edad y la otra una mujer de 79 a\u00f1os, quien fue abusada por su vecino de 58 a\u00f1os el pasado 1 de enero en una zona cercana a Caracas.<\/p>\n\n\n\n<p>Por otra parte, en lo que va de 2023 la Fiscal\u00eda cuenta 5 condenas por este delito. La m\u00e1s reciente fue el martes, cuando el tribunal sentenci\u00f3 a un hombre a 11 a\u00f1os y medio de prisi\u00f3n por abusar sexualmente de su hijastra de 12 a\u00f1os en su vivienda, en el estado Trujillo.<\/p>\n\n\n\n<p class=\"has-text-align-right\"><strong><em>ElNacional.-<\/em><\/strong><\/p>\n","protected":false},"excerpt":{"rendered":"<p>La captura m\u00e1s reciente, es contra un hombre de 34 a\u00f1os de edad, acusado de abusar a una adolescente de 13<\/p>\n","protected":false},"author":3,"featured_media":29839,"comment_status":"open","ping_status":"closed","sticky":false,"template":"","format":"standard","meta":{"jnews-multi-image_gallery":[],"jnews_single_post":{"subtitle":"","format":"standard","video":"","gallery":"","source_name":"","source_url":"","via_name":"","via_url":"","override_template":"0","override":[{"template":"4","single_blog_custom":"","parallax":"1","fullscreen":"1","layout":"right-sidebar","sidebar":"default-sidebar","second_sidebar":"default-sidebar","sticky_sidebar":"1","share_position":"top","share_float_style":"share-monocrhome","show_share_counter":"1","show_view_counter":"1","show_featured":"1","show_post_meta":"1","show_post_author":"1","show_post_author_image":"1","show_post_date":"1","post_date_format":"default","post_date_format_custom":"Y\/m\/d","show_post_category":"1","show_post_reading_time":"1","post_reading_time_wpm":"300","show_zoom_button":"1","zoom_button_out_step":"2","zoom_button_in_step":"3","show_post_tag":"1","show_prev_next_post":"1","show_popup_post":"1","number_popup_post":"1","show_author_box":"1","show_post_related":"1","show_inline_post_related":"0"}],"override_image_size":"0","image_override":[{"single_post_thumbnail_size":"crop-500","single_post_gallery_size":"crop-500"}],"trending_post":"0","trending_post_position":"meta","trending_post_label":"Trending","sponsored_post":"0","sponsored_post_label":"Sponsored by","sponsored_post_name":"","sponsored_post_url":"","sponsored_post_logo_enable":"0","sponsored_post_logo":"","sponsored_post_desc":"","disable_ad":"0"},"jnews_primary_category":{"id":"","hide":""},"jnews_social_meta":{"fb_title":"","fb_description":"","fb_image":"","twitter_title":"","twitter_description":"","twitter_image":""},"jnews_review":[],"enable_review":"0","type":"percentage","name":"","summary":"","brand":"","sku":"","good":[{"good_text":""}],"bad":[{"bad_text":""}],"score_override":"","override_value":"","rating":[{"rating_text":"","rating_number":"10"}],"price":[{"shop":"","price":"","link":"","icon":""}],"jnews_override_counter":{"override_view_counter":"0","view_counter_number":"0","override_share_counter":"0","share_counter_number":"0","override_like_counter":"0","like_counter_number":"0","override_dislike_counter":"0","dislike_counter_number":"0"},"jnews_post_split":{"enable_post_split":"0","post_split":[{"template":"1","tag":"h2","numbering":"asc","mode":"normal","first":"0","enable_toc":"0","toc_type":"normal"}]},"footnotes":""},"categories":[64,66],"tags":[398,6475,2364,182,45,56,6474],"class_list":["post-29838","post","type-post","status-publish","format-standard","has-post-thumbnail","hentry","category-sucesos","category-venezuela","tag-abuso-sexual","tag-abuso-sexual-sin-penetracion","tag-menores-de-edad","tag-ministerio-publico","tag-noticias","tag-venezuela","tag-victimas-de-abuso-sexual"],"amp_enabled":true,"_links":{"self":[{"href":"https:\/\/esreviral.com\/index.php?rest_route=\/wp\/v2\/posts\/29838"}],"collection":[{"href":"https:\/\/esreviral.com\/index.php?rest_route=\/wp\/v2\/posts"}],"about":[{"href":"https:\/\/esreviral.com\/index.php?rest_route=\/wp\/v2\/types\/post"}],"author":[{"embeddable":true,"href":"https:\/\/esreviral.com\/index.php?rest_route=\/wp\/v2\/users\/3"}],"replies":[{"embeddable":true,"href":"https:\/\/esreviral.com\/index.php?rest_route=%2Fwp%2Fv2%2Fcomments&post=29838"}],"version-history":[{"count":0,"href":"https:\/\/esreviral.com\/index.php?rest_route=\/wp\/v2\/posts\/29838\/revisions"}],"wp:featuredmedia":[{"embeddable":true,"href":"https:\/\/esreviral.com\/index.php?rest_route=\/wp\/v2\/media\/29839"}],"wp:attachment":[{"href":"https:\/\/esreviral.com\/index.php?rest_route=%2Fwp%2Fv2%2Fmedia&parent=29838"}],"wp:term":[{"taxonomy":"category","embeddable":true,"href":"https:\/\/esreviral.com\/index.php?rest_route=%2Fwp%2Fv2%2Fcategories&post=29838"},{"taxonomy":"post_tag","embeddable":true,"href":"https:\/\/esreviral.com\/index.php?rest_route=%2Fwp%2Fv2%2Ftags&post=29838"}],"curies":[{"name":"wp","href":"https:\/\/api.w.org\/{rel}","templated":true}]}}